{"id":516932,"date":"2026-06-25T21:44:13","date_gmt":"2026-06-25T21:44:13","guid":{"rendered":"https:\/\/www.europesays.com\/pl\/516932\/"},"modified":"2026-06-25T21:44:13","modified_gmt":"2026-06-25T21:44:13","slug":"world-climbing-series-krakow-2026","status":"publish","type":"post","link":"https:\/\/www.europesays.com\/pl\/516932\/","title":{"rendered":"World Climbing Series | Krak\u00f3w 2026"},"content":{"rendered":"<p>W dniach 3-5 lipca 2026 roku na krakowskim Rynku G\u0142\u00f3wnym zostan\u0105 rozegrane zawody World Climbing Series w konkurencji na czas. To wyj\u0105tkowe wydarzenie. Zobaczymy \u015bwiatow\u0105 czo\u0142\u00f3wk\u0119\u00a0w tej dyscyplinie, na czele z Aleksandr\u0105 Miros\u0142aw. \u0141\u0105cznie zarejestrowa\u0142o si\u0119 148 zawodnik\u00f3w i zawodniczek (83 m\u0119\u017cczyzn + 65 kobiet) z 32 kraj\u00f3w. Po raz pierwszy w historii w zawodach rangi pucharu \u015bwiata rywalizacja b\u0119dzie prowadzona na czterech torach.<\/p>\n","protected":false},"excerpt":{"rendered":"W dniach 3-5 lipca 2026 roku na krakowskim Rynku G\u0142\u00f3wnym zostan\u0105 rozegrane zawody World Climbing Series w konkurencji&hellip;\n","protected":false},"author":2,"featured_media":516933,"comment_status":"","ping_status":"","sticky":false,"template":"","format":"standard","meta":{"footnotes":"","_share_on_mastodon":"0"},"categories":[51606],"tags":[7204,3760,8119,1304,42,38,40,39,41,8117,8118,5047],"class_list":["post-516932","post","type-post","status-publish","format-standard","has-post-thumbnail","category-krakow","tag-alpinizm","tag-gory","tag-himalaizm","tag-krakow","tag-pl","tag-poland","tag-polish","tag-polska","tag-polski","tag-skialpinizm","tag-taternictwo","tag-wspinaczka"],"share_on_mastodon":{"url":"https:\/\/pubeurope.com\/@pl\/116812937976688347","error":""},"_links":{"self":[{"href":"https:\/\/www.europesays.com\/pl\/wp-json\/wp\/v2\/posts\/516932","targetHints":{"allow":["GET"]}}],"collection":[{"href":"https:\/\/www.europesays.com\/pl\/wp-json\/wp\/v2\/posts"}],"about":[{"href":"https:\/\/www.europesays.com\/pl\/wp-json\/wp\/v2\/types\/post"}],"author":[{"embeddable":true,"href":"https:\/\/www.europesays.com\/pl\/wp-json\/wp\/v2\/users\/2"}],"replies":[{"embeddable":true,"href":"https:\/\/www.europesays.com\/pl\/wp-json\/wp\/v2\/comments?post=516932"}],"version-history":[{"count":0,"href":"https:\/\/www.europesays.com\/pl\/wp-json\/wp\/v2\/posts\/516932\/revisions"}],"wp:featuredmedia":[{"embeddable":true,"href":"https:\/\/www.europesays.com\/pl\/wp-json\/wp\/v2\/media\/516933"}],"wp:attachment":[{"href":"https:\/\/www.europesays.com\/pl\/wp-json\/wp\/v2\/media?parent=516932"}],"wp:term":[{"taxonomy":"category","embeddable":true,"href":"https:\/\/www.europesays.com\/pl\/wp-json\/wp\/v2\/categories?post=516932"},{"taxonomy":"post_tag","embeddable":true,"href":"https:\/\/www.europesays.com\/pl\/wp-json\/wp\/v2\/tags?post=516932"}],"curies":[{"name":"wp","href":"https:\/\/api.w.org\/{rel}","templated":true}]}}