{"id":517040,"date":"2026-06-25T22:54:12","date_gmt":"2026-06-25T22:54:12","guid":{"rendered":"https:\/\/www.europesays.com\/pl\/517040\/"},"modified":"2026-06-25T22:54:12","modified_gmt":"2026-06-25T22:54:12","slug":"wielka-kontrowersja-w-meczu-niemcow-na-ms-2026-var-nawet-nie-interweniowal","status":"publish","type":"post","link":"https:\/\/www.europesays.com\/pl\/517040\/","title":{"rendered":"Wielka kontrowersja w meczu Niemc\u00f3w na M\u015a 2026. VAR nawet nie interweniowa\u0142"},"content":{"rendered":"<p>Do spornej sytuacji dosz\u0142o ju\u017c po zaledwie p\u00f3\u0142torej minuty gry. Aleksandar Pavlovi\u0107 pr\u00f3bowa\u0142 opanowa\u0107 pi\u0142k\u0119 po wrzucie z autu, unosz\u0105c nog\u0119 bardzo wysoko w pobli\u017cu g\u0142owy Pedro Vite.<\/p>\n<p> Dalszy ci\u0105g artyku\u0142u pod materia\u0142em wideo <\/p>\n<p>Ekwadorczyk upad\u0142 na muraw\u0119, sygnalizuj\u0105c kontakt ze strony niemieckiego pomocnika. S\u0119dzia Tori Penso nie przerwa\u0142a jednak gry, a Niemcy b\u0142yskawicznie wykorzystali sytuacj\u0119. Pavlovi\u0107 zagra\u0142 do Floriana Wirtza, ten obs\u0142u\u017cy\u0142 Leroya San\u00e9, a skrzyd\u0142owy pokona\u0142 bramkarza rywali.<\/p>\n<p>Decyzja o uznaniu gola wywo\u0142a\u0142a natychmiastowe protesty zawodnik\u00f3w Ekwadoru. Od razu zawrza\u0142o w \u015bwiarowych mediach. Argenty\u0144ska telewizja TyC Sports oraz peruwia\u0144ski dziennik &#8222;El Comercio&#8221; zastanawia\u0142y si\u0119, czy akcja nie powinna zosta\u0107 przerwana z powodu faulu. Francuskie &#8222;L\u2019Equipe&#8221; okre\u015bli\u0142o trafienie Niemc\u00f3w mianem &#8222;kontrowersyjnego&#8221;.<\/p>\n<p>Krytycznych g\u0142os\u00f3w nie brakowa\u0142o tak\u017ce w Niemczech. Ekspert s\u0119dziowski stacji ARD, Lutz Wagner, przyzna\u0142, \u017ce by\u0142 zaskoczony brakiem reakcji systemu VAR.<\/p>\n<p>\u2014 Pavlovi\u0107 gra nog\u0105 w strefie, gdzie zazwyczaj gra si\u0119 g\u0142ow\u0105. Dochodzi nawet do kontaktu. Bardzo mnie dziwi, \u017ce nie zareagowa\u0142 na to VAR. Dobre wie\u015bci dla Niemiec, korzystne dla nas. Jednak nie mogliby\u015bmy mie\u0107 pretensji, gdyby ta bramka zosta\u0142a cofni\u0119ta \u2014 oceni\u0142 Wagner.<\/p>\n<p>          <img class=\"ods-a-photo ods-a-photo--background\" src=\"https:\/\/www.europesays.com\/pl\/wp-content\/uploads\/2026\/06\/67Zk9lBaHR0cHM6Ly9vY2RuLmV1L3B1bHNjbXMvTURBXy8zZDllODMxMjRmYWJmYTFmN2FmMmE5ZGVjMjYyNGQ0MC5qcGeRkwXNB.jpeg\" height=\"530\" width=\"940\" alt=\"Sporna sytuacja z innego uj\u0119cia\" loading=\"lazy\" fetchpriority=\"auto\" decoding=\"auto\"\/>    <\/p>\n<p>Patrick Smith \/ Staff \/ Getty Images<\/p>\n<p>  Sporna sytuacja z innego uj\u0119cia  <\/p>\n<p>   Marcin Borski: najgorszy b\u0142\u0105d M\u015a<\/p>\n<p>Jeszcze ostrzej sytuacj\u0119 skomentowa\u0142 by\u0142y mi\u0119dzynarodowy s\u0119dzia Marcin Borski. &#8222;Najgorszy b\u0142\u0105d M\u015a. Og\u00f3lnie 3. kolejka jest s\u0119dziowana s\u0142abo. Wygl\u0105da na to, \u017ce jednak s\u0119dziowie nie zrozumieli nowej filozofii Komisji S\u0119dziowskiej FIFA i powoli trac\u0105 panowanie nad wydarzeniami&#8221; \u2014 napisa\u0142 Borski.<\/p>\n<p>Zdaniem wielu obserwator\u00f3w Pavlovi\u0107 nie tylko zagra\u0142 niebezpiecznie wysoko uniesion\u0105 nog\u0105, ale mia\u0142 r\u00f3wnie\u017c zahaczy\u0107 stop\u0105 o twarz Pedro Vite. Mimo to arbiter nie dopatrzy\u0142a si\u0119 przewinienia, a VAR nie zaleci\u0142 nawet analizy sytuacji przy monitorze.<\/p>\n<p>Ekwador szybko wyr\u00f3wna\u0142, w 8. minucie Nilson Angulo trafi\u0142 do siatki na 1:1. Niesmak po decyzji s\u0119dziowskiej jednak pozosta\u0142.<\/p>\n","protected":false},"excerpt":{"rendered":"Do spornej sytuacji dosz\u0142o ju\u017c po zaledwie p\u00f3\u0142torej minuty gry. Aleksandar Pavlovi\u0107 pr\u00f3bowa\u0142 opanowa\u0107 pi\u0142k\u0119 po wrzucie z&hellip;\n","protected":false},"author":2,"featured_media":517041,"comment_status":"","ping_status":"","sticky":false,"template":"","format":"standard","meta":{"footnotes":"","_share_on_mastodon":"0"},"categories":[5],"tags":[61195,32,33,2799,36,37,27,34,35,100784,7409,28,31,48,25,295,46,948,42,38,40,39,41,47,29,30,3180,26],"class_list":["post-517040","post","type-post","status-publish","format-standard","has-post-thumbnail","category-naglowki","tag-bottomfeed_styl","tag-breaking-news","tag-breakingnews","tag-ekwador","tag-featured-news","tag-featurednews","tag-headlines","tag-latest-news","tag-latestnews","tag-marcin_borski","tag-mistrzostwa_swiata_2026","tag-naglowki","tag-najwazniejsze-artykuly","tag-nat_styl","tag-news","tag-niemcy","tag-omp","tag-pilka_nozna","tag-pl","tag-poland","tag-polish","tag-polska","tag-polski","tag-screening_general","tag-top-stories","tag-topstories","tag-var","tag-wiadomosci"],"share_on_mastodon":{"url":"https:\/\/pubeurope.com\/@pl\/116813213004505793","error":""},"_links":{"self":[{"href":"https:\/\/www.europesays.com\/pl\/wp-json\/wp\/v2\/posts\/517040","targetHints":{"allow":["GET"]}}],"collection":[{"href":"https:\/\/www.europesays.com\/pl\/wp-json\/wp\/v2\/posts"}],"about":[{"href":"https:\/\/www.europesays.com\/pl\/wp-json\/wp\/v2\/types\/post"}],"author":[{"embeddable":true,"href":"https:\/\/www.europesays.com\/pl\/wp-json\/wp\/v2\/users\/2"}],"replies":[{"embeddable":true,"href":"https:\/\/www.europesays.com\/pl\/wp-json\/wp\/v2\/comments?post=517040"}],"version-history":[{"count":0,"href":"https:\/\/www.europesays.com\/pl\/wp-json\/wp\/v2\/posts\/517040\/revisions"}],"wp:featuredmedia":[{"embeddable":true,"href":"https:\/\/www.europesays.com\/pl\/wp-json\/wp\/v2\/media\/517041"}],"wp:attachment":[{"href":"https:\/\/www.europesays.com\/pl\/wp-json\/wp\/v2\/media?parent=517040"}],"wp:term":[{"taxonomy":"category","embeddable":true,"href":"https:\/\/www.europesays.com\/pl\/wp-json\/wp\/v2\/categories?post=517040"},{"taxonomy":"post_tag","embeddable":true,"href":"https:\/\/www.europesays.com\/pl\/wp-json\/wp\/v2\/tags?post=517040"}],"curies":[{"name":"wp","href":"https:\/\/api.w.org\/{rel}","templated":true}]}}