{"id":517083,"date":"2026-06-25T23:20:13","date_gmt":"2026-06-25T23:20:13","guid":{"rendered":"https:\/\/www.europesays.com\/pl\/517083\/"},"modified":"2026-06-25T23:20:13","modified_gmt":"2026-06-25T23:20:13","slug":"co-ma-piernik-do-wiatraka-mer-lwowa-sadowy-skomentowal-wpis-msz","status":"publish","type":"post","link":"https:\/\/www.europesays.com\/pl\/517083\/","title":{"rendered":"&#8222;Co ma piernik do wiatraka?&#8221;. Mer Lwowa Sadowy skomentowa\u0142 wpis MSZ"},"content":{"rendered":"\n<p>&#13;<br \/>\nW czwartek (25 czerwca) w\u00a0Gda\u0144sku rozpocz\u0119\u0142a si\u0119 dwudniowa Konferencja na\u00a0rzecz Odbudowy Ukrainy (URC 2026) z\u00a0udzia\u0142em m.in. premiera Donalda Tuska i\u00a0premier Ukrainy Julii Swyrydenko. Jaros\u0142aw Kaczy\u0144ski by\u0142 pytany podczas spotkania z\u00a0dziennikarzami w\u00a0siedzibie partii, czy\u00a0PiS trzyma kciuki za\u00a0konferencj\u0119 w\u00a0Gda\u0144sku i\u00a0za polskie firmy, kt\u00f3re maj\u0105 podpisywa\u0107 kontrakty na\u00a0odbudow\u0119 Ukrainy. \u2013\u00a0Na\u00a0tej konferencji jest mer Lwowa (Andrij Sadowy \u2013\u00a0red.) \u2013\u00a0ju\u017c niezale\u017cnie od\u00a0tego, \u017ce\u00a0banderowiec oczywisty, to\u00a0jeszcze do\u00a0tego cz\u0142owiek, kt\u00f3ry <a href=\"https:\/\/dorzeczy.pl\/opinie\/906022\/usiadek-ostro-o-merze-lwowa-oszukal-firme-przyjechal-do-gdanska.html\" rel=\"nofollow noopener\" target=\"_blank\">nie p\u0142aci polskiej firmie za\u00a0wykonan\u0105 ju\u017c prac\u0119<\/a>. Sama jego obecno\u015b\u0107 jest wi\u0119c demonstracj\u0105 ze\u00a0strony Ukrainy, jak to\u00a0ma z\u00a0Polsk\u0105 wygl\u0105da\u0107, i\u00a0tutaj nie\u00a0warto mie\u0107 z\u0142udze\u0144 \u2013\u00a0stwierdzi\u0142 prezes PiS. &#13;\n<\/p>\n<p>Sadowy do\u00a0rzecznika: Co\u00a0ma\u00a0piernik do\u00a0wiatraka?<\/p>\n<p>&#13;<br \/>\nRzecznik MSZ Maciej Wewi\u00f3r odni\u00f3s\u0142 si\u0119 do\u00a0sprawy polskiej firmy, kt\u00f3rej miasto Lw\u00f3w nie\u00a0wyp\u0142aci\u0142o nale\u017cnych pieni\u0119dzy. &#13;\n<\/p>\n<p>&#13;<br \/>\n&#8222;Fakty: Nie, mer Andrij Sadowy nie\u00a0jest go\u015bciem Konferencji na\u00a0rzecz Odbudowy Ukrainy, nie\u00a0zosta\u0142 na\u00a0ni\u0105 zaproszony i\u00a0nie bierze udzia\u0142u w\u00a0URC26. Mer Lwowa zorganizowa\u0142 w\u0142asne, ca\u0142kowicie odr\u0119bne wydarzenie, kt\u00f3re nie\u00a0ma\u00a0nic wsp\u00f3lnego z\u00a0URC26. Pot\u0119piamy dzia\u0142ania w\u0142adz Lwowa wobec polskiej firmy, a\u00a0ignorowanie ustale\u0144 mi\u0119dzynarodowego arbitra\u017cu uznajemy za\u00a0niedopuszczalne&#8221; \u2013\u00a0napisa\u0142 w\u00a0serwisie X. &#13;\n<\/p>\n<p>&#13;<br \/>\nRzecznikowi odpowiedzia\u0142 mer Lwowa: &#8222;Szanowny Panie Rzeczniku, Jest w\u00a0j\u0119zyku polskim powiedzenie, kt\u00f3re bardzo lubi\u0119: 'Co ma\u00a0piernik do\u00a0wiatraka?&#8217;. Zanim zacznie Pan komentowa\u0107 spraw\u0119 polskiej firmy we\u00a0Lwowie, radzi\u0142bym cho\u0107 troch\u0119 zapozna\u0107 si\u0119 z\u00a0jej istot\u0105. A\u00a0na pocz\u0105tek prosz\u0119 uprzejmie udost\u0119pni\u0107 to\u00a0'ustalenie mi\u0119dzynarodowego arbitra\u017cu&#8217;, o\u00a0kt\u00f3rym Pan m\u00f3wi&#8221;. &#13;\n<\/p>\n<p>&#13;<br \/>\nWcze\u015bniej Sadowy, odnosz\u0105c si\u0119 do\u00a0s\u0142\u00f3w prezesa PiS, <a href=\"https:\/\/dorzeczy.pl\/kraj\/906379\/lwow-oszukal-polska-firme-mer-sadowy-chce-pozwac-kaczynskiego.html\" title=\"Sadowy odpowiada Kaczy\u0144skiemu: Najwy\u017cszy czas skierowa\u0107 spraw\u0119 do\u00a0s\u0105du\" rel=\"nofollow noopener\" target=\"_blank\">zapowiedzia\u0142 skierowanie pozwu s\u0105dowego<\/a>. Przekaza\u0142 te\u017c, \u017ce\u00a0przebywa w\u00a0Niemczech, gdzie za\u0142atwia wa\u017cne dla\u00a0swojego miasta sprawy. &#13;\n<\/p>\n<p>&#13;<br \/>\nCzytaj te\u017c:<br \/><a href=\"https:\/\/dorzeczy.pl\/opinie\/906400\/merz-jako-europejczycy-stoimy-ramie-w-ramie-z-ukraina.html\" rel=\"follow nofollow noopener\" data-schema=\"DORZECZY\" data-image=\"https:\/\/img.dorzeczy.pl\/_thumb\/61\/bf\/9a0cb487f0c82d4c63f8cf117118.jpeg\" target=\"_blank\">Merz: Jako Europejczycy stoimy rami\u0119 w\u00a0rami\u0119 z\u00a0Ukrain\u0105<\/a>Czytaj te\u017c:<br \/><a href=\"https:\/\/dorzeczy.pl\/swiat\/906352\/trump-trzeba-przyznac-ze-zelenski-radzi-sobie-dobrze.html\" rel=\"follow nofollow noopener\" data-schema=\"DORZECZY\" data-image=\"https:\/\/img.dorzeczy.pl\/_thumb\/fa\/59\/871e3005002d9572dd5c813352a4.jpeg\" target=\"_blank\">Trump zmienia ton wobec Ze\u0142enskiego. &#8222;Radzi sobie ca\u0142kiem dobrze&#8221;<\/a>&#13;<\/p>\n","protected":false},"excerpt":{"rendered":"&#13; W czwartek (25 czerwca) w\u00a0Gda\u0144sku rozpocz\u0119\u0142a si\u0119 dwudniowa Konferencja na\u00a0rzecz Odbudowy Ukrainy (URC 2026) z\u00a0udzia\u0142em m.in. premiera&hellip;\n","protected":false},"author":2,"featured_media":517084,"comment_status":"","ping_status":"","sticky":false,"template":"","format":"standard","meta":{"footnotes":"","_share_on_mastodon":"0"},"categories":[12],"tags":[32,33,98,36,37,1048,27,49,34,35,9665,1162,28,31,25,42,38,40,39,41,89232,80,29,30,100786,26],"class_list":["post-517083","post","type-post","status-publish","format-standard","has-post-thumbnail","category-polska","tag-breaking-news","tag-breakingnews","tag-dorzeczy","tag-featured-news","tag-featurednews","tag-gdansk","tag-headlines","tag-kraj","tag-latest-news","tag-latestnews","tag-lwow","tag-msz","tag-naglowki","tag-najwazniejsze-artykuly","tag-news","tag-pl","tag-poland","tag-polish","tag-polska","tag-polski","tag-sadowy","tag-swiat","tag-top-stories","tag-topstories","tag-wewior","tag-wiadomosci"],"share_on_mastodon":{"url":"https:\/\/pubeurope.com\/@pl\/116813314319623359","error":""},"_links":{"self":[{"href":"https:\/\/www.europesays.com\/pl\/wp-json\/wp\/v2\/posts\/517083","targetHints":{"allow":["GET"]}}],"collection":[{"href":"https:\/\/www.europesays.com\/pl\/wp-json\/wp\/v2\/posts"}],"about":[{"href":"https:\/\/www.europesays.com\/pl\/wp-json\/wp\/v2\/types\/post"}],"author":[{"embeddable":true,"href":"https:\/\/www.europesays.com\/pl\/wp-json\/wp\/v2\/users\/2"}],"replies":[{"embeddable":true,"href":"https:\/\/www.europesays.com\/pl\/wp-json\/wp\/v2\/comments?post=517083"}],"version-history":[{"count":0,"href":"https:\/\/www.europesays.com\/pl\/wp-json\/wp\/v2\/posts\/517083\/revisions"}],"wp:featuredmedia":[{"embeddable":true,"href":"https:\/\/www.europesays.com\/pl\/wp-json\/wp\/v2\/media\/517084"}],"wp:attachment":[{"href":"https:\/\/www.europesays.com\/pl\/wp-json\/wp\/v2\/media?parent=517083"}],"wp:term":[{"taxonomy":"category","embeddable":true,"href":"https:\/\/www.europesays.com\/pl\/wp-json\/wp\/v2\/categories?post=517083"},{"taxonomy":"post_tag","embeddable":true,"href":"https:\/\/www.europesays.com\/pl\/wp-json\/wp\/v2\/tags?post=517083"}],"curies":[{"name":"wp","href":"https:\/\/api.w.org\/{rel}","templated":true}]}}