{"id":517125,"date":"2026-06-25T23:51:17","date_gmt":"2026-06-25T23:51:17","guid":{"rendered":"https:\/\/www.europesays.com\/pl\/517125\/"},"modified":"2026-06-25T23:51:17","modified_gmt":"2026-06-25T23:51:17","slug":"jaroslaw-kaczynski-skrytykowal-mera-lwowa-jest-odpowiedz-reaguje-msz","status":"publish","type":"post","link":"https:\/\/www.europesays.com\/pl\/517125\/","title":{"rendered":"Jaros\u0142aw Kaczy\u0144ski skrytykowa\u0142 mera Lwowa. Jest odpowied\u017a, reaguje MSZ"},"content":{"rendered":"<p>Andrij Sadowy wyja\u015bni\u0142 we wpisie w mediach spo\u0142eczno\u015bciowych, \u017ce wbrew <a href=\"https:\/\/wiadomosci.onet.pl\/kraj\/jaroslaw-kaczynski-zwroci-ukrainski-order-akt-lojalnosci\/lv719zk\" id=\"07970799-1422-4fb7-99f8-0f3e80770c20\" rel=\"nofollow noopener\" target=\"_blank\">s\u0142owom Jaros\u0142awa Kaczy\u0144skiego<\/a> nie uczestniczy w konferencji o odbudowie Ukrainy w Gda\u0144sku i przebywa obecnie w D\u00fcsseldorfie.Mer Lwowa odni\u00f3s\u0142 si\u0119 tak\u017ce do zarzut\u00f3w dotycz\u0105cych <a href=\"https:\/\/wiadomosci.onet.pl\/swiat\/wielki-spor-o-budowe-warta-40-mln-euro-polska-firma-odparowuje-zarzuty-lwowa\/0rrq41n\" id=\"d31e4ef7-2654-4931-af80-f73513cffc5f\" rel=\"nofollow noopener\" target=\"_blank\">niew\u0142a\u015bciwego potraktowania polskiej firmy budowlanej<\/a>. &#8222;Jaros\u0142aw Kaczy\u0144ski twierdzi, \u017ce Lw\u00f3w, a w\u0142a\u015bciwie ja sam, nie rozliczy\u0142em si\u0119 z polsk\u0105 firm\u0105. Chodzi o wykonawc\u0119, kt\u00f3ry ostatecznie nie wybudowa\u0142 zak\u0142adu przetwarzania odpad\u00f3w. To w\u0142a\u015bnie z powodu niewywi\u0105zania si\u0119 z zobowi\u0105za\u0144 miasto by\u0142o zmuszone do odst\u0105pienia od umowy&#8221; \u2014 napisa\u0142. Dalszy ci\u0105g artyku\u0142u pod materia\u0142em wideo      Andrij Sadowy o sporze z polsk\u0105 firm\u0105. &#8222;Nic zaskakuj\u0105cego&#8221;<\/p>\n<p>Zdaniem ukrai\u0144skiego polityka za wszystkie faktycznie wykonane prace polska firma otrzyma\u0142a ponad 30 mln euro (ok. 128 mln z\u0142). &#8222;Lw\u00f3w nie zap\u0142aci\u0142 za prace, kt\u00f3re nie zosta\u0142y wykonane. Nie ma w tym nic zaskakuj\u0105cego \u2014 tak w\u0142a\u015bnie dzia\u0142aj\u0105 umowy. Dlatego chyba czas zwr\u00f3ci\u0107 si\u0119 do s\u0105du z takimi bezpodstawnymi oskar\u017ceniami&#8221; \u2014 podkre\u015bli\u0142.<\/p>\n<p>&#8222;Niemniej jednak dzi\u0119kuj\u0119 wszystkim polskim przyjacio\u0142om, kt\u00f3rzy pomimo politycznego szumu nadal wspieraj\u0105 Ukrain\u0119 i Lw\u00f3w&#8221; \u2014 doda\u0142 Andrij Sadowy.<\/p>\n<p> Rzecznik MSZ o s\u0142owach Jaros\u0142awa Kaczy\u0144skiego i Andrija Sadowego. &#8222;Pot\u0119piamy&#8221;<\/p>\n<p>Informacj\u0119 o tym, \u017ce mer Lwowa nie zosta\u0142 zaproszony na konferencj\u0119 na rzecz odbudowy Ukrainy potwierdzi\u0142 tak\u017ce rzecznik MSZ Maciej Wewi\u00f3r. &#8222;Zorganizowa\u0142 w\u0142asne, ca\u0142kowicie odr\u0119bne wydarzenie, kt\u00f3re nie ma nic wsp\u00f3lnego z URC26&#8221; \u2014 wyja\u015bni\u0142.<\/p>\n<p>Jednocze\u015bnie przedstawiciel polskiej dyplomacji zabra\u0142 g\u0142os na temat sporu zarz\u0105dzanego przez Andrija Sadowego miasta z polsk\u0105 firm\u0105 budowlan\u0105. &#8222;Pot\u0119piamy dzia\u0142ania w\u0142adz Lwowa wobec polskiej firmy, a ignorowanie ustale\u0144 mi\u0119dzynarodowego arbitra\u017cu uznajemy za niedopuszczalne&#8221; \u2014 napisa\u0142.<\/p>\n<p>      Jaros\u0142aw Kaczy\u0144ski nazwa\u0142 Andrija Sadowego &#8222;banderowcem&#8221;Prezes PiS Jaros\u0142aw Kaczy\u0144ski w czwartek poinformowa\u0142, \u017ce <a href=\"https:\/\/wiadomosci.onet.pl\/kraj\/jaroslaw-kaczynski-zwroci-ukrainski-order-akt-lojalnosci\/lv719zk\" id=\"48bdf1b3-f2f4-4586-9487-266ec9540544\" rel=\"nofollow noopener\" target=\"_blank\">zwr\u00f3ci przyznany mu przez Ukrain\u0119 Order Jaros\u0142awa M\u0105drego<\/a>. Szef Prawa i Sprawiedliwo\u015bci by\u0142 pytany tak\u017ce o konferencj\u0119 na rzecz odbudowy Ukrainy.<\/p>\n<p>\u2014 Na tej konferencji jest mer Lwowa. Ju\u017c niezale\u017cnie od tego, \u017ce banderowiec oczywisty, to do tego cz\u0142owiek, kt\u00f3ry nie p\u0142aci polskiej firmie za wykonane ju\u017c prace \u2014 odpar\u0142 prezes PiS. Jaros\u0142aw Kaczy\u0144ski stwierdzi\u0142, \u017ce &#8222;sama obecno\u015b\u0107 Andrija Sadowego jest demonstracj\u0105 ze strony Ukrainy, jak to maj\u0105 [relacje] z Polsk\u0105 wygl\u0105da\u0107&#8221;. \u2014 Nie warto mie\u0107 z\u0142udze\u0144 \u2014 doda\u0142.<\/p>\n<p>Polska firma pokrzywdzona we LwowieTrzymanie si\u0119 mi\u0119dzynarodowych procedur, wygrane Polak\u00f3w w s\u0105dach arbitra\u017cowych nie powstrzymuj\u0105 w\u0142adz Lwowa. <a href=\"https:\/\/businessinsider.com.pl\/biznes\/ukrainskie-miasto-zerwalo-kontrakt-z-polska-firma-i-zajelo-gwarancje-sad-to-bezprawie\/n2ggdd1\" id=\"e6c1acf0-5c6a-46d6-83f8-df05775e6824\" rel=\"nofollow noopener\" target=\"_blank\">Miasto zerwa\u0142o kontrakt z polsk\u0105 firm\u0105 Control Process<\/a>.W\u0142adze Lwowa nie p\u0142ac\u0105 nale\u017cno\u015bci, nie reaguj\u0105 na decyzje arbitra\u017cu i zaj\u0119\u0142y gwarancj\u0119 bankow\u0105. S\u0105d zadecydowa\u0142, \u017ce zrobi\u0142y to bezprawnie, ale Lw\u00f3w nie chce odpu\u015bci\u0107 \u2014 <a href=\"https:\/\/businessinsider.com.pl\/biznes\/ukrainskie-miasto-zerwalo-kontrakt-z-polska-firma-i-zajelo-gwarancje-sad-to-bezprawie\/n2ggdd1\" id=\"3cdf4404-7070-481b-addd-f61073a39804\" rel=\"nofollow noopener\" target=\"_blank\">opisuje Business Insider<\/a>.<\/p>\n","protected":false},"excerpt":{"rendered":"Andrij Sadowy wyja\u015bni\u0142 we wpisie w mediach spo\u0142eczno\u015bciowych, \u017ce wbrew s\u0142owom Jaros\u0142awa Kaczy\u0144skiego nie uczestniczy w konferencji o&hellip;\n","protected":false},"author":2,"featured_media":517126,"comment_status":"","ping_status":"","sticky":false,"template":"","format":"standard","meta":{"footnotes":"","_share_on_mastodon":"0"},"categories":[12],"tags":[37866,61195,32,33,36,37,27,422,49,34,35,9665,28,31,48,25,46,42,38,40,39,41,47,29,30,26],"class_list":["post-517125","post","type-post","status-publish","format-standard","has-post-thumbnail","category-polska","tag-andrij_sadowy","tag-bottomfeed_styl","tag-breaking-news","tag-breakingnews","tag-featured-news","tag-featurednews","tag-headlines","tag-jaroslaw_kaczynski","tag-kraj","tag-latest-news","tag-latestnews","tag-lwow","tag-naglowki","tag-najwazniejsze-artykuly","tag-nat_styl","tag-news","tag-omp","tag-pl","tag-poland","tag-polish","tag-polska","tag-polski","tag-screening_general","tag-top-stories","tag-topstories","tag-wiadomosci"],"share_on_mastodon":{"url":"https:\/\/pubeurope.com\/@pl\/116813436258870727","error":""},"_links":{"self":[{"href":"https:\/\/www.europesays.com\/pl\/wp-json\/wp\/v2\/posts\/517125","targetHints":{"allow":["GET"]}}],"collection":[{"href":"https:\/\/www.europesays.com\/pl\/wp-json\/wp\/v2\/posts"}],"about":[{"href":"https:\/\/www.europesays.com\/pl\/wp-json\/wp\/v2\/types\/post"}],"author":[{"embeddable":true,"href":"https:\/\/www.europesays.com\/pl\/wp-json\/wp\/v2\/users\/2"}],"replies":[{"embeddable":true,"href":"https:\/\/www.europesays.com\/pl\/wp-json\/wp\/v2\/comments?post=517125"}],"version-history":[{"count":0,"href":"https:\/\/www.europesays.com\/pl\/wp-json\/wp\/v2\/posts\/517125\/revisions"}],"wp:featuredmedia":[{"embeddable":true,"href":"https:\/\/www.europesays.com\/pl\/wp-json\/wp\/v2\/media\/517126"}],"wp:attachment":[{"href":"https:\/\/www.europesays.com\/pl\/wp-json\/wp\/v2\/media?parent=517125"}],"wp:term":[{"taxonomy":"category","embeddable":true,"href":"https:\/\/www.europesays.com\/pl\/wp-json\/wp\/v2\/categories?post=517125"},{"taxonomy":"post_tag","embeddable":true,"href":"https:\/\/www.europesays.com\/pl\/wp-json\/wp\/v2\/tags?post=517125"}],"curies":[{"name":"wp","href":"https:\/\/api.w.org\/{rel}","templated":true}]}}