{"id":517158,"date":"2026-06-26T00:15:16","date_gmt":"2026-06-26T00:15:16","guid":{"rendered":"https:\/\/www.europesays.com\/pl\/517158\/"},"modified":"2026-06-26T00:15:16","modified_gmt":"2026-06-26T00:15:16","slug":"brooklyn-beckham-zignorowal-ojca-w-dniu-jego-swieta-o-tesciu-nie-zapomnial","status":"publish","type":"post","link":"https:\/\/www.europesays.com\/pl\/517158\/","title":{"rendered":"Brooklyn Beckham zignorowa\u0142 ojca w dniu jego \u015bwi\u0119ta. O te\u015bciu nie zapomnia\u0142"},"content":{"rendered":"<p>Od miesi\u0119cy media na ca\u0142ym \u015bwiecie analizuj\u0105 ka\u017cdy ruch <a href=\"https:\/\/plejada.pl\/temat\/david-beckham-pilkarz\/f0sh8yx\" id=\"e66fd1ca-e735-40d0-966f-9cfec0900e14\" rel=\"nofollow noopener\" target=\"_blank\">Davida i <\/a><a href=\"https:\/\/plejada.pl\/temat\/victoria-beckham\/9h2dkjd\" id=\"d33e0b12-bd01-419c-aecf-03cba24d1c2f\" rel=\"nofollow noopener\" target=\"_blank\">Victorii Beckham\u00f3w<\/a>, tropi\u0105c \u015blady konflikt\u00f3w i napi\u0119\u0107 mi\u0119dzy nimi, a ich najstarszym synem Brooklynem oraz jego \u017con\u0105 <a href=\"https:\/\/plejada.pl\/temat\/nicola-peltz\/fgg66gb\" id=\"a7210d87-1e9e-443b-b75a-c0d9cb181324\" rel=\"nofollow noopener\" target=\"_blank\">Nicol\u0105 Peltz<\/a>. Cho\u0107 \u017cadna ze stron nie komentuje plotek, ka\u017cdy wpis w mediach spo\u0142eczno\u015bciowych staje si\u0119 przedmiotem spekulacji.Ostatnia aktywno\u015b\u0107 <a href=\"https:\/\/plejada.pl\/temat\/brooklyn-beckham-syn-davida\/4yn09ew\" id=\"ebdf4d00-8b6f-4d6c-8de8-16819b869a83\" rel=\"nofollow noopener\" target=\"_blank\">Brooklyna Beckhama<\/a> w sieci ponownie rozgrza\u0142a internetowe dyskusje. Z okazji Dnia Ojca, 27-latek nie zamie\u015bci\u0142 \u017cadnych \u017cycze\u0144 dla Davida Beckhama. Zaledwie kilka dni p\u00f3\u017aniej na Instagramie opublikowa\u0142 zdj\u0119cie z rodzinnego przyj\u0119cia, na kt\u00f3rym obejmuje swojego te\u015bcia Nelsona Peltza, \u015bwi\u0119tuj\u0105cego 84. urodziny.<\/p>\n<p>\u2014 napisa\u0142 Brooklyn pod zdj\u0119ciem.<\/p>\n<p>To nie pierwszy taki gest ze strony najstarszego z Beckham\u00f3w. Kilka miesi\u0119cy temu, podczas brytyjskiego Dnia Matki, zamiast dedykowa\u0107 wpis swojej mamie, Brooklyn udost\u0119pni\u0142 w sieci wsp\u00f3lne zdj\u0119cie z te\u015bciow\u0105.<\/p>\n<p>     <img class=\"ods-a-photo ods-a-photo--background\" src=\"https:\/\/www.europesays.com\/pl\/wp-content\/uploads\/2026\/06\/SJHk9lBaHR0cHM6Ly9vY2RuLmV1L3B1bHNjbXMvTURBXy9kZjEzNTE4Y2EyNzMxN2IxNzMxODAxZGFkNWVmZjg1YS5wbmeRkwXNA.jpeg\" height=\"800\" width=\"492\" alt=\"Screen z relacji na profilu Brooklyna Beckhama na Instagramie\" loading=\"lazy\" fetchpriority=\"auto\" decoding=\"auto\"\/>    <\/p>\n<p>instagram.com\/brooklynpeltzbeckham \/ Materia\u0142y &#8222;Na prawach cytatu&#8221;<\/p>\n<p>  Screen z relacji na profilu Brooklyna Beckhama na Instagramie  <\/p>\n<p>   <script async src=\"\/\/www.instagram.com\/embed.js\"><\/script><\/p>\n","protected":false},"excerpt":{"rendered":"Od miesi\u0119cy media na ca\u0142ym \u015bwiecie analizuj\u0105 ka\u017cdy ruch Davida i Victorii Beckham\u00f3w, tropi\u0105c \u015blady konflikt\u00f3w i napi\u0119\u0107&hellip;\n","protected":false},"author":2,"featured_media":517159,"comment_status":"","ping_status":"","sticky":false,"template":"","format":"standard","meta":{"footnotes":"","_share_on_mastodon":"0"},"categories":[22],"tags":[61195,9693,9400,122,1900,48,43330,125,16484,46,42,38,40,39,41,123,47],"class_list":["post-517158","post","type-post","status-publish","format-standard","has-post-thumbnail","category-rozrywka","tag-bottomfeed_styl","tag-brooklyn_beckham","tag-david_beckham","tag-entertainment","tag-instagram_aplikacja","tag-nat_styl","tag-nelson_peltz","tag-newsy","tag-nicola_peltz","tag-omp","tag-pl","tag-poland","tag-polish","tag-polska","tag-polski","tag-rozrywka","tag-screening_general"],"share_on_mastodon":{"url":"https:\/\/pubeurope.com\/@pl\/116813531694872573","error":""},"_links":{"self":[{"href":"https:\/\/www.europesays.com\/pl\/wp-json\/wp\/v2\/posts\/517158","targetHints":{"allow":["GET"]}}],"collection":[{"href":"https:\/\/www.europesays.com\/pl\/wp-json\/wp\/v2\/posts"}],"about":[{"href":"https:\/\/www.europesays.com\/pl\/wp-json\/wp\/v2\/types\/post"}],"author":[{"embeddable":true,"href":"https:\/\/www.europesays.com\/pl\/wp-json\/wp\/v2\/users\/2"}],"replies":[{"embeddable":true,"href":"https:\/\/www.europesays.com\/pl\/wp-json\/wp\/v2\/comments?post=517158"}],"version-history":[{"count":0,"href":"https:\/\/www.europesays.com\/pl\/wp-json\/wp\/v2\/posts\/517158\/revisions"}],"wp:featuredmedia":[{"embeddable":true,"href":"https:\/\/www.europesays.com\/pl\/wp-json\/wp\/v2\/media\/517159"}],"wp:attachment":[{"href":"https:\/\/www.europesays.com\/pl\/wp-json\/wp\/v2\/media?parent=517158"}],"wp:term":[{"taxonomy":"category","embeddable":true,"href":"https:\/\/www.europesays.com\/pl\/wp-json\/wp\/v2\/categories?post=517158"},{"taxonomy":"post_tag","embeddable":true,"href":"https:\/\/www.europesays.com\/pl\/wp-json\/wp\/v2\/tags?post=517158"}],"curies":[{"name":"wp","href":"https:\/\/api.w.org\/{rel}","templated":true}]}}