{"id":517352,"date":"2026-06-26T02:34:28","date_gmt":"2026-06-26T02:34:28","guid":{"rendered":"https:\/\/www.europesays.com\/pl\/517352\/"},"modified":"2026-06-26T02:34:28","modified_gmt":"2026-06-26T02:34:28","slug":"miasto-wydalo-miliony-na-zdjecia-wiemy-ile-wroclaw-stracil-na-marilyn-monroe","status":"publish","type":"post","link":"https:\/\/www.europesays.com\/pl\/517352\/","title":{"rendered":"Miasto wyda\u0142o miliony na zdj\u0119cia. Wiemy, ile Wroc\u0142aw straci\u0142 na Marilyn Monroe"},"content":{"rendered":"<p>Wroc\u0142aw kupi\u0142 ponad dziesi\u0119\u0107 lat temu kolekcj\u0119 zdj\u0119\u0107 Miltona H. Greene\u2019a na kt\u00f3rych uwieczniona zosta\u0142a przede wszystkim legendarna aktorka Marilyn Monroe. Za ponad 3000 fotografi\u0142 zap\u0142aci\u0142\u00a0 6,4 mln z\u0142. Dzi\u015b wiemy, \u017ce przychody z kolekcji s\u0105 sporo ni\u017csze ni\u017c koszty jej utrzymania, ale miasto nie zamierza sprzedawa\u0107 zdj\u0119\u0107.<\/p>\n<p data-start=\"13\" data-end=\"400\">&#13;<\/p>\n<p>W tym artykule przeczytasz:<\/p>\n<p>                Jak miasto t\u0142umaczy zakup zdj\u0119\u0107 z Marilyn Monroe za 6,4 mln z\u0142.Czy i Ile Wroc\u0142aw zarobi\u0142 na fotografiach Marilyn Monroe.Kiedy nast\u0119pna wystawa kolekcji zdj\u0119\u0107 z Marilyn Monroe we Wroc\u0142awiu.<br \/>\n            &#13;\n        <\/p>\n<p class=\"PDq2pG_selectionAnchorContainer\" data-start=\"13\" data-end=\"400\">W 2014 roku nale\u017c\u0105ca do miasta sp\u00f3\u0142ka zarz\u0105dzaj\u0105ca Hal\u0105 Stulecia kupi\u0142a kolekcj\u0119 ponad 3 tysi\u0119cy fotografii autorstwa Miltona H. Greene\u2019a.\u00a0 Transakcja wzbudzi\u0142a w\u00f3wczas wielkie emocje, bo za fotografie miasto zap\u0142aci\u0142o a\u017c 6,4 mln z\u0142.\u00a0 Teraz o los kolekcji zapyta\u0142 miejski radny Andrzej Kilijanek (klub PiS). <a href=\"https:\/\/wroclawskiefakty.pl\/wroclaw-odmraza-miliony-ukryte-w-magazynie-sprawdz-ile-zaplacisz-za-bilet-na-wystawe-zdjec-marilyn-monroe\/\" target=\"_blank\" rel=\"noopener nofollow\">A ekspozycja zn\u00f3w te\u017c b\u0119dzie dost\u0119pna dla Wroc\u0142awian i turyst\u00f3w.<\/a><\/p>\n<p>Miasto broni zakupu za miliony<\/p>\n<p data-start=\"402\" data-end=\"671\">Radny pyta\u0142 mi\u0119dzy innymi o zasadno\u015b\u0107 zakupu kolekcji, jej bilans finansowy, plany promocyjne oraz mo\u017cliwo\u015b\u0107 odsprzeda\u017cy zdj\u0119\u0107 na rynku sztuki.<\/p>\n<p data-start=\"709\" data-end=\"961\">W odpowiedzi urz\u0119dnicy przekonuj\u0105, \u017ce kolekcja Greene\u2019a ma znaczenie artystyczne i archiwalne. Podkre\u015blaj\u0105, \u017ce fotograf by\u0142 autorem jednego z najbardziej rozpoznawalnych zbior\u00f3w zdj\u0119\u0107 XX wieku, a w kolekcji znajduj\u0105 si\u0119 m.in. fotografie Marilyn Monroe.<\/p>\n<p data-start=\"963\" data-end=\"1195\">Miasto wskazuje te\u017c, \u017ce cz\u0119\u015b\u0107 zbioru zosta\u0142a zakwalifikowana jako narodowy zas\u00f3b archiwalny. Zdaniem urz\u0119dnik\u00f3w kolekcja ma nie tylko warto\u015b\u0107 artystyczn\u0105, ale mo\u017ce by\u0107 tak\u017ce fundamentem dla przysz\u0142ego muzeum popkultury we Wroc\u0142awiu.<\/p>\n<p data-start=\"1197\" data-end=\"1556\">Wroc\u0142aw przypomina, \u017ce zdj\u0119cia by\u0142y ju\u017c pokazywane na sze\u015bciu wystawach. W\u015br\u00f3d nich wymieniono m.in. \u201eGwiazdy Hollywood w obiektywie M.H. Greene\u2019a\u201d, \u201eMarilyn &amp; Marlena\u201d, wystaw\u0119 zdj\u0119\u0107 z planu filmu \u201ePrzystanek Autobusowy\u201d czy ekspozycj\u0119 po\u015bwi\u0119con\u0105 Audrey Hepburn.<\/p>\n<p><img fetchpriority=\"high\" decoding=\"async\" class=\"wp-image-37472 size-full\" src=\"https:\/\/www.europesays.com\/pl\/wp-content\/uploads\/2026\/06\/Andrzej-Kilijanek-02-e1773320040985.jpeg\" alt=\"\" width=\"720\" height=\"682\"  \/>Fot. Facebook\/Andrzej Kilijanek.<br \/>\nWroc\u0142aw ujawnia ile zarobi\u0142 na zdj\u0119ciach<\/p>\n<p data-start=\"1558\" data-end=\"1589\">Magistrat wskaza\u0142 tak\u017ce ile zarobi\u0142 do tej pory na zdj\u0119ciach.\u00a0 Z wylicze\u0144 urz\u0119du wynika, \u017ce przychody z bilet\u00f3w, licencji, wypo\u017cycze\u0144 i wynajmu kolekcji wynios\u0142y 100 735 z\u0142. To dane za okres od nabycia zbioru do 31 maja 2026 r.<\/p>\n<p data-start=\"1811\" data-end=\"2073\">W tym samym czasie koszty ubezpieczenia, magazynowania i konserwacji zdj\u0119\u0107 wynios\u0142y 255 617 z\u0142. Oznacza to, \u017ce bie\u017c\u0105ce koszty utrzymania kolekcji by\u0142y wy\u017csze od przychod\u00f3w o 154 882 z\u0142.<\/p>\n<p data-start=\"2075\" data-end=\"2253\">Radny zapyta\u0142 r\u00f3wnie\u017c, czy miasto \u2013 w zwi\u0105zku z wyzwaniami bud\u017cetowymi \u2013 rozwa\u017ca sprzeda\u017c kolekcji. Odpowied\u017a by\u0142a kr\u00f3tka: \u201eNa obecnym etapie nie ma plan\u00f3w odsprzeda\u017cy kolekcji\u201d.<\/p>\n<p><img loading=\"lazy\" decoding=\"async\" class=\"wp-image-54361 size-full\" src=\"https:\/\/www.europesays.com\/pl\/wp-content\/uploads\/2026\/06\/MM1-fot.-M.H.Green_-e1779454945129.jpg\" alt=\"Marilyn Monroe\" width=\"7910\" height=\"4510\"  \/>Fot. M.H.Green\/Mat. prasowe Hala Stulecia.<br \/>\nW tle rocznica urodzin Marilyn Monroe<\/p>\n<p data-start=\"2290\" data-end=\"2491\">Miasto organizuje kolejn\u0105 wystaw\u0119 zdj\u0119\u0107, zwi\u0105zan\u0105 ze 100. rocznic\u0105 urodzin Marilyn Monroe. Ekspozycja ma by\u0107 prezentowana od 15 lipca do 25 pa\u017adziernika 2026 r.<\/p>\n<p>Zatytu\u0142owano j\u0105: \u201eMarilyn Monroe. Czuj\u0119, \u017ce j\u0105 znam, ale czasem moje r\u0119ce wyginaj\u0105 si\u0119 do ty\u0142u\u201d.<\/p>\n<p>Kadry Greene\u2019a zostan\u0105 zestawione z pracami wsp\u00f3\u0142czesnych artyst\u00f3w. Pomys\u0142odawcy wymieniaj\u0105 to Marth\u0119 Rosler czy Arvid\u0119 Bystr\u00f6m.<\/p>\n","protected":false},"excerpt":{"rendered":"Wroc\u0142aw kupi\u0142 ponad dziesi\u0119\u0107 lat temu kolekcj\u0119 zdj\u0119\u0107 Miltona H. Greene\u2019a na kt\u00f3rych uwieczniona zosta\u0142a przede wszystkim legendarna&hellip;\n","protected":false},"author":2,"featured_media":517353,"comment_status":"","ping_status":"","sticky":false,"template":"","format":"standard","meta":{"footnotes":"","_share_on_mastodon":"0"},"categories":[51607],"tags":[100839,53826,388,17266,63025,7565,11692,84797,504,42,38,40,39,41,1853,13263,2780,645],"class_list":["post-517352","post","type-post","status-publish","format-standard","has-post-thumbnail","category-wroclaw","tag-andrzej-kilijanek","tag-ekspozycja","tag-finanse","tag-fotografie","tag-hala-stulecia","tag-kolekcja","tag-koszty","tag-marilyn-monroe","tag-pieniadze","tag-pl","tag-poland","tag-polish","tag-polska","tag-polski","tag-wroclaw","tag-wystawa","tag-zakup","tag-zdjecia"],"share_on_mastodon":{"url":"https:\/\/pubeurope.com\/@pl\/116814078175935500","error":""},"_links":{"self":[{"href":"https:\/\/www.europesays.com\/pl\/wp-json\/wp\/v2\/posts\/517352","targetHints":{"allow":["GET"]}}],"collection":[{"href":"https:\/\/www.europesays.com\/pl\/wp-json\/wp\/v2\/posts"}],"about":[{"href":"https:\/\/www.europesays.com\/pl\/wp-json\/wp\/v2\/types\/post"}],"author":[{"embeddable":true,"href":"https:\/\/www.europesays.com\/pl\/wp-json\/wp\/v2\/users\/2"}],"replies":[{"embeddable":true,"href":"https:\/\/www.europesays.com\/pl\/wp-json\/wp\/v2\/comments?post=517352"}],"version-history":[{"count":0,"href":"https:\/\/www.europesays.com\/pl\/wp-json\/wp\/v2\/posts\/517352\/revisions"}],"wp:featuredmedia":[{"embeddable":true,"href":"https:\/\/www.europesays.com\/pl\/wp-json\/wp\/v2\/media\/517353"}],"wp:attachment":[{"href":"https:\/\/www.europesays.com\/pl\/wp-json\/wp\/v2\/media?parent=517352"}],"wp:term":[{"taxonomy":"category","embeddable":true,"href":"https:\/\/www.europesays.com\/pl\/wp-json\/wp\/v2\/categories?post=517352"},{"taxonomy":"post_tag","embeddable":true,"href":"https:\/\/www.europesays.com\/pl\/wp-json\/wp\/v2\/tags?post=517352"}],"curies":[{"name":"wp","href":"https:\/\/api.w.org\/{rel}","templated":true}]}}