{"id":517714,"date":"2026-06-26T06:45:07","date_gmt":"2026-06-26T06:45:07","guid":{"rendered":"https:\/\/www.europesays.com\/pl\/517714\/"},"modified":"2026-06-26T06:45:07","modified_gmt":"2026-06-26T06:45:07","slug":"sondaz-polacy-o-tusku-i-jego-rzadzie","status":"publish","type":"post","link":"https:\/\/www.europesays.com\/pl\/517714\/","title":{"rendered":"Sonda\u017c: Polacy o Tusku i jego rz\u0105dzie"},"content":{"rendered":"\n<p>&#13;<br \/>\nCBOS zada\u0142o respondentom pytanie o\u00a0stosunek do\u00a0rz\u0105du. Z\u00a0odpowiedzi wynika, \u017ce\u00a0odsetek os\u00f3b popieraj\u0105cych gabinet Donalda Tuska wynosi obecnie 32 proc. (spadek o\u00a01 pkt proc.). Negatywnie rz\u0105d ocenia 42 proc. badanych (bez zmian). Stosunek oboj\u0119tny zadeklarowa\u0142o z\u00a0kolei 23 proc. ankietowanych (wzrost o\u00a02 pkt. proc.). 3\u00a0proc. nie\u00a0potrafi\u0142o opowiedzie\u0107 na\u00a0to\u00a0pytanie. &#13;\n<\/p>\n<p>&#13;<br \/>\nPozytywnie dzia\u0142alno\u015b\u0107 rz\u0105du ocenia 33 proc. respondent\u00f3w (spadek o\u00a02 pkt. proc.). Ocen\u0119 negatywn\u0105 wystawi\u0142o 54 proc. badanych (wzrost o\u00a03 pkt. proc.). Brak zdania w\u00a0tej sprawie deklaruje 12 proc. ankietowanych (spadek o\u00a02 pkt proc.). &#13;\n<\/p>\n<p>Polacy \u017ale oceniaj\u0105 rz\u0105d i\u00a0premiera<\/p>\n<p>&#13;<br \/>\nPolacy s\u0105 r\u00f3wnie\u017c niezadowoleni z\u00a0faktu, \u017ce\u00a0na czele rz\u0105du stoi Donald Tusk. Tak\u0105 opinie wyrazi\u0142o 54 proc. respondent\u00f3w (wi\u0119cej o\u00a02 pkt. proc. w\u00a0por\u00f3wnaniu z\u00a0poprzednim badaniem). Zadowolenie wyrazi\u0142o 35 proc. badanych (bez zmian). Zdania w\u00a0tej sprawie nie\u00a0ma\u00a011 proc. ankietowanych (spadek o\u00a01 pkt proc.). &#13;\n<\/p>\n<p>&#13;<br \/>\nRespondenci nie\u00a0wierz\u0105 r\u00f3wnie\u017c, \u017ce\u00a0polityka obecnego rz\u0105du stwarza szanse poprawy sytuacji gospodarczej. <a href=\"https:\/\/dorzeczy.pl\/kraj\/906256\/sondaz-polacy-nie-wierza-ze-rzad-poprawi-sytuacje-gospodarcza.html\" rel=\"nofollow noopener\" target=\"_blank\">A\u017c 51 proc. wskaza\u0142o tak\u0105 odpowied\u017a<\/a>. &#13;\n<\/p>\n<p>&#13;<br \/>\n&#8222;Notowane przed miesi\u0105cem pogorszenie ocen ma\u00a0swoj\u0105 cz\u0119\u015bciow\u0105 kontynuacj\u0119 w\u00a0czerwcu. Spadek notowa\u0144 dotyczy przede wszystkim wynik\u00f3w dzia\u0142alno\u015bci rz\u0105du, a\u00a0w\u00a0mniejszym stopniu tak\u017ce uog\u00f3lnionego stosunku do\u00a0urz\u0119duj\u0105cego gabinetu i\u00a0zadowolenia z\u00a0osoby premiera. Zmianom tym towarzyszy lekki wzrost optymizmu w\u00a0kontek\u015bcie generowanych przez polityk\u0119 rz\u0105du perspektyw gospodarczych&#8221; \u2013\u00a0wskaza\u0142o CBOS w\u00a0komunikacie z\u00a0badania. &#13;\n<\/p>\n<p>&#13;<br \/>\n Badanie zrealizowano w\u00a0dniach 11\u201321 czerwca 2026\u00a0r. na\u00a0reprezentatywnej pr\u00f3bie 991 pe\u0142noletnich mieszka\u0144c\u00f3w Polski. CBOS podaje, \u017ce\u00a066,4 proc. wywiad\u00f3w przeprowadzono metod\u0105 CAPI, 16,3 proc. metod\u0105 CATI, a\u00a017,3 proc. metod\u0105 CAWI  &#13;\n<\/p>\n<p>&#13;<br \/>\nCzytaj te\u017c:<br \/><a href=\"https:\/\/dorzeczy.pl\/kraj\/906256\/sondaz-polacy-nie-wierza-ze-rzad-poprawi-sytuacje-gospodarcza.html\" rel=\"follow nofollow noopener\" data-schema=\"DORZECZY\" data-image=\"https:\/\/img.dorzeczy.pl\/_thumb\/bb\/b6\/26643f11d90bfb3c724639739014.jpeg\" target=\"_blank\">Z\u0142e wie\u015bci dla\u00a0Tuska. Ponad po\u0142owa Polak\u00f3w nie\u00a0wierzy, \u017ce\u00a0rz\u0105d poprawi sytuacj\u0119 gospodarcz\u0105<\/a>Czytaj te\u017c:<br \/><a href=\"https:\/\/dorzeczy.pl\/opinie\/906028\/jaki-o-rzadzie-tuska-mafijne-panstwo.html\" rel=\"follow nofollow noopener\" data-schema=\"DORZECZY\" data-image=\"https:\/\/img.dorzeczy.pl\/_thumb\/3c\/93\/3b118a051dc86c32f551f82e4dd6.jpeg\" target=\"_blank\">Jaki o\u00a0partii Tuska: To\u00a0mocne s\u0142owo, ale\u00a0chc\u0119 je\u00a0uzasadni\u0107<\/a>&#13;<\/p>\n","protected":false},"excerpt":{"rendered":"&#13; CBOS zada\u0142o respondentom pytanie o\u00a0stosunek do\u00a0rz\u0105du. Z\u00a0odpowiedzi wynika, \u017ce\u00a0odsetek os\u00f3b popieraj\u0105cych gabinet Donalda Tuska wynosi obecnie 32&hellip;\n","protected":false},"author":2,"featured_media":517715,"comment_status":"","ping_status":"","sticky":false,"template":"","format":"standard","meta":{"footnotes":"","_share_on_mastodon":"0"},"categories":[62713],"tags":[13658,1345,98,49,601,81539,102,367,380,366],"class_list":["post-517714","post","type-post","status-publish","format-standard","has-post-thumbnail","category-donald-tusk","tag-cbos","tag-donald-tusk","tag-dorzeczy","tag-kraj","tag-marcin-bugaj","tag-nastroje","tag-opinie","tag-polacy","tag-rzad","tag-sondaz"],"share_on_mastodon":{"url":"https:\/\/pubeurope.com\/@pl\/116815064434056420","error":""},"_links":{"self":[{"href":"https:\/\/www.europesays.com\/pl\/wp-json\/wp\/v2\/posts\/517714","targetHints":{"allow":["GET"]}}],"collection":[{"href":"https:\/\/www.europesays.com\/pl\/wp-json\/wp\/v2\/posts"}],"about":[{"href":"https:\/\/www.europesays.com\/pl\/wp-json\/wp\/v2\/types\/post"}],"author":[{"embeddable":true,"href":"https:\/\/www.europesays.com\/pl\/wp-json\/wp\/v2\/users\/2"}],"replies":[{"embeddable":true,"href":"https:\/\/www.europesays.com\/pl\/wp-json\/wp\/v2\/comments?post=517714"}],"version-history":[{"count":0,"href":"https:\/\/www.europesays.com\/pl\/wp-json\/wp\/v2\/posts\/517714\/revisions"}],"wp:featuredmedia":[{"embeddable":true,"href":"https:\/\/www.europesays.com\/pl\/wp-json\/wp\/v2\/media\/517715"}],"wp:attachment":[{"href":"https:\/\/www.europesays.com\/pl\/wp-json\/wp\/v2\/media?parent=517714"}],"wp:term":[{"taxonomy":"category","embeddable":true,"href":"https:\/\/www.europesays.com\/pl\/wp-json\/wp\/v2\/categories?post=517714"},{"taxonomy":"post_tag","embeddable":true,"href":"https:\/\/www.europesays.com\/pl\/wp-json\/wp\/v2\/tags?post=517714"}],"curies":[{"name":"wp","href":"https:\/\/api.w.org\/{rel}","templated":true}]}}