{"id":517778,"date":"2026-06-26T07:25:07","date_gmt":"2026-06-26T07:25:07","guid":{"rendered":"https:\/\/www.europesays.com\/pl\/517778\/"},"modified":"2026-06-26T07:25:07","modified_gmt":"2026-06-26T07:25:07","slug":"takie-zadanie-postawil-nowy-dyrektor-widzewa-lodz-doszlo-do-spotkania","status":"publish","type":"post","link":"https:\/\/www.europesays.com\/pl\/517778\/","title":{"rendered":"Takie \u017c\u0105danie postawi\u0142 nowy dyrektor Widzewa \u0141\u00f3d\u017a. Dosz\u0142o do spotkania"},"content":{"rendered":"<p>W Widzewie \u0141\u00f3d\u017a dosz\u0142o do ogromnej rewolucji w klubowych gabinetach. Z klubu odeszli prezes Micha\u0142 Rydz i osoby odpowiedzialne za pion sportowy, w tym przede wszystkim Dariusz Adamczuk i Piotr Burlikowski. Nowy prezes i zarazem w\u0142a\u015bciciel Robert Dobrzycki postawi\u0142 wszystko na jedn\u0105 kart\u0119, sprowadzaj\u0105c \u0141ukasza Mas\u0142owskiego, Artura P\u0142atka i Piotra Kosiorowskiego.<\/p>\n<p> Dalszy ci\u0105g artyku\u0142u pod materia\u0142em wideo  <\/p>\n<p>Cho\u0107 formalnie Mas\u0142owski prac\u0119 przy al. Pi\u0142sudskiego ma rozpocz\u0105\u0107 w sierpniu, ju\u017c rozpocz\u0105\u0142 dzia\u0142ania w klubie. Jak informuje Tomasz W\u0142odarczyk z serwisu Meczyki.pl, dyrektor pionu sportowego Widzewa ma konkretne \u017c\u0105dania wobec zespo\u0142u.<\/p>\n<p>\u2014 Dosz\u0142o do rozmowy Aleksandara Vukovicia z \u0141ukaszem Mas\u0142owskim. Poruszono temat stylu gry. Widzew ma by\u0107 bardziej nastawiony na gr\u0119 ofensywn\u0105. Dru\u017cyna ma by\u0107 bardziej atrakcyjna dla oka \u2014 wspomina W\u0142odarczyk w programie na kanale Meczyki.pl.<\/p>\n<p>\u0141\u00f3dzki klub ma by\u0107 r\u00f3wnie\u017c bardziej efektywny na rynku transferowym. Na razie do zespo\u0142u do\u0142\u0105czy\u0142 reprezentant Polski Karol \u015awiderski.<\/p>\n","protected":false},"excerpt":{"rendered":"W Widzewie \u0141\u00f3d\u017a dosz\u0142o do ogromnej rewolucji w klubowych gabinetach. Z klubu odeszli prezes Micha\u0142 Rydz i osoby&hellip;\n","protected":false},"author":2,"featured_media":517779,"comment_status":"","ping_status":"","sticky":false,"template":"","format":"standard","meta":{"footnotes":"","_share_on_mastodon":"0"},"categories":[51608],"tags":[16990,61195,274,7900,3652,48,46,948,42,38,40,39,41,9096,47,130,3469],"class_list":["post-517778","post","type-post","status-publish","format-standard","has-post-thumbnail","category-lodz","tag-aleksandar_vukovic","tag-bottomfeed_styl","tag-ekstraklasa","tag-lukasz_maslowski","tag-lodz","tag-nat_styl","tag-omp","tag-pilka_nozna","tag-pl","tag-poland","tag-polish","tag-polska","tag-polski","tag-robert_dobrzycki","tag-screening_general","tag-wiadomosci_sportowe","tag-widzew_lodz"],"share_on_mastodon":{"url":"https:\/\/pubeurope.com\/@pl\/116815221809940296","error":""},"_links":{"self":[{"href":"https:\/\/www.europesays.com\/pl\/wp-json\/wp\/v2\/posts\/517778","targetHints":{"allow":["GET"]}}],"collection":[{"href":"https:\/\/www.europesays.com\/pl\/wp-json\/wp\/v2\/posts"}],"about":[{"href":"https:\/\/www.europesays.com\/pl\/wp-json\/wp\/v2\/types\/post"}],"author":[{"embeddable":true,"href":"https:\/\/www.europesays.com\/pl\/wp-json\/wp\/v2\/users\/2"}],"replies":[{"embeddable":true,"href":"https:\/\/www.europesays.com\/pl\/wp-json\/wp\/v2\/comments?post=517778"}],"version-history":[{"count":0,"href":"https:\/\/www.europesays.com\/pl\/wp-json\/wp\/v2\/posts\/517778\/revisions"}],"wp:featuredmedia":[{"embeddable":true,"href":"https:\/\/www.europesays.com\/pl\/wp-json\/wp\/v2\/media\/517779"}],"wp:attachment":[{"href":"https:\/\/www.europesays.com\/pl\/wp-json\/wp\/v2\/media?parent=517778"}],"wp:term":[{"taxonomy":"category","embeddable":true,"href":"https:\/\/www.europesays.com\/pl\/wp-json\/wp\/v2\/categories?post=517778"},{"taxonomy":"post_tag","embeddable":true,"href":"https:\/\/www.europesays.com\/pl\/wp-json\/wp\/v2\/tags?post=517778"}],"curies":[{"name":"wp","href":"https:\/\/api.w.org\/{rel}","templated":true}]}}