{"id":518155,"date":"2026-06-26T11:16:08","date_gmt":"2026-06-26T11:16:08","guid":{"rendered":"https:\/\/www.europesays.com\/pl\/518155\/"},"modified":"2026-06-26T11:16:08","modified_gmt":"2026-06-26T11:16:08","slug":"polska-niemcy-i-francja-przeciwko-likwidacji-banerow-cookies-a-mialo-byc-tak-pieknie","status":"publish","type":"post","link":"https:\/\/www.europesays.com\/pl\/518155\/","title":{"rendered":"Polska, Niemcy i Francja przeciwko likwidacji baner\u00f3w cookies. A mia\u0142o by\u0107 tak pi\u0119knie"},"content":{"rendered":"<p style=\"text-align:justify\">Miliony internaut\u00f3w w ca\u0142ej Europie od lat marz\u0105 o znikni\u0119ciu wyskakuj\u0105cych okienek z informacj\u0105 o plikach cookie. Komisja Europejska by\u0142a o krok od realizacji tego planu. Wszystko wskazywa\u0142o na to, \u017ce irytuj\u0105ce banery wreszcie odejd\u0105 do historii. Teraz jednak pojawi\u0142a si\u0119 powa\u017cna przeszkoda.<\/p>\n<p style=\"text-align:justify\">Jak informuj\u0105 organizacje zajmuj\u0105ce si\u0119 ochron\u0105 prywatno\u015bci, Francja, Niemcy i Polska sprzeciwi\u0142y si\u0119 propozycji Komisji Europejskiej, op\u00f3\u017aniaj\u0105c plany likwidacji baner\u00f3w cookie na stronach internetowych.<\/p>\n<p>UE chcia\u0142a raz na zawsze sko\u0144czy\u0107 z banerami<\/p>\n<p style=\"text-align:justify\">Od wielu lat unijne instytucje pr\u00f3buj\u0105 znale\u017a\u0107 spos\u00f3b na uproszczenie zasad wyra\u017cania zgody na \u015bledzenie u\u017cytkownik\u00f3w w sieci. Obecny system jest powszechnie krytykowany zar\u00f3wno przez internaut\u00f3w, jak i ekspert\u00f3w od prywatno\u015bci. Przy niemal ka\u017cdym wej\u015bciu na now\u0105 stron\u0119 u\u017cytkownicy musz\u0105 mierzy\u0107 si\u0119 z wyskakuj\u0105cymi komunikatami dotycz\u0105cymi plik\u00f3w cookie. W teorii maj\u0105 one chroni\u0107 prywatno\u015b\u0107 i umo\u017cliwia\u0107 \u015bwiadomy wyb\u00f3r dotycz\u0105cy przetwarzania danych.\u00a0W praktyce dla wielu os\u00f3b sta\u0142y si\u0119 jedynie uci\u0105\u017cliwym elementem codziennego korzystania z internetu.<\/p>\n<p style=\"text-align:justify\">Komisja Europejska zaproponowa\u0142a wi\u0119c nowe rozwi\u0105zanie. Zamiast wy\u015bwietlania baner\u00f3w na ka\u017cdej stronie preferencje u\u017cytkownika mia\u0142y by\u0107 automatycznie przekazywane pomi\u0119dzy urz\u0105dzeniem a odwiedzanymi witrynami. Internauta okre\u015bla\u0142by swoje ustawienia prywatno\u015bci tylko raz, a system sam informowa\u0142by strony internetowe, czy u\u017cytkownik zgadza si\u0119 na \u015bledzenie.<\/p>\n<p>Organizacje broni\u0105ce prywatno\u015bci oskar\u017caj\u0105 Google o lobbing<\/p>\n<p style=\"text-align:justify\">Wed\u0142ug austriackiej organizacji zajmuj\u0105cej si\u0119 ochron\u0105 prywatno\u015bci Noyb przeciwko nowym rozwi\u0105zaniom aktywnie wyst\u0119powa\u0142o Google. Firma mia\u0142a argumentowa\u0107, \u017ce usuni\u0119cie baner\u00f3w dotycz\u0105cych plik\u00f3w cookie mog\u0142oby negatywnie odbi\u0107 si\u0119 na rynku reklamy internetowej.<\/p>\n<p style=\"text-align:justify\">Przedstawiciele Noyb przekonuj\u0105, \u017ce obecny model funkcjonowania baner\u00f3w sprzyja bran\u017cy reklamowej. Pow\u00f3d jest prosty \u2013 wiele stron wykorzystuje tak zwane ciemne wzorce projektowe, czyli rozwi\u0105zania interfejsu zach\u0119caj\u0105ce u\u017cytkownik\u00f3w do wyra\u017cania zgody na \u015bledzenie.<\/p>\n<p style=\"text-align:justify\">Najcz\u0119\u015bciej przycisk \u201eAkceptuj wszystkie\u201d jest bardziej widoczny ni\u017c opcja odrzucenia zgody. Zdarza si\u0119 r\u00f3wnie\u017c, \u017ce mo\u017cliwo\u015b\u0107 odmowy ukrywana jest w dodatkowych zak\u0142adkach lub wymaga wykonania kilku dodatkowych klikni\u0119\u0107.<\/p>\n<p style=\"text-align:justify\">Zdaniem organizacji Noyb w\u0142a\u015bnie dzi\u0119ki takim praktykom firmy technologiczne uzyskuj\u0105 zgod\u0119 znacznie wi\u0119kszej liczby u\u017cytkownik\u00f3w.<\/p>\n<p>Francja, Niemcy i Polska zatrzyma\u0142y projekt<\/p>\n<p style=\"text-align:justify\">Jak podaje Noyb, Francja, Niemcy oraz Polska opowiedzia\u0142y si\u0119 za usuni\u0119ciem propozycji likwidacji baner\u00f3w z projektu Digital Omnibus. Oznacza to, \u017ce plan Komisji Europejskiej zosta\u0142 na razie wstrzymany. Max Schrems, za\u0142o\u017cyciel Noyb i jeden z najbardziej znanych europejskich aktywist\u00f3w walcz\u0105cych o prywatno\u015b\u0107 w internecie, nie kryje rozczarowania. Wed\u0142ug niego bran\u017ca reklamowa obawia si\u0119 sytuacji, w kt\u00f3rej u\u017cytkownicy mogliby \u0142atwo i skutecznie odrzuci\u0107 \u015bledzenie.<\/p>\n<p style=\"text-align:justify\">Schrems twierdzi, \u017ce obecne banery nie chroni\u0105 prywatno\u015bci, lecz przede wszystkim pomagaj\u0105 firmom uzyskiwa\u0107 zgod\u0119 na gromadzenie danych.<\/p>\n<p>&#13;<\/p>\n<p>\u201eW demokracji to, czego chce wi\u0119kszo\u015b\u0107 ludzi, powinno si\u0119 faktycznie wydarzy\u0107, w tym przypadku chodzi o zniesienie baner\u00f3w z ciasteczkami. Je\u015bli decydenci wol\u0105 pod\u0105\u017ca\u0107 za wol\u0105 lobby technologicznego, a nie swoich wyborc\u00f3w, to co\u015b jest tu bardzo, bardzo nie tak\u201d \u2013 podsumowuje.<\/p>\n<p>&#13;<\/p>\n<p>Los baner\u00f3w cookie nadal nie jest przes\u0105dzony<\/p>\n<p style=\"text-align:justify\">Mimo sprzeciwu cz\u0119\u015bci pa\u0144stw cz\u0142onkowskich przysz\u0142o\u015b\u0107 baner\u00f3w z ciasteczkami nie zosta\u0142a jeszcze definitywnie rozstrzygni\u0119ta. Zar\u00f3wno Rada Unii Europejskiej, jak i Parlament Europejski nie przyj\u0119\u0142y jeszcze oficjalnego stanowiska dotycz\u0105cego proponowanych zmian.<\/p>\n<p style=\"text-align:justify\">Przed unijnymi instytucjami kolejne negocjacje i poszukiwanie kompromisu. Ostateczny kszta\u0142t nowych przepis\u00f3w mo\u017ce pojawi\u0107 si\u0119 dopiero po d\u0142ugich rozmowach. Dla milion\u00f3w Europejczyk\u00f3w oznacza to, \u017ce irytuj\u0105ce okienka z informacj\u0105 o plikach cookie pozostan\u0105 z nami jeszcze przez d\u0142u\u017cszy czas.<\/p>\n<p style=\"text-align:justify\">Cho\u0107 Komisja Europejska chcia\u0142a upro\u015bci\u0107 korzystanie z internetu i ograniczy\u0107 liczb\u0119 wyskakuj\u0105cych komunikat\u00f3w, droga do realizacji tego celu okazuje si\u0119 znacznie trudniejsza, ni\u017c pocz\u0105tkowo zak\u0142adano.<\/p>\n<p class=\"m-0\">Spodoba\u0142o Ci si\u0119? Podziel si\u0119 ze znajomymi!<\/p>\n","protected":false},"excerpt":{"rendered":"Miliony internaut\u00f3w w ca\u0142ej Europie od lat marz\u0105 o znikni\u0119ciu wyskakuj\u0105cych okienek z informacj\u0105 o plikach cookie. Komisja&hellip;\n","protected":false},"author":2,"featured_media":518156,"comment_status":"","ping_status":"","sticky":false,"template":"","format":"standard","meta":{"footnotes":"","_share_on_mastodon":"0"},"categories":[12],"tags":[210,23824,12460,3171,1972,42,38,40,39,41,10340,2747,3355],"class_list":["post-518155","post","type-post","status-publish","format-standard","has-post-thumbnail","category-polska","tag-aktualnosci","tag-informacje-prasowe","tag-komputery","tag-konsole","tag-laptopy","tag-pl","tag-poland","tag-polish","tag-polska","tag-polski","tag-poradniki","tag-recenzje","tag-testy"],"share_on_mastodon":{"url":"https:\/\/pubeurope.com\/@pl\/116816129762165914","error":""},"_links":{"self":[{"href":"https:\/\/www.europesays.com\/pl\/wp-json\/wp\/v2\/posts\/518155","targetHints":{"allow":["GET"]}}],"collection":[{"href":"https:\/\/www.europesays.com\/pl\/wp-json\/wp\/v2\/posts"}],"about":[{"href":"https:\/\/www.europesays.com\/pl\/wp-json\/wp\/v2\/types\/post"}],"author":[{"embeddable":true,"href":"https:\/\/www.europesays.com\/pl\/wp-json\/wp\/v2\/users\/2"}],"replies":[{"embeddable":true,"href":"https:\/\/www.europesays.com\/pl\/wp-json\/wp\/v2\/comments?post=518155"}],"version-history":[{"count":0,"href":"https:\/\/www.europesays.com\/pl\/wp-json\/wp\/v2\/posts\/518155\/revisions"}],"wp:featuredmedia":[{"embeddable":true,"href":"https:\/\/www.europesays.com\/pl\/wp-json\/wp\/v2\/media\/518156"}],"wp:attachment":[{"href":"https:\/\/www.europesays.com\/pl\/wp-json\/wp\/v2\/media?parent=518155"}],"wp:term":[{"taxonomy":"category","embeddable":true,"href":"https:\/\/www.europesays.com\/pl\/wp-json\/wp\/v2\/categories?post=518155"},{"taxonomy":"post_tag","embeddable":true,"href":"https:\/\/www.europesays.com\/pl\/wp-json\/wp\/v2\/tags?post=518155"}],"curies":[{"name":"wp","href":"https:\/\/api.w.org\/{rel}","templated":true}]}}