{"id":51834,"date":"2025-10-16T10:39:08","date_gmt":"2025-10-16T10:39:08","guid":{"rendered":"https:\/\/www.europesays.com\/pl\/51834\/"},"modified":"2025-10-16T10:39:08","modified_gmt":"2025-10-16T10:39:08","slug":"80-000-zl-rocznie-dla-seniorow-te-dodatki-do-emerytury-moga-znacznie-poprawic-sytuacje-finansowa-polskich-seniorow-oto-lista-swiadczen-o-ktore-moga-sie-ubiegac","status":"publish","type":"post","link":"https:\/\/www.europesays.com\/pl\/51834\/","title":{"rendered":"80 000 z\u0142 rocznie dla senior\u00f3w! Te dodatki do emerytury mog\u0105 znacznie poprawi\u0107 sytuacj\u0119 finansow\u0105 polskich senior\u00f3w. Oto lista \u015bwiadcze\u0144, o kt\u00f3re mog\u0105 si\u0119 ubiega\u0107"},"content":{"rendered":"<p>Okazuje si\u0119, \u017ce dodatki do emerytury mog\u0105 znacznie poprawi\u0107 sytuacj\u0119 finansow\u0105 senior\u00f3w. Warto jednak pami\u0119ta\u0107, \u017ce nie wszystkie z nich s\u0105 dost\u0119pne od razu po przej\u015bciu na emerytur\u0119. Na niekt\u00f3re \u015bwiadczenia trzeba troch\u0119 poczeka\u0107, ale zdecydowanie warto. Mo\u017cna bowiem zyska\u0107 prawie 80 000 z\u0142 rocznie! Jak to mo\u017cliwe? Oto szczeg\u00f3\u0142y.<\/p>\n<p>            Nawet 80 tys. z\u0142 rocznie dla senior\u00f3w. Oto dodatki do emerytury, o kt\u00f3re mog\u0105 si\u0119 ubiega\u0107<\/p>\n<p>Dodatki do emerytury mog\u0105 znacz\u0105co zwi\u0119kszy\u0107 dochody senior\u00f3w w Polsce, cho\u0107 zasady ich przyznawania s\u0105 zr\u00f3\u017cnicowane. Niekt\u00f3re \u015bwiadczenia, jak \u015bwiadczenie ratownicze, zale\u017c\u0105 od wcze\u015bniejszej aktywno\u015bci zawodowej i sta\u017cu pracy w okre\u015blonych dziedzinach. Inne dodatki, w tym proponowane nowe wsparcia, bazuj\u0105 przede wszystkim na wieku seniora, niekoniecznie zwi\u0105zanym z powszechnym wiekiem emerytalnym. Ju\u017c teraz seniorzy mog\u0105 liczy\u0107 na pewne formy wsparcia, kt\u00f3re przys\u0142uguj\u0105 im z up\u0142ywem lat.<\/p>\n<p>O jakie dodatki do emerytury seniorzy mo\u017cna si\u0119 ubiega\u0107 w 2025 roku?<\/p>\n<p>Dodatek piel\u0119gnacyjny to wa\u017cne \u015bwiadczenie przyznawane przez <a class=\"seoMapping\" href=\"https:\/\/kadry.infor.pl\/zus\/\" title=\"ZUS\" rel=\"nofollow noopener\" target=\"_blank\">ZUS<\/a>. Automatycznie otrzymuj\u0105 go osoby, kt\u00f3re uko\u0144czy\u0142y 75 lat, a kwota w 2025 roku to 348,22 z\u0142 miesi\u0119cznie. M\u0142odsi emeryci r\u00f3wnie\u017c mog\u0105 ubiega\u0107 si\u0119 o ten dodatek, pod warunkiem przedstawienia orzeczenia lekarskiego ZUS potwierdzaj\u0105cego niezdolno\u015b\u0107 do pracy i samodzielnej egzystencji. Dla stulatk\u00f3w przewidziano \u015bwiadczenie honorowe, kt\u00f3re w 2025 roku wynosi a\u017c 6 589,67 z\u0142 miesi\u0119cznie i podlega corocznej waloryzacji. Oznacza to, \u017ce seniorzy mog\u0105 zyska\u0107 79 076,04 z\u0142 rocznie dzi\u0119ki \u015bwiadczeniu honorowemu!<\/p>\n<p>Nowe propozycje wsparcia<\/p>\n<p>Rz\u0105d planuje wprowadzenie dw\u00f3ch nowych dodatk\u00f3w, kt\u00f3re maj\u0105 odpowiedzie\u0107 na wyzwania starzej\u0105cego si\u0119 spo\u0142ecze\u0144stwa:<\/p>\n<ul style=\"list-style-type: disc;\">\n<li value=\"1\">Bon senioralny: Ma by\u0107 uruchomiony od stycznia 2026 roku i jest skierowany do <a class=\"seoMapping\" href=\"https:\/\/kadry.infor.pl\/tematy\/dzieci\/\" title=\"dzieci\" rel=\"nofollow noopener\" target=\"_blank\">dzieci<\/a> i wnuk\u00f3w os\u00f3b powy\u017cej 75. roku \u017cycia. Jego celem jest pokrycie koszt\u00f3w zwi\u0105zanych z zaspokojeniem podstawowych potrzeb \u017cyciowych i opiek\u0105 higieniczno-piel\u0119gnacyjn\u0105 seniora. Maksymalna kwota to 2150 z\u0142 miesi\u0119cznie, przyznawana na 12 miesi\u0119cy, pod warunkiem, \u017ce miesi\u0119czny doch\u00f3d emeryta nie przekracza 3500 z\u0142.<\/li>\n<li value=\"2\">Dodatek za d\u0142ugi <a class=\"seoMapping\" href=\"https:\/\/kadry.infor.pl\/tematy\/staz\/\" title=\"sta\u017c\" rel=\"nofollow noopener\" target=\"_blank\">sta\u017c<\/a> ma\u0142\u017ce\u0144ski: To propozycja jednorazowego <a class=\"seoMapping\" href=\"https:\/\/samorzad.infor.pl\/tematy\/swiadczenia\/\" title=\"\u015bwiadczenia\" rel=\"nofollow noopener\" target=\"_blank\">\u015bwiadczenia<\/a> dla par z co najmniej 50-letnim sta\u017cem ma\u0142\u017ce\u0144skim. Pocz\u0105tkowo mia\u0142oby to by\u0107 5000 z\u0142, a kwota ta wzrasta\u0142aby o 500 z\u0142 co pi\u0119\u0107 lat, osi\u0105gaj\u0105c 8000 z\u0142 dla ma\u0142\u017ce\u0144stw z 80-letnim sta\u017cem. Oznacza to, \u017ce osoby, kt\u00f3re wzi\u0119\u0142y \u015blub w wieku 20 lat, mog\u0142yby otrzyma\u0107 pierwsz\u0105 wyp\u0142at\u0119 w wieku 70 lat.<\/li>\n<\/ul>\n<p>Jak zauwa\u017ca Piotr Juszczyk, doradca podatkowy InFaktu, nowe \u015bwiadczenia takie jak bon senioralny i dodatek za sta\u017c ma\u0142\u017ce\u0144ski to odpowied\u017a na demograficzne i spo\u0142eczne wyzwania, wspieraj\u0105ce d\u0142u\u017csze \u017cycie w domu i doceniaj\u0105ce d\u0142ugoletnie zwi\u0105zki. Oba te dodatki mog\u0105 wsp\u00f3lnie zwi\u0119kszy\u0107 roczny bud\u017cet senior\u00f3w nawet o 30,8 tys. z\u0142.<\/p>\n","protected":false},"excerpt":{"rendered":"Okazuje si\u0119, \u017ce dodatki do emerytury mog\u0105 znacznie poprawi\u0107 sytuacj\u0119 finansow\u0105 senior\u00f3w. Warto jednak pami\u0119ta\u0107, \u017ce nie wszystkie&hellip;\n","protected":false},"author":2,"featured_media":51835,"comment_status":"","ping_status":"","sticky":false,"template":"","format":"standard","meta":{"footnotes":""},"categories":[16],"tags":[113,112,13948,13947,13946,42,38,40,39,41],"class_list":{"0":"post-51834","1":"post","2":"type-post","3":"status-publish","4":"format-standard","5":"has-post-thumbnail","7":"category-biznes","8":"tag-biznes","9":"tag-business","10":"tag-dodatki","11":"tag-dodatki-dla-seniorow","12":"tag-dodatki-do-emerytury","13":"tag-pl","14":"tag-poland","15":"tag-polish","16":"tag-polska","17":"tag-polski"},"share_on_mastodon":{"url":"","error":""},"_links":{"self":[{"href":"https:\/\/www.europesays.com\/pl\/wp-json\/wp\/v2\/posts\/51834","targetHints":{"allow":["GET"]}}],"collection":[{"href":"https:\/\/www.europesays.com\/pl\/wp-json\/wp\/v2\/posts"}],"about":[{"href":"https:\/\/www.europesays.com\/pl\/wp-json\/wp\/v2\/types\/post"}],"author":[{"embeddable":true,"href":"https:\/\/www.europesays.com\/pl\/wp-json\/wp\/v2\/users\/2"}],"replies":[{"embeddable":true,"href":"https:\/\/www.europesays.com\/pl\/wp-json\/wp\/v2\/comments?post=51834"}],"version-history":[{"count":0,"href":"https:\/\/www.europesays.com\/pl\/wp-json\/wp\/v2\/posts\/51834\/revisions"}],"wp:featuredmedia":[{"embeddable":true,"href":"https:\/\/www.europesays.com\/pl\/wp-json\/wp\/v2\/media\/51835"}],"wp:attachment":[{"href":"https:\/\/www.europesays.com\/pl\/wp-json\/wp\/v2\/media?parent=51834"}],"wp:term":[{"taxonomy":"category","embeddable":true,"href":"https:\/\/www.europesays.com\/pl\/wp-json\/wp\/v2\/categories?post=51834"},{"taxonomy":"post_tag","embeddable":true,"href":"https:\/\/www.europesays.com\/pl\/wp-json\/wp\/v2\/tags?post=51834"}],"curies":[{"name":"wp","href":"https:\/\/api.w.org\/{rel}","templated":true}]}}