{"id":51836,"date":"2025-10-16T10:40:09","date_gmt":"2025-10-16T10:40:09","guid":{"rendered":"https:\/\/www.europesays.com\/pl\/51836\/"},"modified":"2025-10-16T10:40:09","modified_gmt":"2025-10-16T10:40:09","slug":"rozpoczela-sie-la-nina-taka-pogode-przyniesie-jej-zimowe-apogeum","status":"publish","type":"post","link":"https:\/\/www.europesays.com\/pl\/51836\/","title":{"rendered":"Rozpocz\u0119\u0142a si\u0119 La Ni\u00f1a. Tak\u0105 pogod\u0119 przyniesie jej zimowe apogeum"},"content":{"rendered":"<p class=\"ods-c-paragraph \">Zjawiska La Ni\u00f1a (&#8222;dziewczynka&#8221;)\/El Ni\u00f1o (&#8222;dzieci\u0105tko&#8221;) wi\u0105\u017c\u0105 si\u0119 z temperatur\u0105 wody w Oceanie Spokojnym i wp\u0142ywaj\u0105 na pogod\u0119 na Ziemi. W momencie rozwoju &#8222;dzieci\u0105tka&#8221; <a href=\"https:\/\/wiadomosci.onet.pl\/temperatura\" id=\"43b7961b-c4d7-40ac-9603-3a3fae619226\" rel=\"nofollow noopener\" target=\"_blank\">temperatura<\/a> we wschodniej cz\u0119\u015bci tropikalnego Pacyfiku jest znacznie wy\u017csza, ni\u017c wynika z normy, co dodatkowo ociepla nasz\u0105 planet\u0119. W przypadku La Ni\u00f1a wody s\u0105 ch\u0142odniejsze.<\/p>\n<p> Rozpocz\u0119\u0142a si\u0119 La Ni\u00f1a. Apogeum anomalii nadejdzie zim\u0105<\/p>\n<p class=\"ods-c-paragraph \">W ostatnich miesi\u0105cach mieli\u015bmy do czynienia z umiarkowanie ciep\u0142ymi wodami, bez wi\u0119kszych odchyle\u0144. Obecnie stopniowo si\u0119 one sch\u0142adzaj\u0105 i teraz s\u0105 ju\u017c o ok. 0,5 st. C zimniejsze od normy, a to nie koniec. Oznacza to, \u017ce wkroczyli\u015bmy w La Ni\u00f1a. Ameryka\u0144skie centra pogodowe zapowiadaj\u0105, \u017ce jej apogeum nadejdzie wczesn\u0105 <a href=\"https:\/\/wiadomosci.onet.pl\/zima\" id=\"6388e780-bdd6-4288-8098-dfbf2d139b83\" rel=\"nofollow noopener\" target=\"_blank\">zim\u0105<\/a>, gdy anomalia w\u00f3d wschodniego Pacyfiku spadnie do -1 st. C. Nast\u0119pnie zacznie si\u0119 zmniejsza\u0107. Ju\u017c wiosn\u0105 ponownie wkroczymy w warunki neutralne, a w po\u0142owie roku by\u0107 mo\u017ce nawet w faz\u0119 odwrotn\u0105, czyli El Ni\u00f1o.<\/p>\n<p><img decoding=\"async\" src=\"https:\/\/www.europesays.com\/pl\/wp-content\/uploads\/2025\/10\/fTlk9lBaHR0cHM6Ly9vY2RuLmV1L3B1bHNjbXMvTURBXy84ZDE3OTQ2ZjIxNmVjMzc0YmFlNmY0MTU0MmZkYWU1MC5wbmeRlQLNB.jpeg\" height=\"680\" width=\"880\" alt=\"Prognoza anomalii temperatury Pacyfiku w kolejnych miesi\u0105cach\" loading=\"lazy\" class=\"ods-c-image__img ods-c-image__img--viewport-width\"\/><\/p>\n<p>Prognoza anomalii temperatury Pacyfiku w kolejnych miesi\u0105cachhttps:\/\/www.cpc.ncep.noaa.gov\/<\/p>\n<p class=\"ods-c-paragraph \">La Ni\u00f1a, tak jak jej przeciwie\u0144stwo, przynosi w wielu krajach szereg anomalii pogodowych. Zim\u0105, gdy nast\u0105pi apogeum &#8222;dziewczynki&#8221;, przyczyni si\u0119 ona do wyst\u0119powania fal mroz\u00f3w w p\u00f3\u0142nocnej cz\u0119\u015bci Ameryki P\u00f3\u0142nocnej, zw\u0142aszcza od Alaski po zachodni\u0105 i po\u0142udniow\u0105 Kanad\u0119. Ch\u0142odno powinno zrobi\u0107 si\u0119 r\u00f3wnie\u017c w obu Koreach, Japonii, na wschodzie Brazylii i po\u0142udniowym zachodzie Afryki.<\/p>\n<p>Dalszy ci\u0105g artyku\u0142u pod materia\u0142em wideo<\/p>\n<p class=\"ods-c-paragraph \">Tymczasem Indonezja i po\u0142udniowy wsch\u00f3d Afryki b\u0119d\u0105 walczy\u0107 z powodziami, a po\u0142udnie Stan\u00f3w Zjednoczonych z gor\u0105c\u0105 i such\u0105 <a href=\"https:\/\/wiadomosci.onet.pl\/pogoda\" id=\"146466c2-142f-4a36-8286-5dc9d3565aed\" rel=\"nofollow noopener\" target=\"_blank\">pogod\u0105<\/a>.<\/p>\n<p><img decoding=\"async\" src=\"https:\/\/www.europesays.com\/pl\/wp-content\/uploads\/2025\/10\/o8nk9lBaHR0cHM6Ly9vY2RuLmV1L3B1bHNjbXMvTURBXy82YjM4YjNmMmFhMGIzYTRjOTU5N2MxNTg3ZDNiOTc0ZS5wbmeRlQLNB.jpeg\" height=\"660\" width=\"620\" alt=\"Wp\u0142yw La Ni\u00f1a na pogod\u0119 na \u015bwiecie zim\u0105 i latem\" loading=\"lazy\" class=\"ods-c-image__img ods-c-image__img--vertical\"\/><\/p>\n<p>Wp\u0142yw La Ni\u00f1a na pogod\u0119 na \u015bwiecie zim\u0105 i latemNOAA<\/p>\n<p class=\"ods-c-paragraph \">Anomalia najprawdopodobniej ma r\u00f3wnie\u017c wp\u0142yw na kszta\u0142towanie pogody na naszym kontynencie. Nie zosta\u0142 on jednak jeszcze dok\u0142adnie zbadany i z pewno\u015bci\u0105 jest du\u017co s\u0142abszy ni\u017c w obu Amerykach, Afryce czy Azji. Niemniej badacze z Europejskiego Centrum Prognoz \u015arednioterminowych (ECMWF) przeanalizowali, jak wygl\u0105da\u0142y w przesz\u0142o\u015bci wzorce ci\u015bnienia podczas obu anomalii. Wyniki pokaza\u0142y, \u017ce w czasie La Ni\u00f1a w listopadzie i grudniu nad Atlantykiem cz\u0119\u015bciej pojawia\u0142y si\u0119 wy\u017ce, a nad Rosj\u0105 ni\u017ce, co teoretycznie u\u0142atwia sp\u0142ywy zimnego, arktycznego powietrza. W styczniu i lutym sytuacja jest odwrotna, co zwi\u0119ksza prawdopodobie\u0144stwo ocieplenia.<\/p>\n<p><img decoding=\"async\" src=\"https:\/\/www.europesays.com\/pl\/wp-content\/uploads\/2025\/10\/Upmk9lBaHR0cHM6Ly9vY2RuLmV1L3B1bHNjbXMvTURBXy9lZmM0YzBmNTNmM2Q3ZTJjYThlYTEyNmZlZmQyNTdkOS5wbmeSlQMAA.jpeg\" height=\"529\" width=\"940\" alt=\"U\u015brednione anomalie ci\u015bnienia atmosferycznego, z prawej strony dla zjawiska La Ni\u00f1a. Na g\u00f3rze w okresie listopad-grudzie\u0144, a na dole \u2014 stycze\u0144-luty.\" loading=\"lazy\" class=\"ods-c-image__img ods-c-image__img--vertical\"\/><\/p>\n<p>U\u015brednione anomalie ci\u015bnienia atmosferycznego, z prawej strony dla zjawiska La Ni\u00f1a. Na g\u00f3rze w okresie listopad-grudzie\u0144, a na dole \u2014 stycze\u0144-luty.Molteni, F., Brookshaw, A. Early- and late-winter ENSO teleconnections to the Euro-Atlantic region in state-of-the-art seasonal forecasting systems. Clim Dyn 61, 2673\u20132692 (2023). https:\/\/doi.org\/10.1007\/s00382-023-06698-7<\/p>\n<p class=\"ods-c-paragraph \">Analizy dotycz\u0105ce przebiegu pogody zim\u0105 w czasie trwania s\u0142abej La Ni\u00f1a wykona\u0142 r\u00f3wnie\u017c portal Severe Weather Europe. Wynika z nich, \u017ce na po\u0142udniu Europy, po\u0142udniowym zachodzie i p\u00f3\u0142nocnym wschodzie Ameryki P\u00f3\u0142nocnej temperatury cz\u0119sto s\u0105 w\u00f3wczas wy\u017csze ni\u017c zwykle. Natomiast taka anomalia ma z kolei zwi\u0119ksza\u0107 prawdopodobie\u0144stwo ch\u0142odniejszej pogody w wi\u0119kszo\u015bci Kanady, na p\u00f3\u0142nocy i wschodzie USA oraz w p\u00f3\u0142nocnej i \u015brodkowej Europie, w tym w Polsce.<\/p>\n<p><img decoding=\"async\" src=\"https:\/\/www.europesays.com\/pl\/wp-content\/uploads\/2025\/10\/e6Zk9lBaHR0cHM6Ly9vY2RuLmV1L3B1bHNjbXMvTURBXy83YjMzMjYwNGViMTQ0NmQ0MWE2YmUyZGFlMWRlOWJiYy5wbmeRlQLNB.jpeg\" height=\"440\" width=\"940\" alt=\"Anomalie temperatury zim\u0105 w czasie wyst\u0119powania s\u0142abej fazy La Ni\u00f1a\" loading=\"lazy\" class=\"ods-c-image__img ods-c-image__img--viewport-width\"\/><\/p>\n<p>Anomalie temperatury zim\u0105 w czasie wyst\u0119powania s\u0142abej fazy La Ni\u00f1aSevere Weather Europe<\/p>\n","protected":false},"excerpt":{"rendered":"Zjawiska La Ni\u00f1a (&#8222;dziewczynka&#8221;)\/El Ni\u00f1o (&#8222;dzieci\u0105tko&#8221;) wi\u0105\u017c\u0105 si\u0119 z temperatur\u0105 wody w Oceanie Spokojnym i wp\u0142ywaj\u0105 na pogod\u0119&hellip;\n","protected":false},"author":2,"featured_media":51837,"comment_status":"","ping_status":"","sticky":false,"template":"","format":"standard","meta":{"footnotes":""},"categories":[14],"tags":[32,33,13949,27,34,35,28,31,48,25,46,78,40,41,47,80,1652,29,30,26,82,83,84],"class_list":{"0":"post-51836","1":"post","2":"type-post","3":"status-publish","4":"format-standard","5":"has-post-thumbnail","7":"category-swiat","8":"tag-breaking-news","9":"tag-breakingnews","10":"tag-el_nino","11":"tag-headlines","12":"tag-latest-news","13":"tag-latestnews","14":"tag-naglowki","15":"tag-najwazniejsze-artykuly","16":"tag-nat_styl","17":"tag-news","18":"tag-omp","19":"tag-pogoda","20":"tag-polish","21":"tag-polski","22":"tag-screening_general","23":"tag-swiat","24":"tag-temperatura","25":"tag-top-stories","26":"tag-topstories","27":"tag-wiadomosci","28":"tag-world","29":"tag-world-news","30":"tag-worldnews"},"share_on_mastodon":{"url":"","error":""},"_links":{"self":[{"href":"https:\/\/www.europesays.com\/pl\/wp-json\/wp\/v2\/posts\/51836","targetHints":{"allow":["GET"]}}],"collection":[{"href":"https:\/\/www.europesays.com\/pl\/wp-json\/wp\/v2\/posts"}],"about":[{"href":"https:\/\/www.europesays.com\/pl\/wp-json\/wp\/v2\/types\/post"}],"author":[{"embeddable":true,"href":"https:\/\/www.europesays.com\/pl\/wp-json\/wp\/v2\/users\/2"}],"replies":[{"embeddable":true,"href":"https:\/\/www.europesays.com\/pl\/wp-json\/wp\/v2\/comments?post=51836"}],"version-history":[{"count":0,"href":"https:\/\/www.europesays.com\/pl\/wp-json\/wp\/v2\/posts\/51836\/revisions"}],"wp:featuredmedia":[{"embeddable":true,"href":"https:\/\/www.europesays.com\/pl\/wp-json\/wp\/v2\/media\/51837"}],"wp:attachment":[{"href":"https:\/\/www.europesays.com\/pl\/wp-json\/wp\/v2\/media?parent=51836"}],"wp:term":[{"taxonomy":"category","embeddable":true,"href":"https:\/\/www.europesays.com\/pl\/wp-json\/wp\/v2\/categories?post=51836"},{"taxonomy":"post_tag","embeddable":true,"href":"https:\/\/www.europesays.com\/pl\/wp-json\/wp\/v2\/tags?post=51836"}],"curies":[{"name":"wp","href":"https:\/\/api.w.org\/{rel}","templated":true}]}}