{"id":518424,"date":"2026-06-26T13:53:11","date_gmt":"2026-06-26T13:53:11","guid":{"rendered":"https:\/\/www.europesays.com\/pl\/518424\/"},"modified":"2026-06-26T13:53:11","modified_gmt":"2026-06-26T13:53:11","slug":"letnia-promocja-orlenu-dla-kierowcow-elektrykow-ladowanie-za-219-zl-kwh","status":"publish","type":"post","link":"https:\/\/www.europesays.com\/pl\/518424\/","title":{"rendered":"Letnia promocja Orlenu dla kierowc\u00f3w &#8222;elektryk\u00f3w&#8221;. \u0141adowanie za 2,19 z\u0142\/kWh"},"content":{"rendered":"\n<p>&#13;<br \/>\nWcze\u015bniej standardow\u0105 stawk\u0105 by\u0142o 2,69 z\u0142\/kWh za\u00a0\u0142adowanie na\u00a0szybkich stacjach DC. &#13;\n<\/p>\n<p>&#13;<br \/>\nW przypadku wolnego \u0142adowania AC cena spadnie z\u00a01,95 z\u0142\/kWh do\u00a01,59 z\u0142\/kWh. Promocja obowi\u0105zuje od\u00a026 czerwca od\u00a0godz. 9:00 do\u00a01 wrze\u015bnia do\u00a0godz. 9:00. &#13;\n<\/p>\n<p>Wi\u0119kszy komfort dla\u00a0kierowc\u00f3w &#8222;elektryk\u00f3w&#8221;<\/p>\n<p>&#13;<br \/>\n&#8222;Konsekwentnie rozbudowujemy sie\u0107 nowoczesnych hub\u00f3w i\u00a0stacji \u0142adowania Orlen Charge, tak \u017ceby <a href=\"https:\/\/dorzeczy.pl\/ekonomia\/905155\/rosnie-liczba-samochodow-elektrycznych-w-polsce-jest-tez-wiecej-hybryd-plug-in.html\" rel=\"nofollow noopener\" target=\"_blank\">kierowcy elektryk\u00f3w<\/a> mogli planowa\u0107 podr\u00f3\u017ce komfortowo i\u00a0z\u00a0jeszcze wi\u0119ksz\u0105 swobod\u0105. Nasza wakacyjna promocja wpisuje si\u0119 w\u00a0potrzeby sezonu, w\u00a0kt\u00f3rym mobilno\u015b\u0107 i\u00a0wygoda w\u00a0trasie maj\u0105 szczeg\u00f3lne znaczenie&#8221; \u2013\u00a0powiedzia\u0142 dyrektor wykonawczy ds. elektromobilno\u015bci w\u00a0Orlenie Krzysztof Kaczy\u0144ski, cytowany w\u00a0komunikacie. &#13;\n<\/p>\n<p>&#13;<br \/>\nHuby dzia\u0142aj\u0105 ju\u017c m.in. w\u00a0Nowym Dworze Gda\u0144skim, Gorzowie Wielkopolskim i\u00a0Szczecinie, a\u00a0tak\u017ce przy wa\u017cnych trasach szybkiego ruchu \u2013\u00a0na\u00a0Miejscach Obs\u0142ugi Podr\u00f3\u017cnych Olsztynek Po\u0142udnie, Gruczno Zach\u00f3d oraz\u00a0Barnis\u0142aw P\u00f3\u0142noc i\u00a0Po\u0142udnie. W\u00a0ostatnim czasie do\u00a0sieci do\u0142\u0105czy\u0142y kolejne lokalizacje istotne dla\u00a0podr\u00f3\u017cuj\u0105cych po\u00a0kraju, w\u00a0tym MOP Brzegi w\u00a0wojew\u00f3dztwie \u015bwi\u0119tokrzyskim, MOP Morz\u0119cino Zach\u00f3d na\u00a0Dolnym \u015al\u0105sku oraz\u00a0Stare Miasto w\u00a0Wielkopolsce. Sie\u0107 uzupe\u0142niaj\u0105 szybkie stacje \u0142adowania typu standalone w\u00a0kolejnych miastach w\u00a0ca\u0142ej Polsce. &#13;\n<\/p>\n<p>Tyle punkt\u00f3w \u0142adowania Orlen posiada w\u00a0Polsce<\/p>\n<p>&#13;<br \/>\n\u0141\u0105cznie Orlen Charge obejmuje dzi\u015b ponad 1300 punkt\u00f3w \u0142adowania, a\u00a0do ko\u0144ca 2027 roku Orlen planuje uruchomienie kilkudziesi\u0119ciu nowych hub\u00f3w i\u00a0ponad stu lokalizacji standalone. &#13;\n<\/p>\n<p>&#13;<br \/>\nGrupa Orlen zarz\u0105dza rafineriami w\u00a0Polsce, Czechach i\u00a0na Litwie, prowadzi dzia\u0142alno\u015b\u0107 detaliczn\u0105 w\u00a0Europie \u015arodkowej, wydobywcz\u0105 w\u00a0Polsce, Norwegii, Kanadzie i\u00a0Pakistanie, a\u00a0tak\u017ce zajmuje si\u0119 produkcj\u0105 energii, w\u00a0tym z\u00a0OZE i\u00a0dystrybucj\u0105 gazu ziemnego. W\u00a0ramach budowy koncernu multienergetycznego sp\u00f3\u0142ka sfinalizowa\u0142a przej\u0119cia Grupy Lotos i\u00a0PGNiG oraz\u00a0wi\u0119kszo\u015bciowego pakietu Grupy Energa. Jej skonsolidowane przychody ze\u00a0sprzeda\u017cy si\u0119gn\u0119\u0142y 267,3 mld z\u0142 w\u00a02025\u00a0r. Sp\u00f3\u0142ka jest notowana na\u00a0GPW od\u00a01999\u00a0r.; wchodzi w\u00a0sk\u0142ad indeksu WIG20. &#13;\n<\/p>\n<p>&#13;<br \/>\nCzytaj te\u017c:<br \/><a href=\"https:\/\/dorzeczy.pl\/ekonomia\/902848\/nowe-auta-elektryczne-sprzedaja-sie-w-polsce-szybciej-inaczej-jest-z-uzywanymi.html\" rel=\"follow nofollow noopener\" data-schema=\"DORZECZY\" data-image=\"https:\/\/img.dorzeczy.pl\/_thumb\/37\/fd\/a8c5eca05ceaf567b83218038f6a.jpeg\" target=\"_blank\">Tak sprzedaj\u0105 si\u0119 &#8222;elektryki&#8221;. Zauwa\u017cono ciekawy trend<\/a>Czytaj te\u017c:<br \/><a href=\"https:\/\/dorzeczy.pl\/ekonomia\/895159\/elektryki-plona-czesciej-niz-auta-spalinowe-straz-pozarna-udostepnila-dane.html\" rel=\"follow nofollow noopener\" data-schema=\"DORZECZY\" data-image=\"https:\/\/img.dorzeczy.pl\/_thumb\/22\/69\/81e84a04202d791fecd796955090.jpeg\" target=\"_blank\">Po\u017cary aut elektrycznych. Stra\u017c Po\u017carna udost\u0119pni\u0142a dane<\/a>&#13;<\/p>\n","protected":false},"excerpt":{"rendered":"&#13; Wcze\u015bniej standardow\u0105 stawk\u0105 by\u0142o 2,69 z\u0142\/kWh za\u00a0\u0142adowanie na\u00a0szybkich stacjach DC. &#13; &#13; W przypadku wolnego \u0142adowania AC&hellip;\n","protected":false},"author":2,"featured_media":501946,"comment_status":"","ping_status":"","sticky":false,"template":"","format":"standard","meta":{"footnotes":"","_share_on_mastodon":"0"},"categories":[52097],"tags":[7590,1140,98,105,21645,49,4943,102,774,42,38,40,39,41,863,100964,4502],"class_list":["post-518424","post","type-post","status-publish","format-standard","has-post-thumbnail","category-orlen","tag-auta-elektryczne","tag-cena","tag-dorzeczy","tag-ekonomia","tag-elektryki","tag-kraj","tag-ladowanie","tag-opinie","tag-orlen","tag-pl","tag-poland","tag-polish","tag-polska","tag-polski","tag-promocja","tag-punkty-ladowania","tag-samochody-elektryczne"],"share_on_mastodon":{"url":"https:\/\/pubeurope.com\/@pl\/116816747088519838","error":""},"_links":{"self":[{"href":"https:\/\/www.europesays.com\/pl\/wp-json\/wp\/v2\/posts\/518424","targetHints":{"allow":["GET"]}}],"collection":[{"href":"https:\/\/www.europesays.com\/pl\/wp-json\/wp\/v2\/posts"}],"about":[{"href":"https:\/\/www.europesays.com\/pl\/wp-json\/wp\/v2\/types\/post"}],"author":[{"embeddable":true,"href":"https:\/\/www.europesays.com\/pl\/wp-json\/wp\/v2\/users\/2"}],"replies":[{"embeddable":true,"href":"https:\/\/www.europesays.com\/pl\/wp-json\/wp\/v2\/comments?post=518424"}],"version-history":[{"count":0,"href":"https:\/\/www.europesays.com\/pl\/wp-json\/wp\/v2\/posts\/518424\/revisions"}],"wp:featuredmedia":[{"embeddable":true,"href":"https:\/\/www.europesays.com\/pl\/wp-json\/wp\/v2\/media\/501946"}],"wp:attachment":[{"href":"https:\/\/www.europesays.com\/pl\/wp-json\/wp\/v2\/media?parent=518424"}],"wp:term":[{"taxonomy":"category","embeddable":true,"href":"https:\/\/www.europesays.com\/pl\/wp-json\/wp\/v2\/categories?post=518424"},{"taxonomy":"post_tag","embeddable":true,"href":"https:\/\/www.europesays.com\/pl\/wp-json\/wp\/v2\/tags?post=518424"}],"curies":[{"name":"wp","href":"https:\/\/api.w.org\/{rel}","templated":true}]}}