{"id":518484,"date":"2026-06-26T14:27:12","date_gmt":"2026-06-26T14:27:12","guid":{"rendered":"https:\/\/www.europesays.com\/pl\/518484\/"},"modified":"2026-06-26T14:27:12","modified_gmt":"2026-06-26T14:27:12","slug":"kolejny-seans-kina-na-wolnym-poznaniacy-ponownie-obejrza-film-pod-golym-niebem","status":"publish","type":"post","link":"https:\/\/www.europesays.com\/pl\/518484\/","title":{"rendered":"Kolejny seans Kina na Wolnym. Poznaniacy ponownie obejrz\u0105 film pod go\u0142ym niebem"},"content":{"rendered":"<p>    To w ramach letniego cyklu Kina #NaWolnym.<\/p>\n<p> Jak informuje Miasto Pozna\u0144, w najbli\u017cszy pi\u0105tek, 26 czerwca, Poznaniacy i Poznanianki ponownie b\u0119d\u0105 mogli obejrze\u0107 film pod go\u0142ym niebem. Seans odb\u0119dzie si\u0119 na Wolnym Dziedzi\u0144cu Urz\u0119du Miasta Poznania i rozpocznie si\u0119 o godz. 21:45.<\/p>\n<p>Tym razem w programie znalaz\u0142 si\u0119 film &#8222;G\u0142os Hind Rajab&#8221;: to opowie\u015b\u0107 inspirowana prawdziwymi wydarzeniami ze Strefy Gazy. Punktem wyj\u015bcia dla historii jest dramatyczne zg\u0142oszenie, kt\u00f3re otrzymuj\u0105 wolontariusze Czerwonego P\u00f3\u0142ksi\u0119\u017cyca. Sze\u015bcioletnia dziewczynka, uwi\u0119ziona w samochodzie pod ostrza\u0142em, prosi o pomoc, a ratownicy pr\u00f3buj\u0105 utrzyma\u0107 z ni\u0105 kontakt i zorganizowa\u0107 dla niej wsparcie.<\/p>\n<p>Przed seansem zaplanowano kr\u00f3tk\u0105 prelekcj\u0119 o pracy ratownik\u00f3w i wolontariuszy. Tematyka filmu stanie si\u0119 punktem wyj\u015bcia do kr\u00f3tkiej prelekcji przed pokazem o 21.15. Z publiczno\u015bci\u0105 spotkaj\u0105 si\u0119 przedstawiciele Polskiego Czerwonego Krzy\u017ca, kt\u00f3rzy opowiedz\u0105 o prowadzonej przez nich dzia\u0142alno\u015bci ratowniczej i humanitarnej.<\/p>\n<p>&#8211; Polski Czerwony Krzy\u017c jest najstarsz\u0105 polsk\u0105 organizacj\u0105 humanitarn\u0105 i nale\u017cy do Mi\u0119dzynarodowego Ruchu Czerwonego Krzy\u017ca i Czerwonego P\u00f3\u0142ksi\u0119\u017cyca. Przed seansem b\u0119dzie mo\u017cna us\u0142ysze\u0107 wi\u0119cej o pracy grup ratownictwa, kt\u00f3re anga\u017cuj\u0105 si\u0119 w pomoc podczas katastrof, kl\u0119sk \u017cywio\u0142owych i innych sytuacji kryzysowych  &#8211; przypomina Miasto Pozna\u0144. <\/p>\n<p>Jedn\u0105 z takich jednostek jest Grupa Ratownictwa PCK Pozna\u0144, dzia\u0142aj\u0105ca od 2006 roku. Tworz\u0105 j\u0105 wolontariusze nie tylko ze stolicy Wielkopolski, ale ca\u0142ego wojew\u00f3dztwa, przygotowuj\u0105cy si\u0119 do niesienia pomocy w sytuacjach nag\u0142ych, kryzysowych i wymagaj\u0105cych wsp\u00f3\u0142pracy wielu s\u0142u\u017cb.<\/p>\n<p>W pozna\u0144skiej grupie dzia\u0142a obecnie oko\u0142o 50 os\u00f3b. S\u0105 w\u015br\u00f3d nich mi\u0119dzy innymi ratowniczka medyczna, piel\u0119gniarki, ratownicy kwalifikowanej pierwszej pomocy, operatorzy dron\u00f3w, plani\u015bci, nawigatorzy terenowi oraz przewodniczka psa ratowniczego. Dzi\u0119ki temu zesp\u00f3\u0142 \u0142\u0105czy kompetencje medyczne, terenowe, logistyczne i organizacyjne.<\/p>\n<p>Ca\u0142y rozk\u0142ad letniego kina mo\u017cna znale\u017a\u0107 na stronie www.poznan.pl. <\/p>\n<p>Do g\u0142\u00f3wnych zada\u0144 Grupy Ratownictwa PCK Pozna\u0144 nale\u017c\u0105 poszukiwania os\u00f3b zaginionych, wsparcie dzia\u0142a\u0144 ratowniczych i pomocowych, zabezpieczenia medyczne wydarze\u0144, a tak\u017ce dzia\u0142ania prowadzone podczas kl\u0119sk \u017cywio\u0142owych i innych sytuacji kryzysowych. Wolontariusze anga\u017cuj\u0105 si\u0119 r\u00f3wnie\u017c w edukacj\u0119 z zakresu pierwszej pomocy oraz przygotowanie do ewakuacji i wsparcia ludno\u015bci.<\/p>\n<p style=\"margin-bottom: 6px;\">Autor: <a href=\"https:\/\/epoznan.pl\/newsListAuthor-Paula Zych\" rel=\"nofollow noopener\" target=\"_blank\">Paula Zych<\/a><\/p>\n<p>Dodano: 26 czerwca 2026 r. godz. 15:50<\/p>\n","protected":false},"excerpt":{"rendered":"To w ramach letniego cyklu Kina #NaWolnym. Jak informuje Miasto Pozna\u0144, w najbli\u017cszy pi\u0105tek, 26 czerwca, Poznaniacy i&hellip;\n","protected":false},"author":2,"featured_media":518485,"comment_status":"","ping_status":"","sticky":false,"template":"","format":"standard","meta":{"footnotes":"","_share_on_mastodon":"0"},"categories":[51609],"tags":[1091,42,101120,38,40,39,41,1817,36895],"class_list":["post-518484","post","type-post","status-publish","format-standard","has-post-thumbnail","category-poznan","tag-kino","tag-pl","tag-pod-golym-niebem","tag-poland","tag-polish","tag-polska","tag-polski","tag-poznan","tag-seans"],"share_on_mastodon":{"url":"https:\/\/pubeurope.com\/@pl\/116816880911723151","error":""},"_links":{"self":[{"href":"https:\/\/www.europesays.com\/pl\/wp-json\/wp\/v2\/posts\/518484","targetHints":{"allow":["GET"]}}],"collection":[{"href":"https:\/\/www.europesays.com\/pl\/wp-json\/wp\/v2\/posts"}],"about":[{"href":"https:\/\/www.europesays.com\/pl\/wp-json\/wp\/v2\/types\/post"}],"author":[{"embeddable":true,"href":"https:\/\/www.europesays.com\/pl\/wp-json\/wp\/v2\/users\/2"}],"replies":[{"embeddable":true,"href":"https:\/\/www.europesays.com\/pl\/wp-json\/wp\/v2\/comments?post=518484"}],"version-history":[{"count":0,"href":"https:\/\/www.europesays.com\/pl\/wp-json\/wp\/v2\/posts\/518484\/revisions"}],"wp:featuredmedia":[{"embeddable":true,"href":"https:\/\/www.europesays.com\/pl\/wp-json\/wp\/v2\/media\/518485"}],"wp:attachment":[{"href":"https:\/\/www.europesays.com\/pl\/wp-json\/wp\/v2\/media?parent=518484"}],"wp:term":[{"taxonomy":"category","embeddable":true,"href":"https:\/\/www.europesays.com\/pl\/wp-json\/wp\/v2\/categories?post=518484"},{"taxonomy":"post_tag","embeddable":true,"href":"https:\/\/www.europesays.com\/pl\/wp-json\/wp\/v2\/tags?post=518484"}],"curies":[{"name":"wp","href":"https:\/\/api.w.org\/{rel}","templated":true}]}}