{"id":518566,"date":"2026-06-26T15:19:14","date_gmt":"2026-06-26T15:19:14","guid":{"rendered":"https:\/\/www.europesays.com\/pl\/518566\/"},"modified":"2026-06-26T15:19:14","modified_gmt":"2026-06-26T15:19:14","slug":"grand-prix-puchar-polski-open-water","status":"publish","type":"post","link":"https:\/\/www.europesays.com\/pl\/518566\/","title":{"rendered":"Grand Prix Puchar Polski Open Water"},"content":{"rendered":"\n<p>\t\t\t<a data-fancybox=\"gallery\" href=\"https:\/\/www.bialystokonline.pl\/gfx\/gfx_imprezy\/202606\/150278\/150278-max.webp\" data-caption=\"Grand Prix Puchar Polski Open Water\" class=\"event-item-photo\" rel=\"nofollow noopener\" target=\"_blank\"><\/p>\n<p>                    <img decoding=\"async\" class=\"event-item-img\" src=\"https:\/\/www.europesays.com\/pl\/wp-content\/uploads\/2026\/06\/150278-mini1.jpg\" alt=\"Grand Prix Puchar Polski Open Water\" title=\"Grand Prix Puchar Polski Open Water\" width=\"300\" height=\"158\" loading=\"lazy\"\/><\/p>\n<p>            <\/a><\/p>\n<p>\n            27<br \/>\n            cze 2026\n        <\/p>\n<p>\n            Sobota\n        <\/p>\n<p>\n            godz. 09:00\n        <\/p>\n<p>Ju\u017c 27 czerwca Pla\u017ca Miejska w Dojlidach stanie si\u0119 aren\u0105 sportowych emocji, rywalizacji i \u015bwietnej atmosfery podczas zawod\u00f3w Grand Prix Pucharu Polski w Aquathlonie!<\/p>\n<p>To doskona\u0142a okazja, aby sprawdzi\u0107 swoj\u0105 form\u0119 oraz prze\u017cy\u0107 wyj\u0105tkowe sportowe wydarzenie w jednym z najlepszych miejsc do rywalizacji w regionie. Na uczestnik\u00f3w czeka dynamiczna trasa, sportowe emocje i niezapomniana atmosfera zar\u00f3wno dla zawodnik\u00f3w, jak i kibic\u00f3w!<\/p>\n<p>W zawodach mog\u0105 wystartowa\u0107 zar\u00f3wno amatorzy, kt\u00f3rzy chc\u0105 spr\u00f3bowa\u0107 swoich si\u0142 i poczu\u0107 sportowe emocje, jak i do\u015bwiadczeni zawodnicy walcz\u0105cy o najwy\u017csze miejsca. Dzi\u0119ki czemu ka\u017cdy znajdzie rywalizacj\u0119 odpowiedni\u0105 dla siebie!<\/p>\n<p>W zawodach przewidziane s\u0105 r\u00f3wnie\u017c kategorie dla dzieci i m\u0142odzie\u017cy, dzi\u0119ki czemu ca\u0142e rodziny mog\u0105 wsp\u00f3lnie uczestniczy\u0107 w tym wyj\u0105tkowym wydarzeniu sportowym.<\/p>\n<p>Organizator<br \/>\n&#13;<br \/>\n&#13;<br \/>\n&#13;<br \/>\n<img loading=\"lazy\" decoding=\"async\" src=\"https:\/\/www.europesays.com\/pl\/wp-content\/uploads\/2026\/06\/1782487154_800_adlog.gif\" width=\"0\" height=\"0\" alt=\"\" style=\"width: 0px; height: 0px;\"\/><\/p>\n<p class=\"hdrline hdrline-mod l-space-sm-top\">Zobacz tak\u017ce<\/p>\n","protected":false},"excerpt":{"rendered":"27 cze 2026 Sobota godz. 09:00 Ju\u017c 27 czerwca Pla\u017ca Miejska w Dojlidach stanie si\u0119 aren\u0105 sportowych emocji,&hellip;\n","protected":false},"author":2,"featured_media":518567,"comment_status":"","ping_status":"","sticky":false,"template":"","format":"standard","meta":{"footnotes":"","_share_on_mastodon":"0"},"categories":[51614],"tags":[2151,51731,113,51730,3754,51738,51735,4041,101125,1096,1089,399,17334,51736,2921,3840,51734,8736,1232,120,7116,17265,19285,42,5083,38,40,39,41,6309,1756,8815,38950,123,800,4278,1323,51737,2879,253],"class_list":["post-518566","post","type-post","status-publish","format-standard","has-post-thumbnail","category-bialystok","tag-bialystok","tag-bialystokonline","tag-biznes","tag-bstok","tag-dom","tag-drobne","tag-firm","tag-firmy","tag-grand-prix-puchar-polski-open-water-wydarzenia-sportowe-i-rekreacyjne-bialystok","tag-hotele","tag-imprezy","tag-informacje","tag-katalog","tag-kina","tag-koncert","tag-lokale","tag-miejski","tag-mieszkanie","tag-motoryzacja","tag-nauka","tag-ogloszenia","tag-on-line","tag-online","tag-pl","tag-podlasie","tag-poland","tag-polish","tag-polska","tag-polski","tag-portal","tag-praca","tag-repertuar","tag-rozklad","tag-rozrywka","tag-teatr","tag-turystyka","tag-uroda","tag-urzedy","tag-zakupy","tag-zdrowie"],"share_on_mastodon":{"url":"https:\/\/pubeurope.com\/@pl\/116817086061260706","error":""},"_links":{"self":[{"href":"https:\/\/www.europesays.com\/pl\/wp-json\/wp\/v2\/posts\/518566","targetHints":{"allow":["GET"]}}],"collection":[{"href":"https:\/\/www.europesays.com\/pl\/wp-json\/wp\/v2\/posts"}],"about":[{"href":"https:\/\/www.europesays.com\/pl\/wp-json\/wp\/v2\/types\/post"}],"author":[{"embeddable":true,"href":"https:\/\/www.europesays.com\/pl\/wp-json\/wp\/v2\/users\/2"}],"replies":[{"embeddable":true,"href":"https:\/\/www.europesays.com\/pl\/wp-json\/wp\/v2\/comments?post=518566"}],"version-history":[{"count":0,"href":"https:\/\/www.europesays.com\/pl\/wp-json\/wp\/v2\/posts\/518566\/revisions"}],"wp:featuredmedia":[{"embeddable":true,"href":"https:\/\/www.europesays.com\/pl\/wp-json\/wp\/v2\/media\/518567"}],"wp:attachment":[{"href":"https:\/\/www.europesays.com\/pl\/wp-json\/wp\/v2\/media?parent=518566"}],"wp:term":[{"taxonomy":"category","embeddable":true,"href":"https:\/\/www.europesays.com\/pl\/wp-json\/wp\/v2\/categories?post=518566"},{"taxonomy":"post_tag","embeddable":true,"href":"https:\/\/www.europesays.com\/pl\/wp-json\/wp\/v2\/tags?post=518566"}],"curies":[{"name":"wp","href":"https:\/\/api.w.org\/{rel}","templated":true}]}}