{"id":518806,"date":"2026-06-26T17:52:11","date_gmt":"2026-06-26T17:52:11","guid":{"rendered":"https:\/\/www.europesays.com\/pl\/518806\/"},"modified":"2026-06-26T17:52:11","modified_gmt":"2026-06-26T17:52:11","slug":"jan-pensko-o-world-climbing-series-krakow-2026-z-perspektywy-organizatora","status":"publish","type":"post","link":"https:\/\/www.europesays.com\/pl\/518806\/","title":{"rendered":"Jan Pensko o World Climbing Series Krak\u00f3w 2026 z perspektywy organizatora"},"content":{"rendered":"<p>W rozmowie przeprowadzonej w zwi\u0105zku z World Climbing Series we wspinaczce na czas (3\u20135 lipca 2026, Krak\u00f3w) Jan Pensko, g\u0142\u00f3wny organizator imprezy, uchyli\u0142 r\u0105bka tajemnicy na temat kulis\u00f3w jej przygotowa\u0144. Za wydarzeniem stoi konsorcjum dw\u00f3ch firm: i-Sport, odpowiedzialny za marketing, sponsoring i wizerunek, oraz Slavo Sport, zajmuj\u0105cy si\u0119 stron\u0105 techniczn\u0105. Partnerem jest Miasto Krak\u00f3w, bez kt\u00f3rego zaanga\u017cowania organizacja zawod\u00f3w na Rynku G\u0142\u00f3wnym by\u0142aby niemo\u017cliwa. Finansowego i organizacyjnego wsparcia udzielaj\u0105 Orlen i Totalizator Sportowy, firmy b\u0119d\u0105ce jednocze\u015bnie partnerami Aleksandry Miros\u0142aw.<\/p>\n<p>Tegoroczna edycja znacznie r\u00f3\u017cni si\u0119 od ubieg\u0142orocznej \u2013 rywalizacja roz\u0142o\u017cona jest na trzy dni, pojawi\u0142y si\u0119 nowe formaty (sztafety i biegi mieszane), a sama \u015bciana jest wi\u0119ksza ni\u017c poprzednio. Organizatorom uda\u0142o si\u0119 wynegocjowa\u0107 z federacj\u0105 korzystniejszy uk\u0142ad programu \u2013 polskie zawodniczki b\u0119d\u0105 rywalizowa\u0107 w sobotnie po\u0142udnie, w godzinach najwi\u0119kszej ogl\u0105dalno\u015bci.<\/p>\n<p>Najwi\u0119kszych emocji sportowych nale\u017cy spodziewa\u0107 si\u0119 w sztafetach kobiecych: siostry Ka\u0142uckie zmierz\u0105 si\u0119 z duetem Miros\u0142aw\u2013Chudziak. Jan Pensko, od kilku lat menad\u017cer Aleksandry Miros\u0142aw, opowiedzia\u0142 te\u017c o wsp\u00f3\u0142pracy z mistrzyni\u0105 olimpijsk\u0105. Jak zdradzi\u0142, Miros\u0142aw przywi\u0105zuje ogromn\u0105 wag\u0119 do ka\u017cdego szczeg\u00f3\u0142u swoich przygotowa\u0144, w\u0142a\u015bnie takie podej\u015bcie zaowocowa\u0142o z\u0142otem w Pary\u017cu. Krakowskie zawody maj\u0105 by\u0107 dla Oli symbolicznym po\u017cegnaniem z rodzim\u0105 publiczno\u015bci\u0105.<\/p>\n","protected":false},"excerpt":{"rendered":"W rozmowie przeprowadzonej w zwi\u0105zku z World Climbing Series we wspinaczce na czas (3\u20135 lipca 2026, Krak\u00f3w) Jan&hellip;\n","protected":false},"author":2,"featured_media":518807,"comment_status":"","ping_status":"","sticky":false,"template":"","format":"standard","meta":{"footnotes":"","_share_on_mastodon":"0"},"categories":[51606],"tags":[7204,3760,8119,1304,42,38,40,39,41,8117,8118,5047],"class_list":["post-518806","post","type-post","status-publish","format-standard","has-post-thumbnail","category-krakow","tag-alpinizm","tag-gory","tag-himalaizm","tag-krakow","tag-pl","tag-poland","tag-polish","tag-polska","tag-polski","tag-skialpinizm","tag-taternictwo","tag-wspinaczka"],"share_on_mastodon":{"url":"https:\/\/pubeurope.com\/@pl\/116817687224746913","error":""},"_links":{"self":[{"href":"https:\/\/www.europesays.com\/pl\/wp-json\/wp\/v2\/posts\/518806","targetHints":{"allow":["GET"]}}],"collection":[{"href":"https:\/\/www.europesays.com\/pl\/wp-json\/wp\/v2\/posts"}],"about":[{"href":"https:\/\/www.europesays.com\/pl\/wp-json\/wp\/v2\/types\/post"}],"author":[{"embeddable":true,"href":"https:\/\/www.europesays.com\/pl\/wp-json\/wp\/v2\/users\/2"}],"replies":[{"embeddable":true,"href":"https:\/\/www.europesays.com\/pl\/wp-json\/wp\/v2\/comments?post=518806"}],"version-history":[{"count":0,"href":"https:\/\/www.europesays.com\/pl\/wp-json\/wp\/v2\/posts\/518806\/revisions"}],"wp:featuredmedia":[{"embeddable":true,"href":"https:\/\/www.europesays.com\/pl\/wp-json\/wp\/v2\/media\/518807"}],"wp:attachment":[{"href":"https:\/\/www.europesays.com\/pl\/wp-json\/wp\/v2\/media?parent=518806"}],"wp:term":[{"taxonomy":"category","embeddable":true,"href":"https:\/\/www.europesays.com\/pl\/wp-json\/wp\/v2\/categories?post=518806"},{"taxonomy":"post_tag","embeddable":true,"href":"https:\/\/www.europesays.com\/pl\/wp-json\/wp\/v2\/tags?post=518806"}],"curies":[{"name":"wp","href":"https:\/\/api.w.org\/{rel}","templated":true}]}}