{"id":518827,"date":"2026-06-26T18:03:13","date_gmt":"2026-06-26T18:03:13","guid":{"rendered":"https:\/\/www.europesays.com\/pl\/518827\/"},"modified":"2026-06-26T18:03:13","modified_gmt":"2026-06-26T18:03:13","slug":"mateusz-morawiecki-uderza-w-mera-lwowa-poszlo-o-jaroslawa-kaczynskiego","status":"publish","type":"post","link":"https:\/\/www.europesays.com\/pl\/518827\/","title":{"rendered":"Mateusz Morawiecki uderza w mera Lwowa. Posz\u0142o o Jaros\u0142awa Kaczy\u0144skiego"},"content":{"rendered":"<p>Sp\u00f3r rozpocz\u0105\u0142 si\u0119 od wypowiedzi Jaros\u0142awa Kaczy\u0144skiego. Prezes PiS nazwa\u0142 Andrija Sadowego &#8222;oczywistym banderowcem&#8221; i zarzuci\u0142 w\u0142adzom Lwowa, \u017ce nie zap\u0142aci\u0142y polskiej firmie za wykonane prace przy budowie zak\u0142adu przetwarzania odpad\u00f3w.<\/p>\n<p>Zobacz tak\u017ce: <a data-section=\"zobacz-takze-body\" href=\"https:\/\/www.fakt.pl\/polityka\/mer-lwowa-andrij-sadowy-o-sporze-polski-z-ukraina-uspokoic-sie\/4h3mz0z\" id=\"f8be2acf-7aa0-450d-afab-cc399897c094\" rel=\"nofollow noopener\" target=\"_blank\">Mer Lwowa ostrzega po decyzji Karola Nawrockiego. &#8222;Kolejny etap spor\u00f3w&#8221;<\/a> Dalszy ci\u0105g artyku\u0142u pod materia\u0142em wideo <\/p>\n<p>Kaczy\u0144ski m\u00f3wi\u0142 r\u00f3wnie\u017c, \u017ce mer Lwowa uczestniczy w Konferencji na rzecz Odbudowy Ukrainy w Gda\u0144sku. Polskie MSZ p\u00f3\u017aniej zdementowa\u0142o t\u0119 informacj\u0119. Resort przekaza\u0142, \u017ce Sadowy nie zosta\u0142 zaproszony na konferencj\u0119 i zorganizowa\u0142 w Gda\u0144sku odr\u0119bne wydarzenie.<\/p>\n<p>Jednocze\u015bnie rzecznik MSZ Maciej Wewi\u00f3r pot\u0119pi\u0142 dzia\u0142ania w\u0142adz Lwowa wobec polskiej firmy i oceni\u0142, \u017ce ignorowanie ustale\u0144 mi\u0119dzynarodowego arbitra\u017cu jest niedopuszczalne.<\/p>\n<p>Mer Lwowa skomentowa\u0142 s\u0142owa Kaczy\u0144skiego. Morawiecki zareagowa\u0142<\/p>\n<p>Andrij Sadowy odrzuci\u0142 zarzuty prezesa PiS. Przekonywa\u0142, \u017ce polski wykonawca nie uko\u0144czy\u0142 inwestycji, dlatego miasto odst\u0105pi\u0142o od umowy. Wed\u0142ug mera Lwowa firma otrzyma\u0142a ponad 30 mln euro za faktycznie zrealizowane prace, a w\u0142adze miasta odm\u00f3wi\u0142y zap\u0142aty jedynie za roboty, kt\u00f3re nie zosta\u0142y wykonane.<\/p>\n<p>&#8222;Dlatego chyba czas zwr\u00f3ci\u0107 si\u0119 do s\u0105du z takimi bezpodstawnymi oskar\u017ceniami&#8221; \u2014 napisa\u0142 Sadowy.<\/p>\n<p>Do jego s\u0142\u00f3w odni\u00f3s\u0142 si\u0119 Mateusz Morawiecki. By\u0142y premier opublikowa\u0142 w mediach spo\u0142eczno\u015bciowych nagranie, w kt\u00f3rym stan\u0105\u0142 po stronie Jaros\u0142awa Kaczy\u0144skiego.<\/p>\n<p>\u2014 Co to ma znaczy\u0107? Mer Lwowa straszy procesem s\u0105dowym Jaros\u0142awa Kaczy\u0144skiego? Lidera Prawa i Sprawiedliwo\u015bci, kt\u00f3ry w najtrudniejszym momencie wojny sta\u0142 po stronie Ukrainy, a nie po stronie kalkulacji i tch\u00f3rzostwa? To ha\u0144ba. To jest skandal \u2014 powiedzia\u0142 Morawiecki.<\/p>\n<p>By\u0142y szef rz\u0105du przekonywa\u0142, \u017ce Sadowy powinien pami\u0119ta\u0107 o dzia\u0142aniach podj\u0119tych przez Polsk\u0119 po rozpocz\u0119ciu pe\u0142noskalowej rosyjskiej inwazji na Ukrain\u0119.<\/p>\n<p>\u2014 Mer Lwowa powinien bardzo dobrze pami\u0119ta\u0107, kto wtedy dzia\u0142a\u0142, a kto tylko m\u00f3wi\u0142. Bez polskiej pomocy Lw\u00f3w m\u00f3g\u0142by dzi\u015b wygl\u0105da\u0107 zupe\u0142nie inaczej \u2014 stwierdzi\u0142.<\/p>\n<p> Morawiecki: nie b\u0119dzie zgody na kult Bandery<\/p>\n<p>Morawiecki zarzuci\u0142 nast\u0119pnie merowi Lwowa obron\u0119 symboli zwi\u0105zanych z ukrai\u0144skim nacjonalizmem. Zdaniem by\u0142ego premiera takie dzia\u0142ania szkodz\u0105 stosunkom mi\u0119dzy Polsk\u0105 a Ukrain\u0105 i s\u0105 korzystne dla Rosji.<\/p>\n<blockquote class=\"ods-o-quote\">\n<p class=\"ods-o-quote__paragraph\">Kiedy mer Lwowa s\u0142awi morderc\u00f3w z Ukrai\u0144skiej Powsta\u0144czej Armii, kiedy broni symboli banderyzmu, uderza nie tylko w polsk\u0105 pami\u0119\u0107. Uderza w relacje polsko-ukrai\u0144skie i robi dok\u0142adnie to, co jest na r\u0119k\u0119 Rosji<\/p>\n<\/blockquote>\n<p>\u2014 zaznaczy\u0142.<\/p>\n<p>Polityk PiS zaznaczy\u0142, \u017ce strona ukrai\u0144ska mia\u0142a szans\u0119 jednoznacznie odci\u0105\u0107 si\u0119 od kultu os\u00f3b odpowiedzialnych za zbrodnie na Polakach.<\/p>\n<blockquote class=\"ods-o-quote\">\n<p class=\"ods-o-quote__paragraph\">Mieli\u015bcie szans\u0119 zachowa\u0107 si\u0119 godnie i odpowiedzialnie. Mieli\u015bcie szans\u0119 powiedzie\u0107 jasno: pami\u0119tamy o polskich ofiarach, o tej strasznej wo\u0142y\u0144skiej rzezi, odrzucamy kult zbrodniarzy, budujemy przysz\u0142o\u015b\u0107 na prawdzie. Ten czas min\u0105\u0142<\/p>\n<\/blockquote>\n<p>\u2014 podkre\u015bli\u0142.<\/p>\n<p>By\u0142y premier zako\u0144czy\u0142 wyst\u0105pienie bezpo\u015brednim apelem do Andrija Sadowego.<\/p>\n<p>\u2014 Dlatego m\u00f3wi\u0119 jasno: nie b\u0119dzie zgody na kult Bandery. Nie b\u0119dzie zgody na obra\u017canie pami\u0119ci ofiar Wo\u0142ynia. Mer Lwowa mo\u017ce zrobi\u0107 tylko jeszcze jedn\u0105 rzecz: przeprosi\u0107 i prosi\u0107 o wybaczenie \u2014 podsumowa\u0142 Morawiecki.<\/p>\n<p><a href=\"https:\/\/www.fakt.pl\/polityka\/janina-goss-usunieta-z-pis-kaczynski-ufal-jej-do-czasu\/2w26mwm\" id=\"f98ce30f-d641-46c0-8db0-3b3b709f7f9b\" rel=\"nofollow noopener\" target=\"_blank\">Przyjaci\u00f3\u0142ka Kaczy\u0144skiego wyrzucona z PiS. &#8222;Kr\u0105\u017cy\u0142y o niej legendy&#8221;<\/a><a href=\"https:\/\/www.fakt.pl\/polityka\/janina-goss-nie-jest-juz-w-pis-byla-przyjaciolka-jaroslawa-kaczynskiego-poza-partia\/xj33991\" id=\"e448d907-39df-42db-86a8-eb129436a037\" rel=\"nofollow noopener\" target=\"_blank\">Przez lata przyja\u017ani\u0142a si\u0119 z Kaczy\u0144skim. Nie jest ju\u017c w PiS<\/a><a href=\"https:\/\/www.fakt.pl\/polityka\/kaczynski-oddam-ukrainski-order-akt-lojalnosci\/tz330r4\" id=\"a1594335-1e35-44fe-a9de-c68292d91a62\" rel=\"nofollow noopener\" target=\"_blank\">Kaczy\u0144ski i ukrai\u0144ski order. Zapowiada zdecydowany krok<\/a> <\/p>\n","protected":false},"excerpt":{"rendered":"Sp\u00f3r rozpocz\u0105\u0142 si\u0119 od wypowiedzi Jaros\u0142awa Kaczy\u0144skiego. Prezes PiS nazwa\u0142 Andrija Sadowego &#8222;oczywistym banderowcem&#8221; i zarzuci\u0142 w\u0142adzom Lwowa,&hellip;\n","protected":false},"author":2,"featured_media":518828,"comment_status":"","ping_status":"","sticky":false,"template":"","format":"standard","meta":{"footnotes":"","_share_on_mastodon":"0"},"categories":[5],"tags":[61195,32,33,36,37,27,422,34,35,9665,3946,28,31,25,46,100096,100097,42,38,40,907,39,41,101,87,47,29,100098,30,415,26,7659],"class_list":["post-518827","post","type-post","status-publish","format-standard","has-post-thumbnail","category-naglowki","tag-bottomfeed_styl","tag-breaking-news","tag-breakingnews","tag-featured-news","tag-featurednews","tag-headlines","tag-jaroslaw_kaczynski","tag-latest-news","tag-latestnews","tag-lwow","tag-mateusz_morawiecki","tag-naglowki","tag-najwazniejsze-artykuly","tag-news","tag-omp","tag-omp_tst1","tag-omp_tst1_adx","tag-pl","tag-poland","tag-polish","tag-polityka","tag-polska","tag-polski","tag-premier","tag-rosja","tag-screening_general","tag-top-stories","tag-topbar","tag-topstories","tag-ukraina","tag-wiadomosci","tag-wolyn"],"share_on_mastodon":{"url":"","error":""},"_links":{"self":[{"href":"https:\/\/www.europesays.com\/pl\/wp-json\/wp\/v2\/posts\/518827","targetHints":{"allow":["GET"]}}],"collection":[{"href":"https:\/\/www.europesays.com\/pl\/wp-json\/wp\/v2\/posts"}],"about":[{"href":"https:\/\/www.europesays.com\/pl\/wp-json\/wp\/v2\/types\/post"}],"author":[{"embeddable":true,"href":"https:\/\/www.europesays.com\/pl\/wp-json\/wp\/v2\/users\/2"}],"replies":[{"embeddable":true,"href":"https:\/\/www.europesays.com\/pl\/wp-json\/wp\/v2\/comments?post=518827"}],"version-history":[{"count":0,"href":"https:\/\/www.europesays.com\/pl\/wp-json\/wp\/v2\/posts\/518827\/revisions"}],"wp:featuredmedia":[{"embeddable":true,"href":"https:\/\/www.europesays.com\/pl\/wp-json\/wp\/v2\/media\/518828"}],"wp:attachment":[{"href":"https:\/\/www.europesays.com\/pl\/wp-json\/wp\/v2\/media?parent=518827"}],"wp:term":[{"taxonomy":"category","embeddable":true,"href":"https:\/\/www.europesays.com\/pl\/wp-json\/wp\/v2\/categories?post=518827"},{"taxonomy":"post_tag","embeddable":true,"href":"https:\/\/www.europesays.com\/pl\/wp-json\/wp\/v2\/tags?post=518827"}],"curies":[{"name":"wp","href":"https:\/\/api.w.org\/{rel}","templated":true}]}}