{"id":51884,"date":"2025-10-16T11:05:11","date_gmt":"2025-10-16T11:05:11","guid":{"rendered":"https:\/\/www.europesays.com\/pl\/51884\/"},"modified":"2025-10-16T11:05:11","modified_gmt":"2025-10-16T11:05:11","slug":"sarah-jessika-parker-blyszczala-na-pokazie-victorias-secret-po-chwili-weszla-anna-lewandowska-galeria-2","status":"publish","type":"post","link":"https:\/\/www.europesays.com\/pl\/51884\/","title":{"rendered":"Sarah Jessika Parker b\u0142yszcza\u0142a na pokazie Victoria&#8217;s Secret. Po chwili wesz\u0142a Anna Lewandowska [GALERIA]"},"content":{"rendered":"<p class=\"Paragraph_desktopParagraph__U31Gm\">Pokazy <a href=\"https:\/\/plejada.pl\/victorias-secret\" id=\"94776120-e09d-4d43-9333-9b533681eeee\" rel=\"nofollow noopener\" target=\"_blank\">Victoria&#8217;s Secret<\/a> od zawsze wzbudzaj\u0105 wiele emocji. Wszystko za spraw\u0105 precyzyjnie dopracowanego show, ekstrawaganckich stylizacji oraz zaskakuj\u0105cych dodatk\u00f3w. Udzia\u0142 w pokazie tej marki to nie lada wyr\u00f3\u017cnienie dla modelek z ca\u0142ego \u015bwiata. W tym roku tego zaszczytu dost\u0105pi\u0142a modelka o polskich korzeniach <a href=\"https:\/\/plejada.pl\/newsy\/aniolki-victorias-secret-znow-olsnily-na-wybiegu-zadebiutowala-modelka-o-polskich\/tgjmrj2\" id=\"0e24f78f-ec9d-42af-afae-5d49b7fb12fb\" rel=\"nofollow noopener\" target=\"_blank\">Emily Ratajkowski, kt\u00f3ra zadebiutowa\u0142a na wybiegu<\/a>. <\/p>\n<ul class=\"OchatFollowUps_wrapper__1ry7X\">\n<li class=\"OchatFollowUps_item__Dhyly OchatFollowUps_itemDesktop__R6aBv\">Kiedy odby\u0142 si\u0119 pokaz Victoria&#8217;s Secret?<\/li>\n<li class=\"OchatFollowUps_item__Dhyly OchatFollowUps_itemDesktop__R6aBv\">Kto debiutowa\u0142 na wybiegu w tym roku?<\/li>\n<li class=\"OchatFollowUps_item__Dhyly OchatFollowUps_itemDesktop__R6aBv\">Jakie gwiazdy by\u0142y obecne na pokazie?<\/li>\n<li class=\"OchatFollowUps_item__Dhyly OchatFollowUps_itemDesktop__R6aBv\">Czy Anna Lewandowska by\u0142a na widowni pokazu?<\/li>\n<\/ul>\n<p class=\"Paragraph_desktopParagraph__U31Gm\">W\u015br\u00f3d modelek nie zabrak\u0142o tak\u017ce nazwisk od lat zwi\u0105zanych z mark\u0105. Ratajkowski znalaz\u0142a si\u0119 w doborowym towarzystwie takich gwiazd jak <a href=\"https:\/\/plejada.pl\/gigi-hadid\" id=\"edd10fb2-95f9-4933-8fb1-21b676465b9b\" rel=\"nofollow noopener\" target=\"_blank\">Gigi Hadid<\/a>, Bella Hadid, Adriana Lima, <a href=\"https:\/\/plejada.pl\/candice-swanepoel\" id=\"bc472179-4f59-4dcb-8503-c0f802f9630e\" rel=\"nofollow noopener\" target=\"_blank\">Candice Swanepoel<\/a> czy Paloma Elsesser. W\u015br\u00f3d debiutantek pojawi\u0142y si\u0119 r\u00f3wnie\u017c Iris Law, zawodniczka WNBA Angel Reese, czy \u017cona Patricka Schwarzeneggera Abby Champion!<\/p>\n<p class=\"Paragraph_desktopParagraph__U31Gm\">Wydarzenia Victoria&#8217;s Secret od zawsze przyci\u0105gaj\u0105 t\u0142umy. W\u015br\u00f3d zaproszonych go\u015bci zawsze obecne s\u0105 znane nazwiska ze \u015bwiata mody, jak r\u00f3wnie\u017c show-biznesu. Tym razem przed obiektywami fotoreporter\u00f3w zapozowali m.in. Sarah Jessika Parker, Patrick Schwarzenegger czy Madison Beer. Nie zabrak\u0142o r\u00f3wnie\u017c polskiego akcentu, gdy\u017c na widowni zasiad\u0142a tak\u017ce Anna Lewandowska, kt\u00f3ra nie kry\u0142a ekscytacji z obecno\u015bci na wydarzeniu. <\/p>\n<p class=\"Paragraph_desktopParagraph__U31Gm\">Zobaczcie, jak prezentowa\u0142y si\u0119 gwiazdy na r\u00f3\u017cowym dywanie! <\/p>\n<p><img decoding=\"async\" class=\"Image_image__0tuHp\" height=\"720\" width=\"479\" src=\"https:\/\/www.europesays.com\/pl\/wp-content\/uploads\/2025\/10\/mXSk9kuTURBXy9kNDQ5ODgwMi1hODFlLTQ0NzAtYWRmZS0xNzZhODhlN2QzMGYuanBlZ5KVAs0CPADCw5UCAM0C0MLD3gADoTABo.jpeg\" alt=\"Hillary Super, Adam Selman\" loading=\"lazy\" \/>PAP\/EPA\/SARAH YENESEL<img decoding=\"async\" class=\"Image_image__0tuHp\" height=\"720\" width=\"479\" src=\"https:\/\/www.europesays.com\/pl\/wp-content\/uploads\/2025\/10\/8AAk9kuTURBXy8wZGUxOGZlMC04NGQ2LTQzYWUtOTVkOC04NjJiMDE4NjJiMTYuanBlZ5KVAs0CPADCw5UCAM0C0MLD3gADoTABo.jpeg\" alt=\"Hallie Batchelder\" loading=\"lazy\" \/>PAP\/EPA\/SARAH YENESEL<\/p>\n","protected":false},"excerpt":{"rendered":"Pokazy Victoria&#8217;s Secret od zawsze wzbudzaj\u0105 wiele emocji. Wszystko za spraw\u0105 precyzyjnie dopracowanego show, ekstrawaganckich stylizacji oraz zaskakuj\u0105cych&hellip;\n","protected":false},"author":2,"featured_media":51885,"comment_status":"","ping_status":"","sticky":false,"template":"","format":"standard","meta":{"footnotes":""},"categories":[22],"tags":[13958,761,122,922,53,52,68,51,13959,55,42,38,40,39,41,123,13937,47,196,50,13745],"class_list":{"0":"post-51884","1":"post","2":"type-post","3":"status-publish","4":"format-standard","5":"has-post-thumbnail","7":"category-rozrywka","8":"tag-aniolki_victoria_secret","9":"tag-divert_me","10":"tag-entertainment","11":"tag-moda_pokazy_mody_ubrania_design","12":"tag-new_header","13":"tag-onet3","14":"tag-onet3d","15":"tag-onet3d_2i","16":"tag-patrick_schwarzenegger_aktor","17":"tag-phx","18":"tag-pl","19":"tag-poland","20":"tag-polish","21":"tag-polska","22":"tag-polski","23":"tag-rozrywka","24":"tag-sarah_jessica_parker","25":"tag-screening_general","26":"tag-styl_zycia","27":"tag-v2021","28":"tag-victorias_secret"},"share_on_mastodon":{"url":"","error":""},"_links":{"self":[{"href":"https:\/\/www.europesays.com\/pl\/wp-json\/wp\/v2\/posts\/51884","targetHints":{"allow":["GET"]}}],"collection":[{"href":"https:\/\/www.europesays.com\/pl\/wp-json\/wp\/v2\/posts"}],"about":[{"href":"https:\/\/www.europesays.com\/pl\/wp-json\/wp\/v2\/types\/post"}],"author":[{"embeddable":true,"href":"https:\/\/www.europesays.com\/pl\/wp-json\/wp\/v2\/users\/2"}],"replies":[{"embeddable":true,"href":"https:\/\/www.europesays.com\/pl\/wp-json\/wp\/v2\/comments?post=51884"}],"version-history":[{"count":0,"href":"https:\/\/www.europesays.com\/pl\/wp-json\/wp\/v2\/posts\/51884\/revisions"}],"wp:featuredmedia":[{"embeddable":true,"href":"https:\/\/www.europesays.com\/pl\/wp-json\/wp\/v2\/media\/51885"}],"wp:attachment":[{"href":"https:\/\/www.europesays.com\/pl\/wp-json\/wp\/v2\/media?parent=51884"}],"wp:term":[{"taxonomy":"category","embeddable":true,"href":"https:\/\/www.europesays.com\/pl\/wp-json\/wp\/v2\/categories?post=51884"},{"taxonomy":"post_tag","embeddable":true,"href":"https:\/\/www.europesays.com\/pl\/wp-json\/wp\/v2\/tags?post=51884"}],"curies":[{"name":"wp","href":"https:\/\/api.w.org\/{rel}","templated":true}]}}