{"id":519074,"date":"2026-06-26T20:57:16","date_gmt":"2026-06-26T20:57:16","guid":{"rendered":"https:\/\/www.europesays.com\/pl\/519074\/"},"modified":"2026-06-26T20:57:16","modified_gmt":"2026-06-26T20:57:16","slug":"spor-o-polska-firme-pawel-kowal-krytykuje-mera-lwowa-oddala-miasto","status":"publish","type":"post","link":"https:\/\/www.europesays.com\/pl\/519074\/","title":{"rendered":"Sp\u00f3r o polsk\u0105 firm\u0119. Pawe\u0142 Kowal krytykuje mera Lwowa. &#8222;Oddala miasto&#8221;"},"content":{"rendered":"<p>\u2014 M\u00f3j zesp\u00f3\u0142 zna dok\u0142adnie t\u0119 sytuacj\u0119 od kilku lat, nie jest to dla nas nowe. Kilka razy uda\u0142o si\u0119 im efektywnie pom\u00f3c. Byli\u015bmy u nich na budowie, rozmawia\u0142em osobi\u015bcie na ich temat z szefem Europejskiego Banku Odbudowy i Rozwoju, bo to za te pieni\u0105dze realizowana jest inwestycja \u2014 powiedzia\u0142 w pi\u0105tek Pawe\u0142 Kowal, komentuj\u0105c <a href=\"https:\/\/www.onet.pl\/informacje\/onetwiadomosci\/jaroslaw-kaczynski-skrytykowal-mera-lwowa-jest-odpowiedz-reaguje-msz\/c52nexb,79cfc278\" id=\"3e5e647e-a778-42fa-ae86-d880837010b9\" rel=\"nofollow noopener\" target=\"_blank\">sp\u00f3r w\u0142adz Lwowa z polsk\u0105 firm\u0105 Control Process<\/a>.<\/p>\n<p>Szef sejmowej Komisji Spraw Zagranicznych stwierdzi\u0142, \u017ce &#8222;to jeden przypadek na wiele&#8221;. \u2014 Jednak w\u0142a\u015bnie dlatego si\u0119 na nim skupiamy, \u017ceby wyci\u0105gn\u0105\u0107 wnioski, \u017ceby polski biznes wiedzia\u0142, \u017ce ma wsparcie rz\u0105du.<\/p>\n<p>\u2014 Rz\u0105d Donalda Tuska do takich rzeczy si\u0119 przyk\u0142ada bardzo dok\u0142adnie, nawet je\u015bli to s\u0105 jednostkowe przypadki. I \u017ceby\u015bmy wyci\u0105gn\u0119li wnioski, jakie obwarowania trzeba stosowa\u0107 w przypadku przysz\u0142ych um\u00f3w, \u017ceby ta sytuacja z polsk\u0105 firm\u0105 si\u0119 nie powt\u00f3rzy\u0142a \u2014 zaznaczy\u0142.<\/p>\n<p>      Dalszy ci\u0105g artyku\u0142u pod materia\u0142em wideo Pawe\u0142 Kowal krytykuje mera Lwowa. Wcze\u015bniej zrobi\u0142 to Jaros\u0142aw Kaczy\u0144ski<\/p>\n<p>Polityk KO stwierdzi\u0142, \u017ce przypadek polskiej firmy we Lwowie &#8222;b\u0119dzie dok\u0142adnie analizowany i na pewno polskie firmy b\u0119d\u0105 dostawa\u0142y wsparcie tam, gdzie b\u0119d\u0105 mia\u0142y k\u0142opoty&#8221;. Skrytykowa\u0142 przy tym mera Lwowa Andrija Sadowego.<\/p>\n<p>\u2014 Mer Lwowa takimi dzia\u0142aniami odcina Lw\u00f3w od Europy i robi b\u0142\u0105d \u2014 oceni\u0142 Kowal. \u2014 Szans\u0105 dla Lwowa by\u0142aby ta droga, kt\u00f3r\u0105 kiedy\u015b w\u0142adze miasta obra\u0142y. Mer Lwowa powinien si\u0119 na tym skupi\u0107, \u017ceby odczuwa\u0107 odpowiedzialno\u015b\u0107 za to, \u017ceby to okno wystawowe Ukrainy, jakim jest wielokulturowy Lw\u00f3w, by\u0142o przyk\u0142adem, \u017ce biznes europejski b\u0119dzie szed\u0142 na Ukrain\u0119 \u2014 doda\u0142.<\/p>\n<p>Wcze\u015bniej Andrija Sadowego <a href=\"https:\/\/www.onet.pl\/informacje\/onetwiadomosci\/jaroslaw-kaczynski-skrytykowal-mera-lwowa-jest-odpowiedz-reaguje-msz\/c52nexb,79cfc278\" id=\"d0ac5eaf-a36e-48dc-91a6-66ea6cbcbede\" rel=\"nofollow noopener\" target=\"_blank\">skrytykowa\u0142 prezes PiS Jaros\u0142aw Kaczy\u0144ski<\/a>. \u2014 Ju\u017c niezale\u017cnie od tego, \u017ce to banderowiec oczywisty, to do tego cz\u0142owiek, kt\u00f3ry nie p\u0142aci polskiej firmie za wykonane ju\u017c prace \u2014 oceni\u0142. Prezes PiS b\u0142\u0119dnie przypisa\u0142 jednak tak\u017ce merowi Lwowa obecno\u015b\u0107 na konferencji na rzecz odbudowy Ukrainy w Gda\u0144sku, co spotka\u0142o si\u0119 z <a href=\"https:\/\/www.onet.pl\/informacje\/onetwiadomosci\/jaroslaw-kaczynski-skrytykowal-mera-lwowa-jest-odpowiedz-reaguje-msz\/c52nexb,79cfc278\" id=\"d8500690-25c5-4025-8ce1-9d472891856a\" rel=\"nofollow noopener\" target=\"_blank\">krytyk\u0105 ze strony Andrija Sadowego<\/a>.     Do sprawy odni\u00f3s\u0142 si\u0119 te\u017c rzecznik MSZ Maciej Wewi\u00f3r, kt\u00f3ry zabra\u0142 g\u0142os na temat sporu zarz\u0105dzanego przez Andrija Sadowego miasta z polsk\u0105 firm\u0105 budowlan\u0105. &#8222;Pot\u0119piamy dzia\u0142ania w\u0142adz Lwowa wobec polskiej firmy, a ignorowanie ustale\u0144 mi\u0119dzynarodowego arbitra\u017cu uznajemy za niedopuszczalne&#8221; \u2014 <a href=\"https:\/\/www.onet.pl\/informacje\/onetwiadomosci\/jaroslaw-kaczynski-skrytykowal-mera-lwowa-jest-odpowiedz-reaguje-msz\/c52nexb,79cfc278\" id=\"e6fa304f-e9bb-4ff8-83f6-791423575779\" rel=\"nofollow noopener\" target=\"_blank\">napisa\u0142 przedstawiciel resortu dyplomacji<\/a>.Polska firma pokrzywdzona przez w\u0142adze Lwowa<\/p>\n<p>W marcu Rada Miejska Lwowa informowa\u0142a, \u017ce lwowskie przedsi\u0119biorstwo komunalne Zielone Miasto wys\u0142a\u0142o polskiej firmie Control Process S.A., zawiadomienie o rozwi\u0105zaniu umowy na budow\u0119 kompleksu przetwarzania odpad\u00f3w komunalnych. Zdaniem polskiej firmy ukrai\u0144ski kontrahent nie ma podstaw do odst\u0105pienia od umowy. Firma poinformowa\u0142a tak\u017ce, \u017ce kwestie sporne by\u0142y przedmiotem rozstrzygni\u0119\u0107 procedur arbitra\u017cowych FIDIC (The International Federation of Consulting Engineers \u2014 Mi\u0119dzynarodowa Federacja In\u017cynier\u00f3w Konsultant\u00f3w).<\/p>\n<p>     <a href=\"https:\/\/wiadomosci.onet.pl\/swiat\/wielki-spor-o-budowe-warta-40-mln-euro-polska-firma-odpiera-zarzuty-lwowa\/0rrq41n\" id=\"f408cef2-a71e-4616-bf11-2f489c5aad61\" rel=\"nofollow noopener\" target=\"_blank\">Zdaniem przedstawicieli lwowskich w\u0142adz<\/a>, polski wykonawca mia\u0142 w 2025 r. wielokrotnie otrzymywa\u0107 oficjalne powiadomienia o naruszeniach warunk\u00f3w kontraktu i konieczno\u015bci ich usuni\u0119cia. Sp\u00f3\u0142ka Control Process S.A. kwestionowa\u0142a wtedy zasadno\u015b\u0107 dzia\u0142a\u0144 ukrai\u0144skiego kontrahenta i zapowiedzia\u0142a dalsze kroki prawne oraz kontraktowe zgodnie z mechanizmami przewidzianymi dla tego projektu. Podkre\u015bla\u0142a te\u017c, \u017ce projekt od pocz\u0105tku by\u0142 obci\u0105\u017cony szczeg\u00f3lnymi okoliczno\u015bciami, w tym skutkami pe\u0142noskalowej wojny w Ukrainie i formalnym wstrzymaniem rob\u00f3t na budowie przez ponad rok. A tak\u017ce, \u017ce stan realizowanych przez ni\u0105 prac, przekracza\u0142 90 proc.<a href=\"https:\/\/businessinsider.com.pl\/biznes\/ukrainskie-miasto-zerwalo-kontrakt-z-polska-firma-i-zajelo-gwarancje-sad-to-bezprawie\/n2ggdd1\" id=\"f17418fc-f0a1-4405-86fa-965019a9be7d\" rel=\"nofollow noopener\" target=\"_blank\">Business Insider poinformowa\u0142, \u017ce w sporze z w\u0142adzami Lwowa polska firma wygra\u0142a ju\u017c siedem post\u0119powa\u0144 i zapad\u0142o 75 decyzji korzystnych dla Polak\u00f3w<\/a>, po czym mog\u0142a zwr\u00f3ci\u0107 si\u0119 do arbitra\u017cu &#8222;ostatecznego&#8221; w Pary\u017cu, czyli Mi\u0119dzynarodowej Izby Handlowej (ICC). Ten 16 maja orzek\u0142 w sprawie wym\u00f3wienia umowy i pr\u00f3b przeniesienia arbitra\u017cu do s\u0105du w Kijowie. Trybuna\u0142 stwierdzi\u0142, \u017ce &#8222;pr\u00f3by przesuni\u0119cia jurysdykcji nad kontraktem na arbitra\u017c kijowski przez miasto Lw\u00f3w po wypowiedzeniu umowy s\u0105 bezprawne&#8221;. \u2014 Samo wypowiedzenie te\u017c jest niezgodne z tre\u015bci\u0105 umowy&#8221; \u2014 oceni\u0142 s\u0119dzia ICC cytowany przez Business Insidera.<\/p>\n","protected":false},"excerpt":{"rendered":"\u2014 M\u00f3j zesp\u00f3\u0142 zna dok\u0142adnie t\u0119 sytuacj\u0119 od kilku lat, nie jest to dla nas nowe. Kilka razy&hellip;\n","protected":false},"author":2,"featured_media":519075,"comment_status":"","ping_status":"","sticky":false,"template":"","format":"standard","meta":{"footnotes":"","_share_on_mastodon":"0"},"categories":[12],"tags":[61195,422,49,9665,48,46,16332,42,38,40,39,41,47,415],"class_list":["post-519074","post","type-post","status-publish","format-standard","has-post-thumbnail","category-polska","tag-bottomfeed_styl","tag-jaroslaw_kaczynski","tag-kraj","tag-lwow","tag-nat_styl","tag-omp","tag-pawel_kowal","tag-pl","tag-poland","tag-polish","tag-polska","tag-polski","tag-screening_general","tag-ukraina"],"share_on_mastodon":{"url":"https:\/\/pubeurope.com\/@pl\/116818414279935344","error":""},"_links":{"self":[{"href":"https:\/\/www.europesays.com\/pl\/wp-json\/wp\/v2\/posts\/519074","targetHints":{"allow":["GET"]}}],"collection":[{"href":"https:\/\/www.europesays.com\/pl\/wp-json\/wp\/v2\/posts"}],"about":[{"href":"https:\/\/www.europesays.com\/pl\/wp-json\/wp\/v2\/types\/post"}],"author":[{"embeddable":true,"href":"https:\/\/www.europesays.com\/pl\/wp-json\/wp\/v2\/users\/2"}],"replies":[{"embeddable":true,"href":"https:\/\/www.europesays.com\/pl\/wp-json\/wp\/v2\/comments?post=519074"}],"version-history":[{"count":0,"href":"https:\/\/www.europesays.com\/pl\/wp-json\/wp\/v2\/posts\/519074\/revisions"}],"wp:featuredmedia":[{"embeddable":true,"href":"https:\/\/www.europesays.com\/pl\/wp-json\/wp\/v2\/media\/519075"}],"wp:attachment":[{"href":"https:\/\/www.europesays.com\/pl\/wp-json\/wp\/v2\/media?parent=519074"}],"wp:term":[{"taxonomy":"category","embeddable":true,"href":"https:\/\/www.europesays.com\/pl\/wp-json\/wp\/v2\/categories?post=519074"},{"taxonomy":"post_tag","embeddable":true,"href":"https:\/\/www.europesays.com\/pl\/wp-json\/wp\/v2\/tags?post=519074"}],"curies":[{"name":"wp","href":"https:\/\/api.w.org\/{rel}","templated":true}]}}