{"id":519105,"date":"2026-06-26T21:21:12","date_gmt":"2026-06-26T21:21:12","guid":{"rendered":"https:\/\/www.europesays.com\/pl\/519105\/"},"modified":"2026-06-26T21:21:12","modified_gmt":"2026-06-26T21:21:12","slug":"mordercze-upaly-w-komunikacji-miejskiej-jeszcze-chwila-i-dojdzie-do-tragedii-zemdlejemy-z-goraca","status":"publish","type":"post","link":"https:\/\/www.europesays.com\/pl\/519105\/","title":{"rendered":"Mordercze upa\u0142y w komunikacji miejskiej. &#8222;Jeszcze chwila i dojdzie do tragedii, zemdlejemy z gor\u0105ca&#8221;"},"content":{"rendered":"<p>    Wraz z upa\u0142ami pojawi\u0142 si\u0119 r\u00f3wnie\u017c problem ze zbyt wysok\u0105 temperatur\u0105 w tramwajach i autobusach.<\/p>\n<p>Do redakcji epoznan.pl napisa\u0142o w tej sprawie kilka os\u00f3b. Pasa\u017cerowie uskar\u017caj\u0105 si\u0119 na brak klimatyzacji. Jedna z Czytelniczek napisa\u0142a &#8211; Mo\u017ce Pa\u0144stwo zainteresujecie si\u0119 brakiem w\u0142\u0105czonej klimatyzacji w komunikacji miejskiej w Poznaniu? Mamy najdro\u017csze bilety &#8211; brzmia\u0142a jedna z wiadomo\u015bci. <\/p>\n<p>Druga wiadomo\u015b\u0107 by\u0142a bardziej rozpaczliwa &#8211; Czy autobusy mog\u0105 mie\u0107 klimatyzacj\u0119? Gotujemy si\u0119 w autobusie. Jeszcze chwila i dojdzie do tragedii, zemdlejemy z gor\u0105ca. <\/p>\n<p>MPK zapewni\u0142o w pi\u0105tek w mediach spo\u0142eczno\u015bciowych, \u017ce wraz z Miastem Pozna\u0144 jest przygotowane na upa\u0142y &#8211; Na trasy w pierwszej kolejno\u015bci kierowane b\u0119d\u0105 pojazdy wyposa\u017cone w klimatyzacj\u0119 pojazdow\u0105 (ma j\u0105 100 procent autobus\u00f3w miejskich MPK Pozna\u0144 oraz niemal 70 procent tramwaj\u00f3w). W przypadku gdyby nast\u0105pi\u0142a konieczno\u015b\u0107 uruchomienia wozu bez klimatyzacji, kierowcy i motorniczowie dopilnuj\u0105, aby okna w poje\u017adzie by\u0142y otwarte, a na ka\u017cdym przystanku otwierane by\u0142y r\u00f3wnie\u017c wszystkie drzwi. Czasowo ograniczono r\u00f3wnie\u017c kursowanie pojazd\u00f3w zabytkowych na weekendowych liniach turystycznych: do obs\u0142ugi linii tramwajowych w weekend, 27-28 czerwca br., wybrano historyczne, ale najbardziej przewiewne pojazdy. Natomiast na linie autobusowe zamiast najstarszych wyjad\u0105 najnowsze pojazdy z floty MPK Pozna\u0144 &#8211; informuje MPK. <\/p>\n<p>Jak zapewnia MPK, Aquanet SA , w porozumieniu z MPK Pozna\u0144, instaluje na kilku dworcach i p\u0119tlach autobusowych (Garbary PKM, Rondo \u015ar\u00f3dka, Rondo Rataje, Os. Sobieskiego) 1000-litrowe pojemniki z wod\u0105. Nalewaki wpi\u0119te do hydrant\u00f3w mo\u017cna b\u0119dzie znale\u017a\u0107 w takich lokalizacjach, jak Rynek Wildecki, ul. Ko\u015bcielna\/Bara\u0144czaka, ul. \u015aw. Wawrzy\u0144ca (przystanek Niestachowska), ul. G\u0142ogowska 83 (Rynek \u0141azarski), ul. D\u0142uga \/ Pl. Bernardy\u0144ski. Dodatkowo beczkowozy  z wod\u0105 pitn\u0105 stan\u0105 na Pl. Kolegiackim i ul. P\u00f3\u0142wiejskiej.<\/p>\n<p>W okolicy przystank\u00f3w Most Teatralny, Rynek Je\u017cycki, Al. Solidarno\u015bci montowane s\u0105 mg\u0142awice, kolejne pojawi\u0105 si\u0119 w sobot\u0119 w takich miejscach jak P\u0119tla G\u00f3rczyn, Rondo Jana Nowaka-Jeziora\u0144skiego, ul. 27 Grudnia, przystanek K\u00f3rnicka, w\u0119ze\u0142 G\u0142ogowska\/Hetma\u0144ska. Woda pitna jest dost\u0119pna tak\u017ce w Punktach Nadzoru Ruchu MPK Pozna\u0144, ka\u017cdy b\u0119dzie m\u00f3g\u0142 tam nape\u0142ni\u0107 butelk\u0119 czy bidon.<\/p>\n<p>&#8211;  Upa\u0142y powoduj\u0105 r\u00f3wnie\u017c konieczno\u015b\u0107 zwi\u0119kszonego monitoringu infrastruktury torowo-sieciowej. Z tego powodu w stanie podwy\u017cszonej czujno\u015bci s\u0105 pogotowia sieci oraz tor\u00f3w. Mo\u017cliwe jest r\u00f3wnie\u017c wprowadzanie czasowych ogranicze\u0144 pr\u0119dko\u015bci na niekt\u00f3rych trasach. W zwi\u0105zku z planowanym rozpocz\u0119ciem remont\u00f3w w rejonie ronda Jana Nowaka-Jeziora\u0144skiego oraz na ul. Zamenhofa, przygotowywana jest nowa organizacja pracy na najbardziej upalne dni. Reaguj\u0105c na warunki atmosferyczne, mog\u0105 zapada\u0107 decyzje, aby cz\u0119\u015b\u0107 rob\u00f3t przeprowadza\u0107 w ch\u0142odniejszych godzinach doby, noc\u0105 i w godzinach porannych. Z tego wzgl\u0119du mo\u017cliwe jest wyst\u0119powanie niedogodno\u015bci dla okolicznych mieszka\u0144c\u00f3w ju\u017c teraz, licz\u0105c na zrozumienie sytuacji, przepraszamy za nie &#8211; poinformowa\u0142o Miejskie Przedsi\u0119biorstwo Komunikacyjne. <\/p>\n<p><\/p>\n<p style=\"margin-bottom: 6px;\">Autor: <a href=\"https:\/\/epoznan.pl\/newsListAuthor-Paula Zych\" rel=\"nofollow noopener\" target=\"_blank\">Paula Zych<\/a><\/p>\n<p>Dodano: 26 czerwca 2026 r. godz. 22:05<\/p>\n","protected":false},"excerpt":{"rendered":"Wraz z upa\u0142ami pojawi\u0142 si\u0119 r\u00f3wnie\u017c problem ze zbyt wysok\u0105 temperatur\u0105 w tramwajach i autobusach. Do redakcji epoznan.pl&hellip;\n","protected":false},"author":2,"featured_media":519106,"comment_status":"","ping_status":"","sticky":false,"template":"","format":"standard","meta":{"footnotes":"","_share_on_mastodon":"0"},"categories":[51609],"tags":[146,10538,10798,42,38,40,39,41,1817,90675],"class_list":["post-519105","post","type-post","status-publish","format-standard","has-post-thumbnail","category-poznan","tag-klimatyzacja","tag-mpk","tag-pasazerowie","tag-pl","tag-poland","tag-polish","tag-polska","tag-polski","tag-poznan","tag-upaly"],"share_on_mastodon":{"url":"https:\/\/pubeurope.com\/@pl\/116818508799237633","error":""},"_links":{"self":[{"href":"https:\/\/www.europesays.com\/pl\/wp-json\/wp\/v2\/posts\/519105","targetHints":{"allow":["GET"]}}],"collection":[{"href":"https:\/\/www.europesays.com\/pl\/wp-json\/wp\/v2\/posts"}],"about":[{"href":"https:\/\/www.europesays.com\/pl\/wp-json\/wp\/v2\/types\/post"}],"author":[{"embeddable":true,"href":"https:\/\/www.europesays.com\/pl\/wp-json\/wp\/v2\/users\/2"}],"replies":[{"embeddable":true,"href":"https:\/\/www.europesays.com\/pl\/wp-json\/wp\/v2\/comments?post=519105"}],"version-history":[{"count":0,"href":"https:\/\/www.europesays.com\/pl\/wp-json\/wp\/v2\/posts\/519105\/revisions"}],"wp:featuredmedia":[{"embeddable":true,"href":"https:\/\/www.europesays.com\/pl\/wp-json\/wp\/v2\/media\/519106"}],"wp:attachment":[{"href":"https:\/\/www.europesays.com\/pl\/wp-json\/wp\/v2\/media?parent=519105"}],"wp:term":[{"taxonomy":"category","embeddable":true,"href":"https:\/\/www.europesays.com\/pl\/wp-json\/wp\/v2\/categories?post=519105"},{"taxonomy":"post_tag","embeddable":true,"href":"https:\/\/www.europesays.com\/pl\/wp-json\/wp\/v2\/tags?post=519105"}],"curies":[{"name":"wp","href":"https:\/\/api.w.org\/{rel}","templated":true}]}}