{"id":519152,"date":"2026-06-26T21:53:15","date_gmt":"2026-06-26T21:53:15","guid":{"rendered":"https:\/\/www.europesays.com\/pl\/519152\/"},"modified":"2026-06-26T21:53:15","modified_gmt":"2026-06-26T21:53:15","slug":"niemcy-postraszyli-przed-meczem-z-polska","status":"publish","type":"post","link":"https:\/\/www.europesays.com\/pl\/519152\/","title":{"rendered":"Niemcy postraszyli przed meczem z Polsk\u0105"},"content":{"rendered":"\n<p class=\"contentpart contentpart--default contentpart--text\" data-position=\"0\">Siatkarze z <a href=\"https:\/\/sportowefakty.wp.pl\/siatkowka\/reprezentacja-belgii-mezczyzn\" rel=\"nofollow noopener\" target=\"_blank\">Belgii<\/a>\u00a0byli w \u015brod\u0119 pierwszymi przeciwnikami <a href=\"https:\/\/sportowefakty.wp.pl\/siatkowka\/reprezentacja\" rel=\"nofollow noopener\" target=\"_blank\">Polski<\/a>\u00a0w turnieju <a href=\"https:\/\/sportowefakty.wp.pl\/siatkowka\/liga-swiatowa\" rel=\"nofollow noopener\" target=\"_blank\">Ligi Narod\u00f3w<\/a>\u00a0w <a href=\"https:\/\/sportowefakty.wp.pl\/polska\/gliwice\" rel=\"nofollow noopener\" target=\"_blank\">Gliwicach<\/a>. D\u0142ugie spotkanie, jak zreszt\u0105 ka\u017cde w ostatnim czasie Bia\u0142o-Czerwonych, zako\u0144czy\u0142o si\u0119 tie-breakiem, w kt\u00f3rym mocniejsza 3:2 by\u0142a dru\u017cyna <a href=\"https:\/\/sportowefakty.wp.pl\/siatkowka\/nikola-grbic\" rel=\"nofollow noopener\" target=\"_blank\">Nikola Grbicia<\/a>. Nast\u0119pnego dnia Belgia poprawi\u0142a sobie samopoczucie wynikiem 3:1 w meczu z <a href=\"https:\/\/sportowefakty.wp.pl\/siatkowka\/reprezentacja-chin-mezczyzn\" rel=\"nofollow noopener\" target=\"_blank\">Chinami<\/a>, a w pi\u0105tek mierzy\u0142a si\u0119 z <a href=\"https:\/\/sportowefakty.wp.pl\/siatkowka\/reprezentacja-niemiec\" rel=\"nofollow noopener\" target=\"_blank\">Niemcami<\/a>. Akurat z tym zespo\u0142em Polska zagra w sobot\u0119 o godzinie 17.<\/p>\n<p class=\"contentpart contentpart--default contentpart--text\" data-position=\"1\">Niemcy pokazali moc, ogrywaj\u0105c Belg\u00f3w, i to za komplet punkt\u00f3w. Konfrontacja zako\u0144czy\u0142a si\u0119 wynikiem 3:1, a ekipa z Beneluksu by\u0142a mocniejsza od naszych zachodnich s\u0105siad\u00f3w tylko w drugim secie. Ten zako\u0144czy\u0142 si\u0119 wynikiem 25:19. Nie by\u0142a to jednak optymistyczna zapowied\u017a dla Belgii, kt\u00f3ra ponownie odda\u0142a inicjatyw\u0119 i zosta\u0142a bole\u015bnie wypunktowana w trzecim oraz czwartym secie.<\/p>\n<p>  <img decoding=\"async\" src=\"https:\/\/v.wpimg.pl\/X3dwLnN2d1IFFTpdYUl6R0ZNbgcnEHQREVV2TGEGbUtRT2MdOlZ2RBQUKABgQjQcDRotCStBd1IAAWMeIlM7VgwYIAorQAdEFFk_GCkQJQ\" alt=\"\" width=\"45\" height=\"58\" loading=\"lazy\"\/>  <\/p>\n<p class=\"contentpart contentpart--default contentpart--text\" data-position=\"2\">We francuskim Orleans zmierzyli si\u0119 siatkarze z <a href=\"https:\/\/sportowefakty.wp.pl\/siatkowka\/reprezentacja-serbii\" rel=\"nofollow noopener\" target=\"_blank\">Serbii<\/a>\u00a0oraz <a href=\"https:\/\/sportowefakty.wp.pl\/siatkowka\/reprezentacja-kuby-mezczyzn\" rel=\"nofollow noopener\" target=\"_blank\">Kuby<\/a>. Oba zespo\u0142y nie radzi\u0142y sobie zbyt dobrze we wcze\u015bniejszych kolejkach, st\u0105d du\u017ca ch\u0119\u0107 do wykorzystania bezpo\u015bredniego meczu do poprawienia sytuacji w tabeli.<\/p>\n<p class=\"contentpart contentpart--default contentpart--text\" data-position=\"3\">ZOBACZ WIDEO: To pytanie roz\u015bmieszy\u0142o Ig\u0119 \u015awi\u0105tek. &#8222;O Jezu!&#8221;<\/p>\n<p class=\"contentpart contentpart--default contentpart--text\" data-position=\"5\">R\u00f3wnie\u017c ten mecz zako\u0144czy\u0142 si\u0119 po czterech setach i nawet scenariusz wygl\u0105da\u0142 ca\u0142kiem podobnie. Serbia, kt\u00f3ra zdoby\u0142a komplet punkt\u00f3w do tabeli, odda\u0142a przeciwnikom jedynie drugiego seta. Spektakularny wynik 25:13 m\u00f3g\u0142 zapowiada\u0107 zwrot akcji w meczu, ale nic takiego nie nast\u0105pi\u0142o. Ekipa z Europy odzyska\u0142a panowanie nad wydarzeniami<\/p>\n<p class=\"contentpart contentpart--default contentpart--text\" data-position=\"6\"><a href=\"https:\/\/sportowefakty.wp.pl\/siatkowka\/reprezentacja-serbii\" rel=\"nofollow noopener\" target=\"_blank\">Serbia<\/a>\u00a0&#8211; <a href=\"https:\/\/sportowefakty.wp.pl\/siatkowka\/reprezentacja-kuby-mezczyzn\" rel=\"nofollow noopener\" target=\"_blank\">Kuba<\/a>\u00a03:1 (25:19, 13:25, 25:23, 25:22)<\/p>\n<p class=\"contentpart contentpart--default contentpart--text\" data-position=\"7\"><a href=\"https:\/\/sportowefakty.wp.pl\/siatkowka\/reprezentacja-belgii-mezczyzn\" rel=\"nofollow noopener\" target=\"_blank\">Belgia<\/a>\u00a0&#8211; <a href=\"https:\/\/sportowefakty.wp.pl\/siatkowka\/reprezentacja-niemiec\" rel=\"nofollow noopener\" target=\"_blank\">Niemcy<\/a>\u00a01:3 (22:25, 25:19, 23:25, 19:25)<\/p>\n<p class=\"contentpart contentpart--default contentpart--text\" data-position=\"8\">Tabela <a href=\"https:\/\/sportowefakty.wp.pl\/siatkowka\/liga-swiatowa\" rel=\"nofollow noopener\" target=\"_blank\">Ligi Narod\u00f3w<\/a>:<\/p>\n","protected":false},"excerpt":{"rendered":"Siatkarze z Belgii\u00a0byli w \u015brod\u0119 pierwszymi przeciwnikami Polski\u00a0w turnieju Ligi Narod\u00f3w\u00a0w Gliwicach. D\u0142ugie spotkanie, jak zreszt\u0105 ka\u017cde w&hellip;\n","protected":false},"author":2,"featured_media":519153,"comment_status":"","ping_status":"","sticky":false,"template":"","format":"standard","meta":{"footnotes":"","_share_on_mastodon":"0"},"categories":[12],"tags":[942,96,2587,1543,12614,295,42,38,40,39,41,35504,539,4608,279,131,960,913],"class_list":["post-519152","post","type-post","status-publish","format-standard","has-post-thumbnail","category-polska","tag-belgia","tag-francja","tag-gliwice","tag-kuba","tag-liga-narodow","tag-niemcy","tag-pl","tag-poland","tag-polish","tag-polska","tag-polski","tag-prezero-arena-gliwice","tag-reprezentacje","tag-rozgrywki-miedzynarodowe","tag-serbia","tag-siatkowka","tag-siatkowka-na-swiecie","tag-siatkowka-w-europie"],"share_on_mastodon":{"url":"https:\/\/pubeurope.com\/@pl\/116818635009207359","error":""},"_links":{"self":[{"href":"https:\/\/www.europesays.com\/pl\/wp-json\/wp\/v2\/posts\/519152","targetHints":{"allow":["GET"]}}],"collection":[{"href":"https:\/\/www.europesays.com\/pl\/wp-json\/wp\/v2\/posts"}],"about":[{"href":"https:\/\/www.europesays.com\/pl\/wp-json\/wp\/v2\/types\/post"}],"author":[{"embeddable":true,"href":"https:\/\/www.europesays.com\/pl\/wp-json\/wp\/v2\/users\/2"}],"replies":[{"embeddable":true,"href":"https:\/\/www.europesays.com\/pl\/wp-json\/wp\/v2\/comments?post=519152"}],"version-history":[{"count":0,"href":"https:\/\/www.europesays.com\/pl\/wp-json\/wp\/v2\/posts\/519152\/revisions"}],"wp:featuredmedia":[{"embeddable":true,"href":"https:\/\/www.europesays.com\/pl\/wp-json\/wp\/v2\/media\/519153"}],"wp:attachment":[{"href":"https:\/\/www.europesays.com\/pl\/wp-json\/wp\/v2\/media?parent=519152"}],"wp:term":[{"taxonomy":"category","embeddable":true,"href":"https:\/\/www.europesays.com\/pl\/wp-json\/wp\/v2\/categories?post=519152"},{"taxonomy":"post_tag","embeddable":true,"href":"https:\/\/www.europesays.com\/pl\/wp-json\/wp\/v2\/tags?post=519152"}],"curies":[{"name":"wp","href":"https:\/\/api.w.org\/{rel}","templated":true}]}}