{"id":519476,"date":"2026-06-27T02:29:13","date_gmt":"2026-06-27T02:29:13","guid":{"rendered":"https:\/\/www.europesays.com\/pl\/519476\/"},"modified":"2026-06-27T02:29:13","modified_gmt":"2026-06-27T02:29:13","slug":"straznicy-miejscy-zatrzymali-podejrzanego-o-molestowanie-nastolatki","status":"publish","type":"post","link":"https:\/\/www.europesays.com\/pl\/519476\/","title":{"rendered":"Stra\u017cnicy miejscy zatrzymali podejrzanego o molestowanie nastolatki"},"content":{"rendered":"<p>Do zdarzenia dosz\u0142o w minion\u0105 niedziel\u0119 ok. godz. 21.10, kiedy cztery m\u0142ode kobiety poprosi\u0142y o pomoc patrol stra\u017cy miejskiej z II Oddzia\u0142u Terenowego. Wed\u0142ug ich relacji chwil\u0119 wcze\u015bniej zosta\u0142y zaczepione przez grup\u0119 oko\u0142o 10 os\u00f3b, w\u015br\u00f3d kt\u00f3rych znajdowa\u0142 si\u0119 m\u0119\u017cczyzna podejrzewany o molestowanie jednej z nich \u2014 informuje sto\u0142eczna Stra\u017c Miejska.<\/p>\n<p> Dalszy ci\u0105g artyku\u0142u pod materia\u0142em wideo <\/p>\n<p>Sytuacja szybko si\u0119 zaostrzy\u0142a, gdy kilku innych m\u0142odych m\u0119\u017cczyzn postanowi\u0142o stan\u0105\u0107 w obronie poszkodowanej.<\/p>\n<p>Stra\u017cnicy miejscy, po otrzymaniu zg\u0142oszenia i informacji o narastaj\u0105cym napi\u0119ciu, natychmiast wezwali wsparcie zar\u00f3wno innych patroli, jak i policji. Wraz z dwiema kobietami ruszyli w kierunku miejsca, gdzie mog\u0142o doj\u015b\u0107 do b\u00f3jki. Oko\u0142o godz. 21.30 funkcjonariusze zatrzymali m\u0119\u017cczyzn\u0119, kt\u00f3rego poszkodowane rozpozna\u0142y jako sprawc\u0119 napa\u015bci. Jak ustalono, zatrzymany mia\u0142 34 lata i ponad 2 promile alkoholu we krwi.<\/p>\n<p>     M\u0119\u017cczy\u017anie grozi nawet 8 lat wi\u0119zienia<\/p>\n<p>Stra\u017cnicy miejscy udzielili asysty, przewo\u017c\u0105c do komisariatu policji dw\u00f3ch \u015bwiadk\u00f3w nieprzyzwoitych zaczepek wobec kobiet. Okaza\u0142o si\u0119, \u017ce poszkodowana by\u0142a osob\u0105 nieletni\u0105. Funkcjonariusze podkre\u015blili, \u017ce szybka interwencja pozwoli\u0142a unikn\u0105\u0107 eskalacji konfliktu i zapewni\u0107 bezpiecze\u0144stwo wszystkim uczestnikom zdarzenia.<\/p>\n<p>Zatrzymany m\u0119\u017cczyzna zosta\u0142 przekazany policji, kt\u00f3ra prowadzi dalsze czynno\u015bci w tej sprawie. Przest\u0119pstwo, kt\u00f3rego mia\u0142 si\u0119 dopu\u015bci\u0107, zagro\u017cone jest kar\u0105 pozbawienia wolno\u015bci od sze\u015bciu miesi\u0119cy do o\u015bmiu lat.<\/p>\n","protected":false},"excerpt":{"rendered":"Do zdarzenia dosz\u0142o w minion\u0105 niedziel\u0119 ok. godz. 21.10, kiedy cztery m\u0142ode kobiety poprosi\u0142y o pomoc patrol stra\u017cy&hellip;\n","protected":false},"author":2,"featured_media":519477,"comment_status":"","ping_status":"","sticky":false,"template":"","format":"standard","meta":{"footnotes":"","_share_on_mastodon":"0"},"categories":[51605],"tags":[61195,183,5011,48,46,55,42,38,40,39,41,47,2267,435],"class_list":["post-519476","post","type-post","status-publish","format-standard","has-post-thumbnail","category-warszawa","tag-bottomfeed_styl","tag-dzieci_dziecko","tag-molestowanie","tag-nat_styl","tag-omp","tag-phx","tag-pl","tag-poland","tag-polish","tag-polska","tag-polski","tag-screening_general","tag-straz_miejska","tag-warszawa"],"share_on_mastodon":{"url":"https:\/\/pubeurope.com\/@pl\/116819719823866837","error":""},"_links":{"self":[{"href":"https:\/\/www.europesays.com\/pl\/wp-json\/wp\/v2\/posts\/519476","targetHints":{"allow":["GET"]}}],"collection":[{"href":"https:\/\/www.europesays.com\/pl\/wp-json\/wp\/v2\/posts"}],"about":[{"href":"https:\/\/www.europesays.com\/pl\/wp-json\/wp\/v2\/types\/post"}],"author":[{"embeddable":true,"href":"https:\/\/www.europesays.com\/pl\/wp-json\/wp\/v2\/users\/2"}],"replies":[{"embeddable":true,"href":"https:\/\/www.europesays.com\/pl\/wp-json\/wp\/v2\/comments?post=519476"}],"version-history":[{"count":0,"href":"https:\/\/www.europesays.com\/pl\/wp-json\/wp\/v2\/posts\/519476\/revisions"}],"wp:featuredmedia":[{"embeddable":true,"href":"https:\/\/www.europesays.com\/pl\/wp-json\/wp\/v2\/media\/519477"}],"wp:attachment":[{"href":"https:\/\/www.europesays.com\/pl\/wp-json\/wp\/v2\/media?parent=519476"}],"wp:term":[{"taxonomy":"category","embeddable":true,"href":"https:\/\/www.europesays.com\/pl\/wp-json\/wp\/v2\/categories?post=519476"},{"taxonomy":"post_tag","embeddable":true,"href":"https:\/\/www.europesays.com\/pl\/wp-json\/wp\/v2\/tags?post=519476"}],"curies":[{"name":"wp","href":"https:\/\/api.w.org\/{rel}","templated":true}]}}