{"id":519577,"date":"2026-06-27T03:58:15","date_gmt":"2026-06-27T03:58:15","guid":{"rendered":"https:\/\/www.europesays.com\/pl\/519577\/"},"modified":"2026-06-27T03:58:15","modified_gmt":"2026-06-27T03:58:15","slug":"ms-2026-dzisiaj-na-zywo-republika-zielonego-przyladka-arabia-saudyjska-oraz-urugwaj","status":"publish","type":"post","link":"https:\/\/www.europesays.com\/pl\/519577\/","title":{"rendered":"M\u015a 2026 dzisiaj na \u017cywo. Republika Zielonego Przyl\u0105dka &#8211; Arabia Saudyjska oraz Urugwaj"},"content":{"rendered":"<p>        <a href=\"https:\/\/przegladsportowy.onet.pl\/\" title=\"Strona g\u0142\u00f3wna serwisu\" aria-label=\"Strona g\u0142\u00f3wna serwisu\" data-astro-prefetch=\"tap\" class=\"ods-a-logo-main\" rel=\"nofollow noopener\" target=\"_blank\"><img src=\"https:\/\/cdn.przegladsportowy.onet.pl\/img\/Logo_desktop_Onet.svg\" class=\"ods-a-logo-main__image\" alt=\"Logo\" width=\"107\" height=\"60\" fetchpriority=\"high\" decoding=\"sync\" style=\"height:60px\"\/><\/a><a href=\"https:\/\/przegladsportowy.onet.pl\/\" title=\"Strona g\u0142\u00f3wna serwisu\" aria-label=\"Strona g\u0142\u00f3wna serwisu\" class=\"ods-a-logo-brand\" rel=\"nofollow noopener\" target=\"_blank\"><img src=\"https:\/\/cdn.przegladsportowy.onet.pl\/img\/Logo_desktop_Przeglad-Sportowy.svg\" class=\"ods-a-logo-brand__image\" alt=\"Logo serwisu\" width=\"96\" height=\"62\" fetchpriority=\"high\" decoding=\"sync\"\/><\/a>               <a href=\"https:\/\/przegladsportowy.onet.pl\/\" class=\"ods-a-link--breadcrumb ods-a-link--breadcrumb--light\" rel=\"nofollow noopener\" target=\"_blank\"><\/a><a href=\"https:\/\/przegladsportowy.onet.pl\/pilka-nozna\" class=\"ods-a-link--breadcrumb ods-a-link--breadcrumb--light\" rel=\"nofollow noopener\" target=\"_blank\"> Pi\u0142ka no\u017cna <\/a><a href=\"https:\/\/przegladsportowy.onet.pl\/pilka-nozna\/mistrzostwa-swiata-2026\" class=\"ods-a-link--breadcrumb ods-a-link--breadcrumb--light\" rel=\"nofollow noopener\" target=\"_blank\"> Mistrzostwa \u015awiata 2026 <\/a> M\u015a: Republika Zielonego Przyl\u0105dka &#8211; Arabia Saudyjska oraz Urugwaj &#8211; Hiszpania [RELACJA NA \u017bYWO]    <\/p>\n<p class=\"ods-a-lead-text\">Czas na jeden z hit\u00f3w fazy grupowej! Reprezentanci A\u017c dwie dru\u017cyny maj\u0105 szans\u0119 wyprzedzi\u0107 Hiszpan\u00f3w. Teoretycznie wci\u0105\u017c mo\u017cliwe jest, \u017ce mistrzowie Europy nie zajm\u0105 \u017cadnego z dw\u00f3ch pierwszych miejsc w grupie. Tu b\u0119dzie bardzo ciekawie, tego nie mo\u017cna przegapi\u0107.<\/p>\n<p>      <img class=\"ods-a-photo ods-a-photo--background\" src=\"https:\/\/www.europesays.com\/pl\/wp-content\/uploads\/2026\/06\/_2ck9lBaHR0cHM6Ly9vY2RuLmV1L3B1bHNjbXMvTURBXy82NmJiOTYxNDQ4YWRmOTY2ZTE1ODRhZTAyZjQ3ZjhhMS5qcGeSlQPNA.jpeg\"   height=\"489\" width=\"870\" alt=\"Lamine Yamal\" fetchpriority=\"high\" decoding=\"auto\"\/>    <\/p>\n<p>Buda Mendes \/ Getty Images<\/p>\n<p>  Lamine Yamal  <\/p>\n<p>Na pierwszej lokacie plasuje si\u0119 reprezentacja Hiszpanii. La Furia Roja ma na koncie cztery punkty.<\/p>\n<p>Urugwaj i Republika Zielonego Przyl\u0105dka mog\u0105 pochwali\u0107 si\u0119 takim samym dorobkiem punktowym &#8211; obie ekipy wywalczy\u0142y trzy oczka. Ich bilans bramkowym to odpowiednio 3:3 i 2:2.<\/p>\n<p>Z kolei Arabia Saudyjska w dw\u00f3ch meczach zdoby\u0142a tylko jeden punkt i zajmuje ostatnie miejsce w grupie H.<\/p>\n<p>Zapraszamy na relacj\u0119 na \u017cywo z mecz\u00f3w Republika Zielonego Przyl\u0105dka &#8211; Arabia Saudyjska oraz Urugwaj &#8211; Hiszpania. Pocz\u0105tek zmaga\u0144 w sobot\u0119, 27 czerwca o godz. 02:00.<\/p>\n<p>                        <a class=\"backButton\" onclick=\"window.history.back();\">&lt;Go back<\/a><\/p>\n<p>      <img decoding=\"async\" src=\"data:image\/gif;base64,R0lGODlhAQABAPABAP\/\/\/wAAACH5BAEKAAAALAAAAAABAAEAAAICRAEAOw%3D%3D\" alt=\"\"\/>M\u015a: Republika Zielonego Przyl\u0105dka &#8211; Arabia Saudyjska oraz Urugwaj &#8211; Hiszpania<\/p>\n<p>Relacja na \u017cywo<\/p>\n<p>\n          Republika Zielonego Przyl\u0105dka &#8211; Arabia Saudyjska<br \/>\n          0 &#8211; 0<\/p>\n<p>\n          Urugwaj &#8211; Hiszpania<br \/>\n          0 &#8211; 1<\/p>\n<p>doczytaj wi\u0119cej\n    <\/p>\n<p>                                       <img loading=\"lazy\" class=\"ods-a-photo ods-a-author-avatar__single__img\" src=\"https:\/\/www.europesays.com\/pl\/wp-content\/uploads\/2026\/06\/1782532695_486_MT4k9k_aHR0cHM6Ly9jZG4ucHJ6ZWdsYWRzcG9ydG93eS5vbmV0LnBsL2ltZy9hdmF0YXJfcGxhY2Vob2xkZXIucG5nkZMFzLTMt.jpeg\" height=\"90\" width=\"90\" alt=\"Autor Micha\u0142 Stomp\u00f3r\" fetchpriority=\"auto\" decoding=\"auto\"\/>                    Materia\u0142 promocyjny  <a href=\"\" class=\"ods-o-card__link\" data-lps-url=\"\" data-uuid-ui=\"\" data-astro-prefetch=\"tap\">  <img class=\"ods-a-photo ods-a-photo--background\" height=\"170\" width=\"300\" loading=\"lazy\" fetchpriority=\"auto\" decoding=\"async\"\/>     <\/a>                                                  <\/p>\n<p class=\"ods-c-modal-premium__title\">\nTo jest materia\u0142<br \/>\nPremium <\/p>\n<p class=\"ods-c-modal-premium__subtitle\">\nDo\u0142\u0105cz\u00a0do\u00a0Premium<br \/>\n                i\u00a0odblokuj\u00a0wszystkie\u00a0funkcje<br \/>\n                dla\u00a0materia\u0142\u00f3w\u00a0Premium:\n<\/p>\n<p class=\"ods-c-modal-premium__subtitle\"> \u2713<br \/>\nczytaj<br \/>\n\u2713<br \/>\ns\u0142uchaj<br \/>\n\u2713<br \/>\nskracaj\n<\/p>\n<p>  <a href=\"#\" class=\"ods-c-modal-premium__button\">Do\u0142\u0105cz do premium<\/a>          <\/p>\n<p>\nOdpowied\u017a na pytanie przygotowana przez Onet Czat z AI:\n  <\/p>\n<p>\nCo\u015b posz\u0142o nie tak.<\/p>\n<p>Spr\u00f3buj ponownie p\u00f3\u017aniej.\n <\/p>\n<p>\nWyczerpa\u0142e\u015b dzienny limit konwersacji z Onet<br \/>\n                                Czatem z AI.<\/p>\n<p>Spr\u00f3buj ponownie jutro. Pami\u0119taj, \u017ce wci\u0105\u017c<br \/>\n                                mo\u017cesz korzysta\u0107 z tre\u015bci na Onecie!\n <\/p>\n<p>                     <img loading=\"lazy\" class=\"ods-a-photo ods-a-photo--background\" src=\"https:\/\/cdn.przegladsportowy.onet.pl\/1\/hoJk9lBaHR0cHM6Ly9vY2RuLmV1L3B1bHNjbXMvTURBXy9kNWI2ZDk3NmI3MWM4YWNlNTQ3ZDM3M2QyNDI5MmE3My5wbmeRkwUCAt4AAqEwB6ExBA\" height=\"1\" width=\"1\" alt=\"-\" fetchpriority=\"auto\" decoding=\"auto\"\/>    <\/p>\n<p>&#8211; \/ &#8211;<\/p>\n<p>                    <img class=\"ods-a-photo ods-a-author-avatar__double__img\" height=\"24\" width=\"24\" alt=\"Autor 1, Autor 2\" fetchpriority=\"auto\" decoding=\"auto\"\/>  <img class=\"ods-a-photo ods-a-author-avatar__double__img\" height=\"24\" width=\"24\" alt=\"Autor 1, Autor 2\" fetchpriority=\"auto\" decoding=\"auto\"\/>  Zesp\u00f3\u0142 dziennikarzy      <\/p>\n","protected":false},"excerpt":{"rendered":"Pi\u0142ka no\u017cna Mistrzostwa \u015awiata 2026 M\u015a: Republika Zielonego Przyl\u0105dka &#8211; Arabia Saudyjska oraz Urugwaj &#8211; Hiszpania [RELACJA NA&hellip;\n","protected":false},"author":2,"featured_media":519578,"comment_status":"","ping_status":"","sticky":false,"template":"","format":"standard","meta":{"footnotes":"","_share_on_mastodon":"0"},"categories":[24],"tags":[3427,61195,267,7409,48,46,948,42,38,40,39,41,94413,13071,47,127,126,12737,130],"class_list":["post-519577","post","type-post","status-publish","format-standard","has-post-thumbnail","category-sport","tag-arabia_saudyjska","tag-bottomfeed_styl","tag-hiszpania","tag-mistrzostwa_swiata_2026","tag-nat_styl","tag-omp","tag-pilka_nozna","tag-pl","tag-poland","tag-polish","tag-polska","tag-polski","tag-relacje_tekstowe_ing","tag-republika_zielonego_przyladka","tag-screening_general","tag-sport","tag-sports","tag-urugwaj","tag-wiadomosci_sportowe"],"share_on_mastodon":{"url":"https:\/\/pubeurope.com\/@pl\/116820071012373083","error":""},"_links":{"self":[{"href":"https:\/\/www.europesays.com\/pl\/wp-json\/wp\/v2\/posts\/519577","targetHints":{"allow":["GET"]}}],"collection":[{"href":"https:\/\/www.europesays.com\/pl\/wp-json\/wp\/v2\/posts"}],"about":[{"href":"https:\/\/www.europesays.com\/pl\/wp-json\/wp\/v2\/types\/post"}],"author":[{"embeddable":true,"href":"https:\/\/www.europesays.com\/pl\/wp-json\/wp\/v2\/users\/2"}],"replies":[{"embeddable":true,"href":"https:\/\/www.europesays.com\/pl\/wp-json\/wp\/v2\/comments?post=519577"}],"version-history":[{"count":0,"href":"https:\/\/www.europesays.com\/pl\/wp-json\/wp\/v2\/posts\/519577\/revisions"}],"wp:featuredmedia":[{"embeddable":true,"href":"https:\/\/www.europesays.com\/pl\/wp-json\/wp\/v2\/media\/519578"}],"wp:attachment":[{"href":"https:\/\/www.europesays.com\/pl\/wp-json\/wp\/v2\/media?parent=519577"}],"wp:term":[{"taxonomy":"category","embeddable":true,"href":"https:\/\/www.europesays.com\/pl\/wp-json\/wp\/v2\/categories?post=519577"},{"taxonomy":"post_tag","embeddable":true,"href":"https:\/\/www.europesays.com\/pl\/wp-json\/wp\/v2\/tags?post=519577"}],"curies":[{"name":"wp","href":"https:\/\/api.w.org\/{rel}","templated":true}]}}