{"id":51960,"date":"2025-10-16T12:01:17","date_gmt":"2025-10-16T12:01:17","guid":{"rendered":"https:\/\/www.europesays.com\/pl\/51960\/"},"modified":"2025-10-16T12:01:17","modified_gmt":"2025-10-16T12:01:17","slug":"dawid-wolinski-powiedzial-uczestniczce-top-model-ze-wieniawa-ja-zablokowala-gwiazda-teraz-sie-tlumaczy","status":"publish","type":"post","link":"https:\/\/www.europesays.com\/pl\/51960\/","title":{"rendered":"Dawid Woli\u0144ski powiedzia\u0142 uczestniczce &#8222;Top Model&#8221;, \u017ce Wieniawa j\u0105 zablokowa\u0142a. Gwiazda teraz si\u0119 t\u0142umaczy"},"content":{"rendered":"<p class=\"Paragraph_desktopParagraph__U31Gm\"><a href=\"https:\/\/plejada.pl\/julia-wieniawa\" id=\"2475e348-d77a-406d-a388-09dcb93ffbbd\" rel=\"nofollow noopener\" target=\"_blank\">Julia Wieniawa<\/a> pojawi\u0142a si\u0119 jako go\u015b\u0107 specjalny w si\u00f3dmym odcinku &#8222;Top Model&#8221;. Jej zadaniem by\u0142o wspieranie uczestnik\u00f3w podczas sesji zdj\u0119ciowej, jednak jej zachowanie na planie wywo\u0142a\u0142o fal\u0119 negatywnych komentarzy w mediach spo\u0142eczno\u015bciowych.<\/p>\n<p class=\"Paragraph_desktopParagraph__U31Gm\">Uczestnicy musieli zmierzy\u0107 si\u0119 z pozowaniem na podwieszonej kuli, co by\u0142o wyj\u0105tkowo trudne dla Sary Anwar. Mi\u0119dzy ni\u0105 a Wieniaw\u0105 dosz\u0142o do niezr\u0119cznej wymiany zda\u0144. Gwiazda pr\u00f3bowa\u0142a udzieli\u0107 jej kilku wskaz\u00f3wek, sugeruj\u0105c, by rozlu\u017ani\u0142a mi\u0119\u015bnie, co mia\u0142o poprawi\u0107 jako\u015b\u0107 zdj\u0119\u0107. Sara jednak zwr\u00f3ci\u0142a uwag\u0119, \u017ce inni uczestnicy &#8222;te\u017c si\u0119 trzymali mocno mi\u0119\u015bniami, a nie by\u0142o tego tu wida\u0107&#8221;. Te s\u0142owa zirytowa\u0142y Wieniaw\u0119.<\/p>\n<ul class=\"OchatFollowUps_wrapper__1ry7X\">\n<li class=\"OchatFollowUps_item__Dhyly OchatFollowUps_itemDesktop__R6aBv\">Dlaczego Wieniawa by\u0142a go\u015bciem specjalnym w 'Top Model&#8217;?<\/li>\n<li class=\"OchatFollowUps_item__Dhyly OchatFollowUps_itemDesktop__R6aBv\">Co powiedzia\u0142 Dawid Woli\u0144ski uczestniczce 'Top Model&#8217;?<\/li>\n<li class=\"OchatFollowUps_item__Dhyly OchatFollowUps_itemDesktop__R6aBv\">Jak zareagowa\u0142a Wieniawa na informacj\u0119 o zablokowaniu?<\/li>\n<li class=\"OchatFollowUps_item__Dhyly OchatFollowUps_itemDesktop__R6aBv\">Jakie by\u0142y reakcje internaut\u00f3w na sytuacj\u0119 z Wieniaw\u0105?<\/li>\n<\/ul>\n<p class=\"Paragraph_desktopParagraph__U31Gm\">Po zako\u0144czonym zadaniu nadszed\u0142 czas na ocen\u0119 juror\u00f3w. Marcin Tyszka nie szcz\u0119dzi\u0142 s\u0142\u00f3w krytyki w kierunku Sary Anwar.<\/p>\n<p class=\"Paragraph_desktopParagraph__U31Gm\">&#8222;Sp\u00f3jrzmy te\u017c na twarz. Masz min\u0119 niezadowolonej ryby. Julka ci\u0119 nie zna\u0142a wcze\u015bniej, ona przysz\u0142a na jedn\u0105 sesj\u0119 i te\u017c mia\u0142a wra\u017cenie, \u017ce jeste\u015b na ni\u0105 obra\u017cona&#8221; \u2014 powiedzia\u0142, na co Dawid Woli\u0144ski odpar\u0142:<\/p>\n<blockquote>\n<p class=\"Paragraph_desktopParagraph__U31Gm\">Zablokowa\u0142a ci\u0119 na insta.<\/p>\n<\/blockquote>\n<p class=\"Paragraph_desktopParagraph__U31Gm\">Uczestniczka &#8222;Top Model&#8221; by\u0142a widocznie zaskoczona t\u0105 informacj\u0105.<\/p>\n<p class=\"Paragraph_desktopParagraph__U31Gm\">Pod postem na Instagramie, gdzie opublikowano urywek tej wymiany zda\u0144, Julia Wieniawa szybko ruszy\u0142a z odpowiedzi\u0105.<\/p>\n<blockquote>\n<p class=\"Paragraph_desktopParagraph__U31Gm\">Ja nikogo nie zablokowa\u0142am na insta, co to za bzdury?<\/p>\n<\/blockquote>\n<p class=\"Paragraph_desktopParagraph__U31Gm\">\u2014 napisa\u0142a.<\/p>\n<p class=\"Paragraph_desktopParagraph__U31Gm\">Pod jej s\u0142owami pojawi\u0142y si\u0119 komentarze internaut\u00f3w, kt\u00f3rzy pr\u00f3bowali wyt\u0142umaczy\u0107 Woli\u0144skiego.<\/p>\n<p class=\"Paragraph_desktopParagraph__U31Gm\">&#8222;Ja to odebra\u0142am jako \u017cart, dziwi\u0119 si\u0119, \u017ce niekt\u00f3rzy to powa\u017cnie potraktowali o tym zablokowaniu&#8221; \u2014 napisa\u0142a jedna z nich.<\/p>\n<p class=\"Paragraph_desktopParagraph__U31Gm\">Inni mieli nieco odmienne zdanie.<\/p>\n<p class=\"Paragraph_desktopParagraph__U31Gm\">&#8222;To niez\u0142y \u017cart jak nikt si\u0119 nie \u015bmieje\u2026 bardziej poddymienie atmosfery&#8221;; &#8222;No to nie\u017ale ci\u0119 Woli\u0144ski za\u0142atwi\u0142 na wizji&#8221; \u2014 czytamy w komentarzach.<\/p>\n<p class=\"Paragraph_desktopParagraph__U31Gm\">Dzi\u0119kujemy, \u017ce przeczyta\u0142a\u015b\/e\u015b nasz artyku\u0142 do ko\u0144ca. W serwisie Plejada.pl ka\u017cdego dnia piszemy o najwa\u017cniejszych wydarzeniach show-biznesowych. B\u0105d\u017a na bie\u017c\u0105co! <a rel=\"nofollow noopener\" href=\"https:\/\/news.google.com\/publications\/CAAiEF0PeAlb7W1llpV_mwV2rL4qFAgKIhBdD3gJW-1tZZaVf5sFdqy-?hl=pl&amp;gl=PL&amp;ceid=PL%3Apl\" id=\"0452bfbf-f25c-4f4a-8a6b-bee3804cf7f3\" target=\"_blank\">Obserwuj<\/a> Plejad\u0119 w Wiadomo\u015bciach Google. Odwied\u017a nas tak\u017ce na <a rel=\"nofollow noopener\" href=\"https:\/\/www.facebook.com\/plejadapl\" id=\"384efe7c-4b58-45b1-af40-2db714442be5\" target=\"_blank\">Facebooku<\/a>, <a rel=\"nofollow noopener\" href=\"https:\/\/www.instagram.com\/plejadapl\/\" id=\"5ce3223d-1ef5-4962-a28a-38396b5210c0\" target=\"_blank\">Instagramie<\/a>, <a rel=\"nofollow noopener\" href=\"https:\/\/www.youtube.com\/c\/plejada\" id=\"bb0ea4a7-91bc-4e15-ae70-8bb1a1db27fe\" target=\"_blank\">YouTube<\/a> oraz <a rel=\"nofollow noopener\" href=\"https:\/\/www.tiktok.com\/@plejada_pl\" id=\"93962e17-81b1-4d15-a1c9-e0c3b4f80b93\" target=\"_blank\">TikToku<\/a>.<\/p>\n<p class=\"Paragraph_desktopParagraph__U31Gm\">Chcesz podzieli\u0107 si\u0119 ciekawym newsem lub zaproponowa\u0107 temat? Skontaktuj si\u0119 z nami, pisz\u0105c e-maila na adres: <a href=\"https:\/\/www.onet.pl\/styl-zycia\/plejada\/wolinski-do-uczestniczki-top-model-julia-cie-zablokowala-wieniawa-sie-tlumaczy\/mailto:plejada@redakcjaonet.pl\" id=\"6c8192c7-2733-4afd-83e1-2d80ac0481ef\" rel=\"nofollow noopener\" target=\"_blank\">plejada@redakcjaonet.pl<\/a>.<\/p>\n<p><script async src=\"\/\/www.instagram.com\/embed.js\"><\/script><script async src=\"\/\/www.tiktok.com\/embed.js\"><\/script><\/p>\n","protected":false},"excerpt":{"rendered":"Julia Wieniawa pojawi\u0142a si\u0119 jako go\u015b\u0107 specjalny w si\u00f3dmym odcinku &#8222;Top Model&#8221;. Jej zadaniem by\u0142o wspieranie uczestnik\u00f3w podczas&hellip;\n","protected":false},"author":2,"featured_media":51961,"comment_status":"","ping_status":"","sticky":false,"template":"","format":"standard","meta":{"footnotes":""},"categories":[22],"tags":[315,122,67,1654,13989,53,52,68,51,55,42,38,40,39,41,123,47,196,313,1112,65,50],"class_list":{"0":"post-51960","1":"post","2":"type-post","3":"status-publish","4":"format-standard","5":"has-post-thumbnail","7":"category-rozrywka","8":"tag-dawid_wolinski","9":"tag-entertainment","10":"tag-intextvideo_splayer","11":"tag-julia_wieniawa","12":"tag-julia_wieniawa_narkiewicz","13":"tag-new_header","14":"tag-onet3","15":"tag-onet3d","16":"tag-onet3d_2i","17":"tag-phx","18":"tag-pl","19":"tag-poland","20":"tag-polish","21":"tag-polska","22":"tag-polski","23":"tag-rozrywka","24":"tag-screening_general","25":"tag-styl_zycia","26":"tag-top_model","27":"tag-top_model_program_tv","28":"tag-update_me","29":"tag-v2021"},"share_on_mastodon":{"url":"","error":""},"_links":{"self":[{"href":"https:\/\/www.europesays.com\/pl\/wp-json\/wp\/v2\/posts\/51960","targetHints":{"allow":["GET"]}}],"collection":[{"href":"https:\/\/www.europesays.com\/pl\/wp-json\/wp\/v2\/posts"}],"about":[{"href":"https:\/\/www.europesays.com\/pl\/wp-json\/wp\/v2\/types\/post"}],"author":[{"embeddable":true,"href":"https:\/\/www.europesays.com\/pl\/wp-json\/wp\/v2\/users\/2"}],"replies":[{"embeddable":true,"href":"https:\/\/www.europesays.com\/pl\/wp-json\/wp\/v2\/comments?post=51960"}],"version-history":[{"count":0,"href":"https:\/\/www.europesays.com\/pl\/wp-json\/wp\/v2\/posts\/51960\/revisions"}],"wp:featuredmedia":[{"embeddable":true,"href":"https:\/\/www.europesays.com\/pl\/wp-json\/wp\/v2\/media\/51961"}],"wp:attachment":[{"href":"https:\/\/www.europesays.com\/pl\/wp-json\/wp\/v2\/media?parent=51960"}],"wp:term":[{"taxonomy":"category","embeddable":true,"href":"https:\/\/www.europesays.com\/pl\/wp-json\/wp\/v2\/categories?post=51960"},{"taxonomy":"post_tag","embeddable":true,"href":"https:\/\/www.europesays.com\/pl\/wp-json\/wp\/v2\/tags?post=51960"}],"curies":[{"name":"wp","href":"https:\/\/api.w.org\/{rel}","templated":true}]}}