{"id":51974,"date":"2025-10-16T12:14:11","date_gmt":"2025-10-16T12:14:11","guid":{"rendered":"https:\/\/www.europesays.com\/pl\/51974\/"},"modified":"2025-10-16T12:14:11","modified_gmt":"2025-10-16T12:14:11","slug":"oto-kulisy-ruchow-mistrza-polski-padly-gwiazdorskie-nazwiska","status":"publish","type":"post","link":"https:\/\/www.europesays.com\/pl\/51974\/","title":{"rendered":"Oto kulisy ruch\u00f3w mistrza Polski. Pad\u0142y gwiazdorskie nazwiska"},"content":{"rendered":"<p>Ju\u017c w najbli\u017cszy poniedzia\u0142ek ruszy nowy sezon PlusLigi, a Bogdanka LUK Lublin swoje pierwsze spotkanie rozegra dwa dni p\u00f3\u017aniej w Cz\u0119stochowie. Jednak sensacyjni mistrzowie Polski poprzednich rozgrywek niespe\u0142na miesi\u0105c po zako\u0144czeniu poprzednich zmaga\u0144 znale\u017ali si\u0119 w powa\u017cnych tarapatach.<\/p>\n<p>Wszystko za spraw\u0105 dyskwalifikacji jednego z zawodnik\u00f3w. W pr\u00f3bce pobranej na pocz\u0105tku maja w trakcie ligowych fina\u0142\u00f3w od Miko\u0142aja Sawickiego wykryto niedozwolon\u0105 substancj\u0119. Konkretnie chodzi o modanifil, dzia\u0142aj\u0105cy stymuluj\u0105co na o\u015brodkowy uk\u0142ad nerwowy. Informacja ta ujrza\u0142a \u015bwiat\u0142o dzienne miesi\u0105c p\u00f3\u017aniej, bo na pocz\u0105tku czerwca, gdy zawodnik przebywa\u0142 ju\u017c na zgrupowaniu kadry, a najgorsze scenariusze m\u00f3wi\u0142y nawet o a\u017c czteroletniej dyskwalifikacji.<\/p>\n<p class=\"Paragraph_desktopParagraph__Fd2e9\">Obecnie sprawy s\u0105 w toku, podobnie jak ca\u0142y proces analizy dowod\u00f3w, a na trzeci\u0105 ju\u017c rozpraw\u0119 zawodnik wci\u0105\u017c oczekuje. I do momentu rozstrzygni\u0119cia pozostaje tymczasowo zawieszony. W tym okresie nie mo\u017ce on trenowa\u0107 z \u017cadn\u0105 dru\u017cyn\u0105 na poziomie profesjonalnym, cho\u0107 obecnie realizuje plan treningowy w si\u0142owni, ale nie razem z zespo\u0142em Bogdanki LUK Lublin.<\/p>\n<p>Rodzina Henno przenios\u0142a si\u0119 do PlusLigi. Antiga mia\u0142 inny plan<\/p>\n<p class=\"Paragraph_desktopParagraph__Fd2e9\">Sawicki znakomicie prezentowa\u0142 si\u0119 zw\u0142aszcza w drugiej cz\u0119\u015bci minionego sezonu ligowego, a w decyduj\u0105cej fazie rozgrywek tworzy\u0142 na swojej pozycji duet z Wilfredo Leonem. Dlatego kluczowa kwestia w obliczu nieobecno\u015bci Sawickiego dotyczy tego, kto razem z Leonem i brazylijskim libero Thalesem b\u0119dzie tworzy\u0142 lini\u0119 przyj\u0119cia.<\/p>\n<p class=\"Paragraph_desktopParagraph__Fd2e9\">Ju\u017c wcze\u015bniej by\u0142o wiadomo, \u017ce do zespo\u0142u do\u0142\u0105cza Hilir Henno. Francuski przyjmuj\u0105cy jest bardzo chwalony przez ekspert\u00f3w, cho\u0107 dla 22-latka obecne rozgrywki b\u0119d\u0105 wa\u017cnym sprawdzianem w czo\u0142owej europejskiej lidze po czterech latach sp\u0119dzonych w ameryka\u0144skim UC Irvine.<\/p>\n<p class=\"Paragraph_desktopParagraph__Fd2e9\">W tym sezonie Henno nie b\u0119dzie jedynym przedstawicielem swojej rodziny w PlusLidze, bowiem w klubie z Gorzowa Wielkopolskiego zagra jego m\u0142odszy o dwa lata brat Mathis, a ojciec Hubert poprowadzi dru\u017cyn\u0119 Cuprum Stilonu. Zreszt\u0105 nieoficjalnie wiadomo, \u017ce trener lublinian Stephane Antiga to w\u0142a\u015bnie Mathisa chcia\u0142 pocz\u0105tkowo \u015bci\u0105gn\u0105\u0107 do Bogdanki LUK, ale Henno senior mia\u0142 uzna\u0107, \u017ce woli mie\u0107 m\u0142odszego z syn\u00f3w w swojej dru\u017cynie.<\/p>\n<p><img decoding=\"async\" src=\"https:\/\/www.europesays.com\/pl\/wp-content\/uploads\/2025\/10\/hilir-henno.jpeg\" alt=\"HIlir Henno\" width=\"944\" height=\"628\" loading=\"lazy\" class=\"\" \/>HIlir Henno (Foto: Wojciech Szubartowski \/ Pressfocus)<\/p>\n<p class=\"Paragraph_desktopParagraph__Fd2e9\">Jeszcze do pocz\u0105tku pa\u017adziernika trener Antiga mia\u0142 oficjalnie w sk\u0142adzie tylko tr\u00f3jk\u0119 przyjmuj\u0105cych na ten sezon \u2014 wspomnianego wcze\u015bniej Henno, a tak\u017ce Jakuba Wachnika oraz Wilfredo Leona. Ten dopiero kilka dni temu do\u0142\u0105czy\u0142 do dru\u017cyny po sezonie kadrowym. Od wtorku wicemistrz olimpijski z Pary\u017ca wznowi\u0142 natomiast treningi, bowiem zaraz po rozgrywkach reprezentacyjnych podda\u0142 si\u0119 standardowej procedurze przyj\u0119cia zastrzyku sterydowego w kolano, ale na pierwsz\u0105 kolejk\u0119 zmaga\u0144 i mecz w Cz\u0119stochowie (22 pa\u017adziernika) ma by\u0107 ju\u017c gotowy do gry.<\/p>\n<p class=\"Paragraph_desktopParagraph__Fd2e9\">Wiele wskazuje na to, \u017ce w tym spotkaniu duet przyjmuj\u0105cych stworzy z Hilirem Henno, cho\u0107 w miniony weekend podczas Memoria\u0142u Tomasza W\u00f3jtowicza w Lublinie, z dobrej strony pokaza\u0142 si\u0119 Jackson Young. Transfer 23-letniego Kanadyjczyka zosta\u0142 oficjalnie og\u0142oszony dopiero 7 pa\u017adziernika. Zreszt\u0105 klub d\u0142ugo zwleka\u0142 z pozyskaniem nowego gracza, licz\u0105c na rozstrzygni\u0119cie sprawy z Sawickim.<\/p>\n<p class=\"Paragraph_desktopParagraph__Fd2e9\">\u2014 Taka by\u0142a decyzja klubu, \u017ceby czeka\u0107 na Miko\u0142aja i wed\u0142ug mnie dobrze zrobili. Jednak im bli\u017cej by\u0142o pierwszego meczu w sezonie, trzeba by\u0142o ju\u017c podj\u0105\u0107 pewne kroki \u2014 m\u00f3wi trener Bogdanki LUK Lublin Stephane Antiga.<\/p>\n<p class=\"Paragraph_desktopParagraph__Fd2e9\">\u2014 Je\u015bli chodzi o rozstrzygni\u0119cie sprawy Miko\u0142aja, to wiemy, \u017ce nic nie wiemy. Ca\u0142y czas kibicujemy, \u017ceby wszystko rozwi\u0105za\u0142o si\u0119 na jego korzy\u015b\u0107, ale pozostaje tylko czeka\u0107. Jednocze\u015bnie musieli\u015bmy zabezpieczy\u0107 sytuacj\u0119 i kierowa\u0107 si\u0119 dobrem klubu, st\u0105d pozyskanie nowego zawodnika. To by\u0142 dobry ruch, cho\u0107 nie\u0142atwy proces. Wiadomo, jak wcze\u015bnie rusza rynek transferowy i w takim momencie szukanie nowego gracza jest karko\u0142omnym zadaniem. Cieszymy si\u0119, \u017ce Jackson Young do nas do\u0142\u0105czy\u0142, bo wydaje si\u0119, \u017ce w\u0142a\u015bnie takiej osoby potrzebowali\u015bmy \u2014 dodaje Maciej Krzaczek, wiceprezes lubelskiego klubu.<\/p>\n<p>Te nazwiska wchodzi\u0142y w gr\u0119. Nie b\u0119dzie powrotu do PlusLigi<\/p>\n<p class=\"Paragraph_desktopParagraph__Fd2e9\">Zanim zosta\u0142 zakontraktowany Young, kt\u00f3ry jestem trzecim Kanadyjczykiem w zespole obok duetu \u015brodkowych Fynna McCarthy\u2019ego i Daenana Gyimaha, w kontek\u015bcie transferu do Lublina mocno m\u00f3wi\u0142o si\u0119 tak\u017ce o innych obcokrajowcach. Jak wynika z naszych informacji w kr\u0119gu zainteresowa\u0144 klubu by\u0142 Bu\u0142gar Martin Atanasow, kt\u00f3ry po odej\u015bciu z Galatasaray Stambu\u0142 wybra\u0142 ofert\u0119 Vero Volley Monzy.<\/p>\n<p class=\"Paragraph_desktopParagraph__Fd2e9\">W kuluarach us\u0142yszeli\u015bmy jednak, \u017ce jeszcze po zakontraktowaniu bu\u0142garskiego przyjmuj\u0105cego we W\u0142oszech, w\u0142adze lubelskiej ekipy ponownie rozwa\u017ca\u0142y pozyskanie go i wykupienie jego kontraktu. Innym nazwiskiem, kt\u00f3re pada\u0142o w\u015br\u00f3d propozycji by\u0142 Uros Kovacevi\u0107. 32-letni Serb dobrze znany jest polskim kibicom z wyst\u0119p\u00f3w w Aluronie CMC Warcie Zawiercie (2021-23), ale dzi\u015b nie prezentuje ju\u017c tak wysokiego poziomu, jak przed laty. Wed\u0142ug naszych informacji zwolennikiem zatrudnienia Kovacevicia nie by\u0142 nawet trener Antiga.<\/p>\n<p class=\"Paragraph_desktopParagraph__Fd2e9\">Z kolei Younga obserwowa\u0142 ju\u017c od pewnego czasu. \u2014 \u015aledzi\u0142em jego gr\u0119 w niemieckim VfB Friedrichshafen i na pocz\u0105tku Ligi Narod\u00f3w. Podoba mi si\u0119 profil tego zawodnika. Bardzo dobrze przyjmuje i broni, ale te\u017c potrafi punktowa\u0107 \u2014 m\u00f3wi szkoleniowiec lublinian.<\/p>\n<p class=\"Paragraph_desktopParagraph__Fd2e9\">Antiga nie mia\u0142 \u0142atwego zadania w sezonie przygotowawczym, bowiem do dyspozycji mia\u0142 zaledwie siedmiu graczy, gdy pozostali \u2014 na czele z Leonem, Marcinem Komend\u0105 i Kewinem Sasakiem \u2014 rywalizowali w mistrzostwach \u015bwiata. \u2014 Musia\u0142em wykaza\u0107 si\u0119 spor\u0105 kreatywno\u015bci\u0105, \u017ceby m\u00f3c gra\u0107 w sz\u00f3stkach. Potrzebowali\u015bmy wsparcia innych zawodnik\u00f3w podczas trening\u00f3w \u2014 m\u00f3wi francuski szkoleniowiec.<\/p>\n<p><img decoding=\"async\" src=\"https:\/\/www.europesays.com\/pl\/wp-content\/uploads\/2025\/10\/wilfredo-leon-zakonczyl-poprzedni-sezon-ze-swoim-pierwszym-w-karierze-tytulem-mistrza-polski.jpeg\" alt=\"Wilfredo Leon zako\u0144czy\u0142 poprzedni sezon ze swoim pierwszym w karierze tytu\u0142em mistrza Polski.\" width=\"944\" height=\"659\" loading=\"lazy\" class=\"\" \/>Wilfredo Leon zako\u0144czy\u0142 poprzedni sezon ze swoim pierwszym w karierze tytu\u0142em mistrza Polski. (Foto: \u0141ukasz Sobala \/ Pressfocus)<\/p>\n<p class=\"Paragraph_desktopParagraph__Fd2e9\">W poprzednim sezonie bomb\u0105 transferow\u0105 w Lublinie by\u0142o pozyskanie Leona, ale z dobrej strony pokaza\u0142 si\u0119 tak\u017ce bu\u0142garski \u015brodkowy Aleks Grozdanow, kt\u00f3ry wraz z kadr\u0105 nieoczekiwanie dotar\u0142 a\u017c do fina\u0142u mistrzostw \u015bwiata na Filipinach.<\/p>\n<p class=\"Paragraph_desktopParagraph__Fd2e9\">\u2014 Kiedy Aleks przychodzi\u0142 do naszej dru\u017cyny, by\u0142 nieodkryty na polskim rynku. Dzi\u0119ki pomocy poprzedniego trenera Massimo Bottiego uda\u0142o nam si\u0119 go zakontraktowa\u0107 sezon wcze\u015bniej. Cieszymy si\u0119, \u017ce zdoby\u0142 medal mistrzostw \u015bwiata, cho\u0107 oczywi\u015bcie liczyli\u015bmy, \u017ce do fina\u0142u dojdzie reprezentacja Polski \u2014 przyznaje wiceprezes Krzaczek.<\/p>\n<p class=\"Paragraph_desktopParagraph__Fd2e9\">B\u0142ysn\u0105\u0107 w tym sezonie mo\u017ce za to inny \u015brodkowy \u2014 Kanadyjczyk Daenan Gyimah. Dla niego to dopiero trzeci sezon w profesjonalnej lidze po trzyletniej przerwie od siatk\u00f3wki. Jego zasi\u0119g w ataku (380 cm!) robi wra\u017cenie i daje mu ogromn\u0105 przewag\u0119 na siatce.<\/p>\n<p class=\"Paragraph_desktopParagraph__Fd2e9\">Po weekendowym Memoriale Tomasza W\u00f3jtowicza i wygranych spotkaniach z PGE Projektem Warszawa oraz JSW Jastrz\u0119bskim W\u0119glem, ostatnim sprawdzianem lublinian przed startem PlusLigi b\u0119dzie pi\u0105tkowy sparing z Asseco Resovi\u0105.<\/p>\n<p class=\"Paragraph_desktopParagraph__Fd2e9\">\u2014 To b\u0119dzie dobry sprawdzian, by przekona\u0107 si\u0119, jaki poziom prezentujemy na tym etapie \u2014 m\u00f3wi Antiga.<\/p>\n<p class=\"Paragraph_desktopParagraph__Fd2e9\">Jego zesp\u00f3\u0142 pierwszy mecz ligowy rozegra 22 pa\u017adziernika w Cz\u0119stochowie. Trzy dni p\u00f3\u017aniej u siebie zmierzy si\u0119 z ZAKS\u0104 K\u0119dzierzyn-Ko\u017ale.<\/p>\n","protected":false},"excerpt":{"rendered":"Ju\u017c w najbli\u017cszy poniedzia\u0142ek ruszy nowy sezon PlusLigi, a Bogdanka LUK Lublin swoje pierwsze spotkanie rozegra dwa dni&hellip;\n","protected":false},"author":2,"featured_media":51975,"comment_status":"","ping_status":"","sticky":false,"template":"","format":"standard","meta":{"footnotes":""},"categories":[24],"tags":[13930,3106,67,13992,194,13993,42,6242,38,40,39,41,136,10987,128,47,131,127,135,126,13991,2817,130,1298],"class_list":{"0":"post-51974","1":"post","2":"type-post","3":"status-publish","4":"format-standard","5":"has-post-thumbnail","7":"category-sport","8":"tag-bogdanka_luk_lublin","9":"tag-dzis_pisza_dla_was","10":"tag-intextvideo_splayer","11":"tag-maciej_krzaczek","12":"tag-maja","13":"tag-mikolaj_sawicki","14":"tag-pl","15":"tag-plusliga","16":"tag-poland","17":"tag-polish","18":"tag-polska","19":"tag-polski","20":"tag-ps_detal_new","21":"tag-ps_sts_tst1","22":"tag-psv2","23":"tag-screening_general","24":"tag-siatkowka","25":"tag-sport","26":"tag-sport_sport","27":"tag-sports","28":"tag-stephane_antiga","29":"tag-transfery","30":"tag-wiadomosci_sportowe","31":"tag-wilfredo_leon"},"share_on_mastodon":{"url":"","error":""},"_links":{"self":[{"href":"https:\/\/www.europesays.com\/pl\/wp-json\/wp\/v2\/posts\/51974","targetHints":{"allow":["GET"]}}],"collection":[{"href":"https:\/\/www.europesays.com\/pl\/wp-json\/wp\/v2\/posts"}],"about":[{"href":"https:\/\/www.europesays.com\/pl\/wp-json\/wp\/v2\/types\/post"}],"author":[{"embeddable":true,"href":"https:\/\/www.europesays.com\/pl\/wp-json\/wp\/v2\/users\/2"}],"replies":[{"embeddable":true,"href":"https:\/\/www.europesays.com\/pl\/wp-json\/wp\/v2\/comments?post=51974"}],"version-history":[{"count":0,"href":"https:\/\/www.europesays.com\/pl\/wp-json\/wp\/v2\/posts\/51974\/revisions"}],"wp:featuredmedia":[{"embeddable":true,"href":"https:\/\/www.europesays.com\/pl\/wp-json\/wp\/v2\/media\/51975"}],"wp:attachment":[{"href":"https:\/\/www.europesays.com\/pl\/wp-json\/wp\/v2\/media?parent=51974"}],"wp:term":[{"taxonomy":"category","embeddable":true,"href":"https:\/\/www.europesays.com\/pl\/wp-json\/wp\/v2\/categories?post=51974"},{"taxonomy":"post_tag","embeddable":true,"href":"https:\/\/www.europesays.com\/pl\/wp-json\/wp\/v2\/tags?post=51974"}],"curies":[{"name":"wp","href":"https:\/\/api.w.org\/{rel}","templated":true}]}}