{"id":519917,"date":"2026-06-27T08:24:15","date_gmt":"2026-06-27T08:24:15","guid":{"rendered":"https:\/\/www.europesays.com\/pl\/519917\/"},"modified":"2026-06-27T08:24:15","modified_gmt":"2026-06-27T08:24:15","slug":"izrael-odkryl-sekret-hezbollahu-w-libanie-mamy-zdjecia","status":"publish","type":"post","link":"https:\/\/www.europesays.com\/pl\/519917\/","title":{"rendered":"Izrael odkry\u0142 sekret Hezbollahu w Libanie. Mamy zdj\u0119cia"},"content":{"rendered":"<p>\u2014 Przeciwko py\u0142owi \u2014 m\u00f3wi zamaskowany izraelski \u017co\u0142nierz, podaj\u0105c mi par\u0119 okular\u00f3w ochronnych. Siedzimy z ty\u0142u pojazdu Humvee. Przed nami i za nami dwa pojazdy wojskowe tego samego typu uruchamiaj\u0105 silniki. Cel: tunel Hezbollahu w Libanie. \u017bo\u0142nierz zdejmuje zabezpieczenie z karabinu maszynowego. Obok niego w milczeniu zaj\u0119\u0142a miejsce \u017co\u0142nierka.<\/p>\n<p>Po naszej lewej stronie mijamy morze. Reflektory Humvee jad\u0105cego za nami gasn\u0105. \u2014 Teraz jeste\u015bmy w Libanie \u2014 m\u00f3wi zamaskowany \u017co\u0142nierz. \u2014 Jedziemy bez \u015bwiate\u0142, \u017ceby Hezbollah nas nie zauwa\u017cy\u0142.<\/p>\n<p>Urz\u0105dzenie noktowizyjne pozwala kierowcy pojazdu za nami orientowa\u0107 si\u0119 w terenie. Obok niego siedzi nawigator. Pomi\u0119dzy nimi stoi dow\u00f3dca, niemal nieruchomy mimo du\u017cej pr\u0119dko\u015bci. Pojazdy Humvee trzymaj\u0105 si\u0119 blisko siebie.<\/p>\n<p>      Dalszy ci\u0105g artyku\u0142u pod materia\u0142em wideo <\/p>\n<p>Gwiazdy zapewniaj\u0105 odrobin\u0119 widoczno\u015bci. Nie musz\u0105 konkurowa\u0107 ze \u015bwiat\u0142ami miast, poniewa\u017c tutaj prawie ich nie ma. Mijamy z du\u017c\u0105 pr\u0119dko\u015bci\u0105 ruiny. Po\u015br\u00f3d szkieletu betonu wznosi si\u0119 smuk\u0142a wie\u017ca, kt\u00f3ra opar\u0142a si\u0119 zawaleniu. \u2014 Czy to by\u0142 meczet? \u2014 Zazwyczaj nie dotykamy takich obiekt\u00f3w \u2014 odpowiada \u017co\u0142nierka. Potem zn\u00f3w zapada cisza. Jedyn\u0105 wskaz\u00f3wk\u0105 jest ryk silnik\u00f3w, gdy kierowcy wciskaj\u0105 peda\u0142 gazu. Konw\u00f3j porusza si\u0119 przez noc niczym stado nosoro\u017cc\u00f3w, ci\u0105gn\u0105c za sob\u0105 chmur\u0119 py\u0142u. Wkr\u00f3tce na he\u0142mach i kamizelkach kuloodpornych osiada jasnobr\u0105zowa warstwa.<\/p>\n<p>Kierowcy zr\u0119cznie pokonuj\u0105 kr\u0119ty, pag\u00f3rkowaty teren. Droga nieustannie wznosi si\u0119 i opada. Przy drodze stoj\u0105 wspania\u0142e cedry \u2014 drzewa, kt\u00f3re mog\u0105 \u017cy\u0107 wieki. Przetrwaj\u0105 one wiele betonowych konstrukcji, kt\u00f3re powsta\u0142y tu, w po\u0142udniowym Libanie, z r\u0119ki cz\u0142owieka. Ruiny pojawiaj\u0105 si\u0119 raz po raz. \u2014 Czy te miejsca zosta\u0142y zniszczone przez czo\u0142gi, buldo\u017cery, czy z powietrza? \u2014 pytam. \u2014 To zale\u017cy \u2014 odpowiada \u017co\u0142nierka.<\/p>\n<p>Po 10 km jazdy przez terytorium liba\u0144skie docieramy do wsi Majdal Zoun. Le\u017cy na wzg\u00f3rzu. W ciemno\u015bciach mo\u017cna dostrzec zarysy zawalonych budynk\u00f3w. Na parterze domu, kt\u00f3ry pozosta\u0142 nienaruszony, wita nas dow\u00f3dca brygady. Na \u015bcianie powiesi\u0142 izraelsk\u0105 flag\u0119. Na ci\u0119\u017ckim, drewnianym stole le\u017c\u0105 otwarte laptopy. Dow\u00f3dca jest wyra\u017anie dumny ze zdobycia Majdal Zoun. Jak twierdzi, zgin\u0119\u0142o ponad 20 terroryst\u00f3w z Hezbollahu. Na ekranie pokazuje nagranie. M\u0119\u017cczyzna niesie ci\u0119\u017ck\u0105 bro\u0144 i wygl\u0105da na to, \u017ce pr\u00f3buje ukry\u0107 si\u0119 w budynku. Chwil\u0119 p\u00f3\u017aniej budynek znika w chmurze gruzu oraz popio\u0142u.<\/p>\n<p>     <img class=\"ods-a-photo ods-a-photo--background\" src=\"https:\/\/www.europesays.com\/pl\/wp-content\/uploads\/2026\/06\/NQJk9lBaHR0cHM6Ly9vY2RuLmV1L3B1bHNjbXMvTURBXy83ZjZlMmUxOTNmMmU4OTM5MzQ3MDA2YTkwNTZkOTM0OS5qcGeRkwXNB.jpeg\" height=\"800\" width=\"600\" alt=\"Znalezione przez izraelsk\u0105 armi\u0119 naboje. Bro\u0144 nale\u017ca\u0142a do liba\u0144skiego Hezbollahu\" loading=\"lazy\" fetchpriority=\"auto\" decoding=\"auto\"\/>    <\/p>\n<p>Jan Philipp Burgard \/ Onet<\/p>\n<p>  Znalezione przez izraelsk\u0105 armi\u0119 naboje. Bro\u0144 nale\u017ca\u0142a do liba\u0144skiego Hezbollahu  <\/p>\n<p>   &#8222;Ma\u0142y sp\u00f3r o Liban&#8221;By\u0107 mo\u017ce w\u0142a\u015bnie takie obrazy mia\u0142 na my\u015bli Donald Trump w zesz\u0142ym tygodniu, kiedy podczas konferencji prasowej w ramach szczytu G7 zwr\u00f3ci\u0142 si\u0119 do nieobecnego premiera Izraela, Binjamina &#8222;Bibiego&#8221; Netanjahu. &#8222;M\u00f3g\u0142by\u015b by\u0107 nieco \u0142agodniejszy, Bibi. Nie musisz burzy\u0107 budynku za ka\u017cdym razem, gdy wchodzi do niego kto\u015b z Hezbollahu&#8221; \u2014 powiedzia\u0142 prezydent USA. Netanjahu, jak stwierdzi\u0142, jest &#8222;dobrym cz\u0142owiekiem&#8221;, ale <a href=\"https:\/\/wiadomosci.onet.pl\/swiat\/wszyscy-zydzi-maja-cie-dosc-bibi-trump-mial-stracic-cierpliwosc-kulisy-burzliwej\/fcpn6yz\" id=\"9e819233-5b07-4265-8f8c-a5c1fe103bf6\" rel=\"nofollow noopener\" target=\"_blank\">mi\u0119dzy nimi istnieje &#8222;ma\u0142y sp\u00f3r o Liban&#8221;<\/a>.     <\/p>\n<p>W rzeczywisto\u015bci ten &#8222;ma\u0142y sp\u00f3r&#8221; mo\u017ce zmieni\u0107 r\u00f3wnowag\u0119 geopolityczn\u0105 na Bliskim Wschodzie. Prowadz\u0105c kampani\u0119 przeciwko Hezbollahowi, Netanjahu ryzykuje bowiem utrat\u0119 poparcia USA dla Izraela. Netanjahu &#8222;nie ma \u017cadnego, ku**a, rozs\u0105dku&#8221; \u2014 w\u015bcieka\u0142 si\u0119 Trump przy innej okazji po izraelskim ataku wojskowym na przedmie\u015bciach Bejrutu.<\/p>\n<p>Prezydent USA reaguje tak nerwowo, poniewa\u017c podpisane przez niego <a href=\"https:\/\/wiadomosci.onet.pl\/swiat\/trump-oglasza-porozumienie-z-iranem-otwiera-sie-ciesnina-ormuz\/wbj6l1k\" id=\"5b6c8782-644b-4c3d-91eb-7eae1ae1735c\" rel=\"nofollow noopener\" target=\"_blank\">porozumienie z Iranem<\/a> w sprawie intencji wyra\u017anie przewiduje &#8222;natychmiastowe i trwa\u0142e zaprzestanie operacji wojskowych na wszystkich frontach, w tym w Libanie&#8221;. Chocia\u017c Izrael nie bra\u0142 udzia\u0142u w negocjacjach, <a href=\"https:\/\/wiadomosci.onet.pl\/swiat\/porozumienie-miedzy-usa-a-iranem-ma-zawierac-te-14-punktow-lista\/8dmnz8b\" id=\"3716b052-24f7-47b8-b09d-3149dcd44903\" rel=\"nofollow noopener\" target=\"_blank\">14-punktowy plan<\/a> odnosi si\u0119 r\u00f3wnie\u017c do &#8222;sojusznik\u00f3w&#8221;, kt\u00f3rzy maj\u0105 zako\u0144czy\u0107 wojn\u0119 w Libanie. Trump obawia si\u0119, \u017ce Iran mo\u017ce zniweczy\u0107 &#8222;porozumienie&#8221;, je\u015bli Izrael b\u0119dzie kontynuowa\u0142 wojn\u0119 przeciwko wspieranej przez Iran organizacji terrorystycznej Hezbollah.     <\/p>\n<blockquote class=\"ods-o-quote\">\n<p class=\"ods-o-quote__paragraph\">Mu\u0142\u0142owie wykorzystuj\u0105 cie\u015bnin\u0119 Ormuz jako kart\u0119 przetargow\u0105. Je\u015bli Izrael nie pozostawi Hezbollahu w spokoju, Iran mo\u017ce ponownie spowodowa\u0107 gwa\u0142towny wzrost cen ropy.<\/p>\n<\/blockquote>\n<p>Netanjahu znalaz\u0142 si\u0119 w trudnej sytuacji. Z jednej strony nie mo\u017ce sobie pozwoli\u0107 na utrat\u0119 Stan\u00f3w Zjednoczonych, najwa\u017cniejszego sojusznika Izraela. Z drugiej strony jego nadrz\u0119dnym obowi\u0105zkiem jako premiera jest obrona swoich obywateli przed nieustannym ostrza\u0142em rakietowym z Libanu. Przed jesiennymi wyborami parlamentarnymi nie mo\u017ce sobie pozwoli\u0107 na to, by wygl\u0105da\u0107 na wasala Trumpa. Na razie Netanjahu wydaje si\u0119 niewzruszony ostrze\u017ceniami ameryka\u0144skiego prezydenta, o\u015bwiadczaj\u0105c w tym tygodniu, \u017ce armia izraelska ma &#8222;pe\u0142n\u0105 swobod\u0119 dzia\u0142ania&#8221; w Libanie i pozostanie tam &#8222;tak d\u0142ugo, jak b\u0119dzie to konieczne&#8221;.<\/p>\n<p>Prawd\u0105 jest, \u017ce w ramach stara\u0144 o zapewnienie trwa\u0142ego zawieszenia broni przedstawiciele Libanu spotkali si\u0119 w tym tygodniu ponownie z przedstawicielami Izraela w Stanach Zjednoczonych. Jednak po stronie izraelskiej panuje g\u0142\u0119boki sceptycyzm \u2014 jak powiedzia\u0142 rzecznik Netanjahu, David Mencer.<\/p>\n<blockquote class=\"ods-o-quote\">\n<p class=\"ods-o-quote__paragraph\">Chcemy, aby te rozmowy zako\u0144czy\u0142y si\u0119 sukcesem. Jednak w przesz\u0142o\u015bci \u2014 na przyk\u0142ad po zawieszeniu broni wynegocjowanym w 2024 r. \u2014 Hezbollah mia\u0142 zosta\u0107 rozbrojony przez liba\u0144sk\u0105 armi\u0119. Czy to z powodu braku woli politycznej, czy te\u017c braku mo\u017cliwo\u015bci tak si\u0119 nie sta\u0142o. Dlatego Izrael musia\u0142 zepchn\u0105\u0107 Hezbollah z powrotem<\/p>\n<\/blockquote>\n<p>\u2014 podkre\u015bla.<\/p>\n<p>Minister obrony Katz posun\u0105\u0142 si\u0119 nawet do o\u015bwiadczenia, \u017ce Izrael nie wycofa si\u0119 z po\u0142udniowego Libanu \u2014 nawet gdyby Stany Zjednoczone tego za\u017c\u0105da\u0142y. W rzeczywisto\u015bci trwaj\u0105 ju\u017c negocjacje dotycz\u0105ce przekazania przez izraelskie si\u0142y zbrojne okupowanych obszar\u00f3w liba\u0144skiej armii.<\/p>\n<p>Zdaniem politologa Dana Schueftana z Uniwersytetu w Hajfie, kt\u00f3ry doradza\u0142 premierom Arielowi Szaronowi i Icchakowi Rabinowi, takie ust\u0119pstwa wobec Stan\u00f3w Zjednoczonych s\u0105 konieczne.<\/p>\n<blockquote class=\"ods-o-quote\">\n<p class=\"ods-o-quote__paragraph\">Netanjahu s\u0142ucha Trumpa. Izrael jest pot\u0119g\u0105 regionaln\u0105, Stany Zjednoczone s\u0105 pot\u0119g\u0105 globaln\u0105. Oczywi\u015bcie Izrael musi bra\u0107 pod uwag\u0119 to, czego chce Waszyngton. Ka\u017cdy izraelski premier stara\u0142by si\u0119 z jednej strony nie zrywa\u0107 kontakt\u00f3w z Trumpem, a z drugiej zapewni\u0107 bezpiecze\u0144stwo Izraelowi<\/p>\n<\/blockquote>\n<p>\u2014 m\u00f3wi Schueftan.<\/p>\n<p>Awigdor Lieberman, przewodnicz\u0105cy opozycyjnej partii Yisrael Beiteinu, opowiada si\u0119 natomiast za wi\u0119ksz\u0105 niezale\u017cno\u015bci\u0105 od Stan\u00f3w Zjednoczonych.<\/p>\n<p>\u2014 W \u015bwietle nowych konstelacji geopolitycznych, na przyk\u0142ad osi Pakistan\u2013Iran\u2013Katar\u2013Stany Zjednoczone lub, r\u00f3wnolegle, osi Iran\u2013Turcja\u2013Syria\u2013Stany Zjednoczone, Pa\u0144stwo Izrael musi realizowa\u0107 now\u0105 strategi\u0119 i stopniowo zmniejsza\u0107 swoj\u0105 zale\u017cno\u015b\u0107 od Stan\u00f3w Zjednoczonych w zakresie bezpiecze\u0144stwa i polityki zagranicznej \u2014 m\u00f3wi Lieberman.<\/p>\n<blockquote class=\"ods-o-quote\">\n<p class=\"ods-o-quote__paragraph\">Izraelscy \u017co\u0142nierze na froncie liba\u0144skim albo nie mog\u0105, albo nie chc\u0105, albo nie wolno im rozmawia\u0107 o najwa\u017cniejszych kwestiach politycznych. Ich zadaniem tej nocy jest pokazanie nam zagro\u017cenia, jakie stanowi Hezbollah.<\/p>\n<\/blockquote>\n<p>Tunele Hezbollahu<\/p>\n<p>Z domu dow\u00f3dcy ruszamy dalej pieszo. Zielone \u015bwiec\u0105ce pa\u0142ki (glowsticki) wskazuj\u0105 drog\u0119, czerwone sygnalizuj\u0105 niebezpiecze\u0144stwo. Po\u015brodku skalistego zbocza widnieje ogromna szczelina. To, co na pierwszy rzut oka wygl\u0105da jak wej\u015bcie do naturalnej jaskini, okazuje si\u0119 wej\u015bciem do profesjonalnie zbudowanego tunelu Hezbollahu. Tunel ten biegnie ponad 200 m w g\u0142\u0105b ska\u0142y i osi\u0105ga g\u0142\u0119boko\u015b\u0107 25 m.<\/p>\n<p>O \u015bcian\u0119 opieraj\u0105 si\u0119 dziesi\u0105tki skrzyde\u0142 bezza\u0142ogowych statk\u00f3w powietrznych (UAV). Te ogromne drony maj\u0105 zasi\u0119g kilkuset kilometr\u00f3w. Tu\u017c obok nich stoj\u0105 g\u0142owice bojowe. Jedna z nich zawiera 7 kg trotylu. \u2014 Stoimy tutaj w jednym z najwi\u0119kszych sk\u0142ad\u00f3w broni, jakie kiedykolwiek odkryli\u015bmy \u2014 wyja\u015bnia rzeczniczka wojskowa Adi Stoller.<\/p>\n<p>     <img class=\"ods-a-photo ods-a-photo--background\" src=\"https:\/\/www.europesays.com\/pl\/wp-content\/uploads\/2026\/06\/qTpk9lBaHR0cHM6Ly9vY2RuLmV1L3B1bHNjbXMvTURBXy8wOWE4MzQ2MmI1ZmUwNDIyYWY5YjgzMjUzZDQxNGQ3Yy5qcGeRkwXNB.jpeg\" height=\"800\" width=\"600\" alt=\"Tunele Hezbollahu pe\u0142ne broni\" loading=\"lazy\" fetchpriority=\"auto\" decoding=\"auto\"\/>    <\/p>\n<p>Jan Philipp Burgard \/ Onet<\/p>\n<p>  Tunele Hezbollahu pe\u0142ne broni  <\/p>\n<p>\u2014 Ale czy te znaleziska uzasadniaj\u0105 zr\u00f3wnanie z ziemi\u0105 ca\u0142ych wiosek w Libanie? \u2014 pytam.<\/p>\n<p>Stoller odpowiada na to pytanie z powag\u0105. \u2014 Stoimy tutaj pod drog\u0105, wzd\u0142u\u017c kt\u00f3rej stoj\u0105 budynki, w kt\u00f3rych mieszkali ludzie. Na ko\u0144cu tej drogi znajduje si\u0119 fabryka betonu, a w tej wiosce s\u0105 szko\u0142y i meczety. Ca\u0142a ta sie\u0107 tuneli znajduje si\u0119 pod ni\u0105. To pokazuje, jak cynicznie Hezbollah wykorzystuje ludno\u015b\u0107 cywiln\u0105. Hezbollah stanowi zatem zagro\u017cenie nie tylko dla Izraela. Jak wida\u0107 tutaj, stanowi on r\u00f3wnie\u017c zagro\u017cenie dla ludno\u015bci liba\u0144skiej.<\/p>\n<p>Wed\u0142ug danych liba\u0144skich tylko tej nocy w izraelskich atakach zgin\u0119\u0142o 47 os\u00f3b. \u017bycie straci\u0142o czterech izraelskich \u017co\u0142nierzy. Narz\u0119dzia \u015bmierci s\u0105 rozrzucone po 12 pomieszczeniach tunelu. Na pod\u0142odze magazynu le\u017c\u0105 niezliczone magazynki do ci\u0119\u017ckich karabin\u00f3w maszynowych. U\u0142o\u017cone w stosy skrzynie z amunicj\u0105 i materia\u0142ami wybuchowymi. Oznaczenia na skrzyniach wskazuj\u0105 na ira\u0144skie pochodzenie \u2014 twierdz\u0105 izraelscy \u017co\u0142nierze. W tunelu znajdowa\u0142y si\u0119 r\u00f3wnie\u017c cztery szyby startowe dla rakiet, kt\u00f3re zosta\u0142y ju\u017c zniszczone.<\/p>\n<p>Chmura py\u0142u powraca w nocy. Konw\u00f3j wojskowy bezpiecznie dociera do swojej bazy w p\u00f3\u0142nocnym Izraelu. \u017bo\u0142nierze opuszczaj\u0105 pojazdy Humvee. Inny stoi w gotowo\u015bci z dmuchaw\u0105 do li\u015bci, kieruj\u0105c strumie\u0144 powietrza kolejno na powracaj\u0105cych \u017co\u0142nierzy. Jakby m\u00f3g\u0142 po prostu zdmuchn\u0105\u0107 py\u0142 i brud wojny, kt\u00f3ry osiad\u0142 na jego towarzyszach.<\/p>\n","protected":false},"excerpt":{"rendered":"\u2014 Przeciwko py\u0142owi \u2014 m\u00f3wi zamaskowany izraelski \u017co\u0142nierz, podaj\u0105c mi par\u0119 okular\u00f3w ochronnych. Siedzimy z ty\u0142u pojazdu Humvee.&hellip;\n","protected":false},"author":2,"featured_media":519918,"comment_status":"","ping_status":"","sticky":false,"template":"","format":"standard","meta":{"footnotes":"","_share_on_mastodon":"0"},"categories":[14],"tags":[56,343,61195,32,33,27,3660,91,34,35,3659,28,31,48,25,46,40,41,47,80,29,30,26,82,83,84],"class_list":["post-519917","post","type-post","status-publish","format-standard","has-post-thumbnail","category-swiat","tag-article_premium","tag-binjamin_netanjahu","tag-bottomfeed_styl","tag-breaking-news","tag-breakingnews","tag-headlines","tag-hezbollah","tag-izrael","tag-latest-news","tag-latestnews","tag-liban","tag-naglowki","tag-najwazniejsze-artykuly","tag-nat_styl","tag-news","tag-omp","tag-polish","tag-polski","tag-screening_general","tag-swiat","tag-top-stories","tag-topstories","tag-wiadomosci","tag-world","tag-world-news","tag-worldnews"],"share_on_mastodon":{"url":"https:\/\/pubeurope.com\/@pl\/116821116569936924","error":""},"_links":{"self":[{"href":"https:\/\/www.europesays.com\/pl\/wp-json\/wp\/v2\/posts\/519917","targetHints":{"allow":["GET"]}}],"collection":[{"href":"https:\/\/www.europesays.com\/pl\/wp-json\/wp\/v2\/posts"}],"about":[{"href":"https:\/\/www.europesays.com\/pl\/wp-json\/wp\/v2\/types\/post"}],"author":[{"embeddable":true,"href":"https:\/\/www.europesays.com\/pl\/wp-json\/wp\/v2\/users\/2"}],"replies":[{"embeddable":true,"href":"https:\/\/www.europesays.com\/pl\/wp-json\/wp\/v2\/comments?post=519917"}],"version-history":[{"count":0,"href":"https:\/\/www.europesays.com\/pl\/wp-json\/wp\/v2\/posts\/519917\/revisions"}],"wp:featuredmedia":[{"embeddable":true,"href":"https:\/\/www.europesays.com\/pl\/wp-json\/wp\/v2\/media\/519918"}],"wp:attachment":[{"href":"https:\/\/www.europesays.com\/pl\/wp-json\/wp\/v2\/media?parent=519917"}],"wp:term":[{"taxonomy":"category","embeddable":true,"href":"https:\/\/www.europesays.com\/pl\/wp-json\/wp\/v2\/categories?post=519917"},{"taxonomy":"post_tag","embeddable":true,"href":"https:\/\/www.europesays.com\/pl\/wp-json\/wp\/v2\/tags?post=519917"}],"curies":[{"name":"wp","href":"https:\/\/api.w.org\/{rel}","templated":true}]}}