{"id":520142,"date":"2026-06-27T11:14:12","date_gmt":"2026-06-27T11:14:12","guid":{"rendered":"https:\/\/www.europesays.com\/pl\/520142\/"},"modified":"2026-06-27T11:14:12","modified_gmt":"2026-06-27T11:14:12","slug":"marcin-prokop-pozegnal-sie-z-widzami-to-moje-ostatnie-wydanie-dzien-dobry-tvn","status":"publish","type":"post","link":"https:\/\/www.europesays.com\/pl\/520142\/","title":{"rendered":"Marcin Prokop po\u017cegna\u0142 si\u0119 z widzami. &#8222;To moje ostatnie wydanie \u00bbDzie\u0144 Dobry TVN\u00ab&#8221;"},"content":{"rendered":"<p class=\"ods-o-quote__paragraph\">Nadszed\u0142 ten moment, kiedy chc\u0119 pa\u0144stwu powiedzie\u0107, \u017ce to moje ostatnie wydanie &#8222;Dzie\u0144 Dobry TVN&#8221;. Musz\u0119 si\u0119 z pa\u0144stwem po\u017cegna\u0107, bo przede mn\u0105 stoj\u0105 nowe wyzwania, mi\u0119dzy innymi zrobienie kolejnego sezonu &#8222;Niezwyk\u0142ych Stan\u00f3w Prokopa&#8221;. Zobaczymy si\u0119 dopiero po wakacjach. Ale zostawiam Pa\u0144stwa w najlepszych mo\u017cliwych r\u0119kach. Dorotka b\u0119dzie mia\u0142a kilka dy\u017cur\u00f3w wakacyjnych<\/p>\n","protected":false},"excerpt":{"rendered":"Nadszed\u0142 ten moment, kiedy chc\u0119 pa\u0144stwu powiedzie\u0107, \u017ce to moje ostatnie wydanie &#8222;Dzie\u0144 Dobry TVN&#8221;. Musz\u0119 si\u0119 z&hellip;\n","protected":false},"author":2,"featured_media":520143,"comment_status":"","ping_status":"","sticky":false,"template":"","format":"standard","meta":{"footnotes":"","_share_on_mastodon":"0"},"categories":[22],"tags":[61195,2955,2954,122,2956,48,125,46,55,42,38,40,39,41,123,47,318],"class_list":["post-520142","post","type-post","status-publish","format-standard","has-post-thumbnail","category-rozrywka","tag-bottomfeed_styl","tag-dorota_wellman","tag-dzien_dobry_tvn","tag-entertainment","tag-marcin_prokop","tag-nat_styl","tag-newsy","tag-omp","tag-phx","tag-pl","tag-poland","tag-polish","tag-polska","tag-polski","tag-rozrywka","tag-screening_general","tag-tvn"],"share_on_mastodon":{"url":"https:\/\/pubeurope.com\/@pl\/116821784484653405","error":""},"_links":{"self":[{"href":"https:\/\/www.europesays.com\/pl\/wp-json\/wp\/v2\/posts\/520142","targetHints":{"allow":["GET"]}}],"collection":[{"href":"https:\/\/www.europesays.com\/pl\/wp-json\/wp\/v2\/posts"}],"about":[{"href":"https:\/\/www.europesays.com\/pl\/wp-json\/wp\/v2\/types\/post"}],"author":[{"embeddable":true,"href":"https:\/\/www.europesays.com\/pl\/wp-json\/wp\/v2\/users\/2"}],"replies":[{"embeddable":true,"href":"https:\/\/www.europesays.com\/pl\/wp-json\/wp\/v2\/comments?post=520142"}],"version-history":[{"count":0,"href":"https:\/\/www.europesays.com\/pl\/wp-json\/wp\/v2\/posts\/520142\/revisions"}],"wp:featuredmedia":[{"embeddable":true,"href":"https:\/\/www.europesays.com\/pl\/wp-json\/wp\/v2\/media\/520143"}],"wp:attachment":[{"href":"https:\/\/www.europesays.com\/pl\/wp-json\/wp\/v2\/media?parent=520142"}],"wp:term":[{"taxonomy":"category","embeddable":true,"href":"https:\/\/www.europesays.com\/pl\/wp-json\/wp\/v2\/categories?post=520142"},{"taxonomy":"post_tag","embeddable":true,"href":"https:\/\/www.europesays.com\/pl\/wp-json\/wp\/v2\/tags?post=520142"}],"curies":[{"name":"wp","href":"https:\/\/api.w.org\/{rel}","templated":true}]}}