{"id":520246,"date":"2026-06-27T12:27:14","date_gmt":"2026-06-27T12:27:14","guid":{"rendered":"https:\/\/www.europesays.com\/pl\/520246\/"},"modified":"2026-06-27T12:27:14","modified_gmt":"2026-06-27T12:27:14","slug":"jarmark-swietojanski-w-bydgoszczy-odwolany-upal-wygrywa-z-tradycja","status":"publish","type":"post","link":"https:\/\/www.europesays.com\/pl\/520246\/","title":{"rendered":"Jarmark \u015awi\u0119toja\u0144ski w Bydgoszczy odwo\u0142any! Upa\u0142 wygrywa z tradycj\u0105"},"content":{"rendered":"<p>        Ostrze\u017cenie IMGW najwy\u017cszego stopnia<\/p>\n<p>Instytut Meteorologii i Gospodarki Wodnej (IMGW) wyda\u0142 ostrze\u017cenie meteorologiczne III stopnia zwi\u0105zane z nadci\u0105gaj\u0105c\u0105 fal\u0105 upa\u0142\u00f3w. Prognozy wskazuj\u0105 na temperatury dochodz\u0105ce do 35\u201339\u00b0C. To pow\u00f3d, dla kt\u00f3rego organizatorzy zdecydowali si\u0119 odwo\u0142a\u0107 Jarmark \u015awi\u0119toja\u0144ski planowany na 28 czerwca 2026 roku.<\/p>\n<p>\u201eOstrze\u017cenie najwy\u017cszego, trzeciego stopnia oznacza mo\u017cliwo\u015b\u0107 wyst\u0105pienia niebezpiecznych zjawisk meteorologicznych stwarzaj\u0105cych realne zagro\u017cenie dla zdrowia i \u017cycia.\u201d<br \/>\nTroska o bezpiecze\u0144stwo uczestnik\u00f3w<\/p>\n<p>Decyzja organizatora, Kujawsko-Pomorskiego Centrum Kultury w Bydgoszczy, jest zgodna z rz\u0105dowymi rekomendacjami dotycz\u0105cymi post\u0119powania w trakcie ekstremalnych warunk\u00f3w pogodowych. Jarmark mia\u0142 odbywa\u0107 si\u0119 w otwartym terenie, przez 8 godzin, co w po\u0142\u0105czeniu z prognozowanymi upa\u0142ami mog\u0142o prowadzi\u0107 do niebezpiecznych sytuacji, takich jak odwodnienie czy udar.<\/p>\n","protected":false},"excerpt":{"rendered":"Ostrze\u017cenie IMGW najwy\u017cszego stopnia Instytut Meteorologii i Gospodarki Wodnej (IMGW) wyda\u0142 ostrze\u017cenie meteorologiczne III stopnia zwi\u0105zane z nadci\u0105gaj\u0105c\u0105&hellip;\n","protected":false},"author":2,"featured_media":520247,"comment_status":"","ping_status":"","sticky":false,"template":"","format":"standard","meta":{"footnotes":"","_share_on_mastodon":"0"},"categories":[51613],"tags":[425,7132,101631,101632,167,94502,50843,7890,4142,4798,42,38,40,39,41,1652,723,90675,83935,18455],"class_list":["post-520246","post","type-post","status-publish","format-standard","has-post-thumbnail","category-bydgoszcz","tag-bezpieczenstwo","tag-bydgoszcz","tag-centrum-kultury","tag-ekstremalne-warunki","tag-imgw","tag-jarmark-swietojanski","tag-kujawsko-pomorskie","tag-mieszkancy","tag-odwolanie","tag-ostrzezenie","tag-pl","tag-poland","tag-polish","tag-polska","tag-polski","tag-temperatura","tag-turysci","tag-upaly","tag-wyspa-mlynska","tag-zagrozenie"],"share_on_mastodon":{"url":"https:\/\/pubeurope.com\/@pl\/116822071350759773","error":""},"_links":{"self":[{"href":"https:\/\/www.europesays.com\/pl\/wp-json\/wp\/v2\/posts\/520246","targetHints":{"allow":["GET"]}}],"collection":[{"href":"https:\/\/www.europesays.com\/pl\/wp-json\/wp\/v2\/posts"}],"about":[{"href":"https:\/\/www.europesays.com\/pl\/wp-json\/wp\/v2\/types\/post"}],"author":[{"embeddable":true,"href":"https:\/\/www.europesays.com\/pl\/wp-json\/wp\/v2\/users\/2"}],"replies":[{"embeddable":true,"href":"https:\/\/www.europesays.com\/pl\/wp-json\/wp\/v2\/comments?post=520246"}],"version-history":[{"count":0,"href":"https:\/\/www.europesays.com\/pl\/wp-json\/wp\/v2\/posts\/520246\/revisions"}],"wp:featuredmedia":[{"embeddable":true,"href":"https:\/\/www.europesays.com\/pl\/wp-json\/wp\/v2\/media\/520247"}],"wp:attachment":[{"href":"https:\/\/www.europesays.com\/pl\/wp-json\/wp\/v2\/media?parent=520246"}],"wp:term":[{"taxonomy":"category","embeddable":true,"href":"https:\/\/www.europesays.com\/pl\/wp-json\/wp\/v2\/categories?post=520246"},{"taxonomy":"post_tag","embeddable":true,"href":"https:\/\/www.europesays.com\/pl\/wp-json\/wp\/v2\/tags?post=520246"}],"curies":[{"name":"wp","href":"https:\/\/api.w.org\/{rel}","templated":true}]}}