{"id":521717,"date":"2026-06-28T08:18:11","date_gmt":"2026-06-28T08:18:11","guid":{"rendered":"https:\/\/www.europesays.com\/pl\/521717\/"},"modified":"2026-06-28T08:18:11","modified_gmt":"2026-06-28T08:18:11","slug":"upaly-w-polsce-w-slubicach-zanotowano-rekordowa-temperature","status":"publish","type":"post","link":"https:\/\/www.europesays.com\/pl\/521717\/","title":{"rendered":"Upa\u0142y w Polsce. W S\u0142ubicach zanotowano rekordow\u0105 temperatur\u0119"},"content":{"rendered":"\n<p>&#13;<br \/>\n 38,9\u00b0C to\u00a0najwy\u017csza temperatura, jak\u0105 kiedykolwiek odnotowano w\u00a0Polsce w\u00a0czerwcu. Do najwi\u0119kszej temperatury zarejestrowanej kiedykolwiek w\u00a0Polsce brakuje jeszcze 1,3\u00b0C. Rekordowe 40,2 \u00b0C zanotowano ponad 100 lat temu w\u00a0lipcu. Spraw\u0119 skomentowano na\u00a0profilu IMGW w\u00a0mediach spo\u0142eczno\u015bciowych. &#13;\n<\/p>\n<p>&#13;<br \/>\n&#8222;Pad\u0142 nowy rekord czerwca w\u00a0Polsce! W\u00a0S\u0142ubicach odnotowano dzi\u015b temperatur\u0119 38,9\u00b0C, ustanawiaj\u0105c nowy rekord maksymalnej temperatury dla\u00a0czerwca w\u00a0historii pomiar\u00f3w meteorologicznych w\u00a0Polsce. To\u00a0oznacza, \u017ce\u00a0nigdy wcze\u015bniej w\u00a0czerwcu w\u00a0Polsce nie\u00a0zmierzono tak wysokiej temperatury. Warto jednak podkre\u015bli\u0107, \u017ce\u00a0nie jest to\u00a0rekord wszech czas\u00f3w. Absolutnie najwy\u017csza temperatura zanotowana w\u00a0Polsce wynosi 40,2\u00b0C i\u00a0zosta\u0142a zmierzona 29 lipca 1921 roku w\u00a0Pr\u00f3szkowie (woj. opolskie). Dzisiejszy pomiar pokazuje jednak, \u017ce\u00a0tegoroczna fala upa\u0142\u00f3w ju\u017c zapisuje si\u0119 w\u00a0historii polskiej meteorologii. W\u00a0kolejnych dniach utrzyma si\u0119 bardzo gor\u0105ca masa powietrza, dlatego nale\u017cy \u015bledzi\u0107 aktualne ostrze\u017cenia i\u00a0zachowa\u0107 szczeg\u00f3ln\u0105 ostro\u017cno\u015b\u0107 podczas przebywania na\u00a0zewn\u0105trz&#8221; \u2013 przekaza\u0142o IMGW. &#13;\n<\/p>\n<p>&#13;<br \/>\nUpa\u0142 utrzyma si\u0119 jeszcze przez kilka dni. Lekarze apeluj\u0105 do\u00a0obywateli, by\u00a0unikali wychodzenia na\u00a0zewn\u0105trz w\u00a0czasie najwi\u0119kszego nas\u0142onecznienia oraz\u00a0pami\u0119tali o\u00a0regularnych nawadnianiu organizmu. &#13;\n<\/p>\n<p>Ekstremalne gor\u0105co<\/p>\n<p>&#13;<br \/>\nW ostatnich dniach znaczna cz\u0119\u015b\u0107 Europy zmaga si\u0119 z\u00a0fal\u0105 upa\u0142\u00f3w. W\u00a0wielu krajach s\u0142u\u017cby meteorologiczne wydaj\u0105 ostrze\u017cenia przed wysokimi temperaturami oraz\u00a0apeluj\u0105 o\u00a0ograniczenie pracy fizycznej na\u00a0otwartej przestrzeni w\u00a0najgor\u0119tszych godzinach dnia. &#13;\n<\/p>\n<p>&#13;<br \/>\nUpa\u0142 panuje tak\u017ce w\u00a0Polsce. W\u00a0niedziel\u0119 na\u00a0zachodzie i\u00a0w\u00a0centrum kraju temperatura mo\u017ce przekroczy\u0107 nawet 40 stopni Celsjusza. Instytut Meteorologii i\u00a0Gospodarki Wodnej wyda\u0142 ostrze\u017cenia drugiego i\u00a0trzeciego stopnia, a\u00a0Rz\u0105dowe Centrum Bezpiecze\u0144stwa rozes\u0142a\u0142o <a href=\"https:\/\/dorzeczy.pl\/kraj\/907057\/ostrzezenie-przed-upalem-alert-rcb-dla-calej-polski.html\" rel=\"nofollow noopener\" target=\"_blank\">SMS-owy alert<\/a> z\u00a0zaleceniem unikania s\u0142o\u0144ca i\u00a0aktywno\u015bci fizycznej na\u00a0zewn\u0105trz. &#13;\n<\/p>\n<p>&#13;<br \/>\nCzytaj te\u017c:<br \/><a href=\"https:\/\/dorzeczy.pl\/unia-europejska\/907216\/afera-w-budynku-ke-wylaczono-klimatyzacje-nizszym-urzednikom.html\" rel=\"follow nofollow noopener\" data-schema=\"DORZECZY\" data-image=\"https:\/\/img.dorzeczy.pl\/_thumb\/7e\/ce\/f69ccab27fd03d7b7f1e8cce93ac.jpeg\" target=\"_blank\">KE wy\u0142\u0105cza klimatyzacj\u0119. Ale\u00a0tylko urz\u0119dnikom ni\u017cszego szczebla<\/a>Czytaj te\u017c:<br \/><a href=\"https:\/\/dorzeczy.pl\/kraj\/907177\/upaly-w-polsce-premier-tusk-apeluje-o-ostroznosc.html\" rel=\"follow nofollow noopener\" data-schema=\"DORZECZY\" data-image=\"https:\/\/img.dorzeczy.pl\/_thumb\/c4\/6a\/4ba855a480e9581ebc062656404e.jpeg\" target=\"_blank\">Ostrze\u017cenia przed upa\u0142em w\u00a0Polsce. Tusk publikuje nagranie<\/a> &#13;<\/p>\n","protected":false},"excerpt":{"rendered":"&#13; 38,9\u00b0C to\u00a0najwy\u017csza temperatura, jak\u0105 kiedykolwiek odnotowano w\u00a0Polsce w\u00a0czerwcu. Do najwi\u0119kszej temperatury zarejestrowanej kiedykolwiek w\u00a0Polsce brakuje jeszcze 1,3\u00b0C.&hellip;\n","protected":false},"author":2,"featured_media":521718,"comment_status":"","ping_status":"","sticky":false,"template":"","format":"standard","meta":{"footnotes":"","_share_on_mastodon":"0"},"categories":[5],"tags":[32,33,98,36,37,101901,27,49,34,35,1715,28,31,25,42,38,40,39,41,6061,26288,29,30,1714,26],"class_list":["post-521717","post","type-post","status-publish","format-standard","has-post-thumbnail","category-naglowki","tag-breaking-news","tag-breakingnews","tag-dorzeczy","tag-featured-news","tag-featurednews","tag-goraco","tag-headlines","tag-kraj","tag-latest-news","tag-latestnews","tag-lato","tag-naglowki","tag-najwazniejsze-artykuly","tag-news","tag-pl","tag-poland","tag-polish","tag-polska","tag-polski","tag-rekord","tag-slubice","tag-top-stories","tag-topstories","tag-upal","tag-wiadomosci"],"share_on_mastodon":{"url":"https:\/\/pubeurope.com\/@pl\/116826754549982794","error":""},"_links":{"self":[{"href":"https:\/\/www.europesays.com\/pl\/wp-json\/wp\/v2\/posts\/521717","targetHints":{"allow":["GET"]}}],"collection":[{"href":"https:\/\/www.europesays.com\/pl\/wp-json\/wp\/v2\/posts"}],"about":[{"href":"https:\/\/www.europesays.com\/pl\/wp-json\/wp\/v2\/types\/post"}],"author":[{"embeddable":true,"href":"https:\/\/www.europesays.com\/pl\/wp-json\/wp\/v2\/users\/2"}],"replies":[{"embeddable":true,"href":"https:\/\/www.europesays.com\/pl\/wp-json\/wp\/v2\/comments?post=521717"}],"version-history":[{"count":0,"href":"https:\/\/www.europesays.com\/pl\/wp-json\/wp\/v2\/posts\/521717\/revisions"}],"wp:featuredmedia":[{"embeddable":true,"href":"https:\/\/www.europesays.com\/pl\/wp-json\/wp\/v2\/media\/521718"}],"wp:attachment":[{"href":"https:\/\/www.europesays.com\/pl\/wp-json\/wp\/v2\/media?parent=521717"}],"wp:term":[{"taxonomy":"category","embeddable":true,"href":"https:\/\/www.europesays.com\/pl\/wp-json\/wp\/v2\/categories?post=521717"},{"taxonomy":"post_tag","embeddable":true,"href":"https:\/\/www.europesays.com\/pl\/wp-json\/wp\/v2\/tags?post=521717"}],"curies":[{"name":"wp","href":"https:\/\/api.w.org\/{rel}","templated":true}]}}