{"id":521857,"date":"2026-06-28T10:04:20","date_gmt":"2026-06-28T10:04:20","guid":{"rendered":"https:\/\/www.europesays.com\/pl\/521857\/"},"modified":"2026-06-28T10:04:20","modified_gmt":"2026-06-28T10:04:20","slug":"zaginela-16-letnia-katarzyna-lech-widziano-ja-w-warszawie-z-dwoma-mezczyznami","status":"publish","type":"post","link":"https:\/\/www.europesays.com\/pl\/521857\/","title":{"rendered":"Zagin\u0119\u0142a 16-letnia Katarzyna Lech. Widziano j\u0105 w Warszawie z dwoma m\u0119\u017cczyznami"},"content":{"rendered":"<p>Do zagini\u0119cia dosz\u0142o w \u015brod\u0119, 24 czerwca. 16-letnia Katarzyna Lech wysz\u0142a ze swojego domu w miejscowo\u015bci Dziechciniec (powiat otwocki) i od tamtej pory nie wr\u00f3ci\u0142a oraz nie da\u0142a znaku \u017cycia \u2014 informuje w komunikacie policja.<\/p>\n<p> Dalszy ci\u0105g artyku\u0142u pod materia\u0142em wideo Policja szuka 16-letniej Katarzyny Lech. Ostatni \u015blad w Warszawie<\/p>\n<p>Nastolatka by\u0142a widziana ostatni raz na terenie warszawskiej dzielnicy Praga-Po\u0142udnie. Znajdowa\u0142a si\u0119 w\u00f3wczas w rejonie stacji paliw BP przy ul. Grochowskiej oraz stacji Orlen przy ul. Niesielskiej i ul. Dobrej.<\/p>\n<p>Co istotne dla \u015bledztwa, dziewczyna przebywa\u0142a wtedy w towarzystwie dw\u00f3ch m\u0142odych m\u0119\u017cczyzn, kt\u00f3rych to\u017csamo\u015b\u0107 nie zosta\u0142a dotychczas ustalona.<\/p>\n<p>     Rysopis zaginionej<\/p>\n<p>Policja opublikowa\u0142a szczeg\u00f3\u0142owy rysopis 16-latki, licz\u0105c na pomoc os\u00f3b, kt\u00f3re mog\u0142y j\u0105 widzie\u0107:<\/p>\n<p>  Wzrost: 180 cm.  Budowa cia\u0142a: szczup\u0142a.  W\u0142osy: d\u0142ugie, kolor ciemny blond.  Znaki szczeg\u00f3lne: blizny na lewym nadgarstku.   <\/p>\n<p>W dniu zagini\u0119cia Katarzyna mia\u0142a na sobie ciemn\u0105 koszulk\u0119 na rami\u0105czkach, be\u017cowe spodnie oraz bia\u0142e buty marki Nike.<\/p>\n<p>Policja w Otwocku prosi o pilny kontakt ka\u017cdego, kto ma jakiekolwiek informacje na temat miejsca pobytu zaginionej. Informacje mo\u017cna przekazywa\u0107 telefonicznie pod numerami: 47 724 12 13, 47 724 19 00 lub dzwoni\u0105c do najbli\u017cszej jednostki policji pod numer alarmowy 997.<\/p>\n","protected":false},"excerpt":{"rendered":"Do zagini\u0119cia dosz\u0142o w \u015brod\u0119, 24 czerwca. 16-letnia Katarzyna Lech wysz\u0142a ze swojego domu w miejscowo\u015bci Dziechciniec (powiat&hellip;\n","protected":false},"author":2,"featured_media":521858,"comment_status":"","ping_status":"","sticky":false,"template":"","format":"standard","meta":{"footnotes":"","_share_on_mastodon":"0"},"categories":[51605],"tags":[61195,5565,48,46,12954,55,42,38,40,39,41,34687,82336,47,435,5435,101998],"class_list":["post-521857","post","type-post","status-publish","format-standard","has-post-thumbnail","category-warszawa","tag-bottomfeed_styl","tag-nastolatka","tag-nat_styl","tag-omp","tag-otwock","tag-phx","tag-pl","tag-poland","tag-polish","tag-polska","tag-polski","tag-poszukiwania_nastolatka","tag-praga_poludnie","tag-screening_general","tag-warszawa","tag-zaginiecie","tag-zaginiona_dziewczyna"],"share_on_mastodon":{"url":"https:\/\/pubeurope.com\/@pl\/116827171516504370","error":""},"_links":{"self":[{"href":"https:\/\/www.europesays.com\/pl\/wp-json\/wp\/v2\/posts\/521857","targetHints":{"allow":["GET"]}}],"collection":[{"href":"https:\/\/www.europesays.com\/pl\/wp-json\/wp\/v2\/posts"}],"about":[{"href":"https:\/\/www.europesays.com\/pl\/wp-json\/wp\/v2\/types\/post"}],"author":[{"embeddable":true,"href":"https:\/\/www.europesays.com\/pl\/wp-json\/wp\/v2\/users\/2"}],"replies":[{"embeddable":true,"href":"https:\/\/www.europesays.com\/pl\/wp-json\/wp\/v2\/comments?post=521857"}],"version-history":[{"count":0,"href":"https:\/\/www.europesays.com\/pl\/wp-json\/wp\/v2\/posts\/521857\/revisions"}],"wp:featuredmedia":[{"embeddable":true,"href":"https:\/\/www.europesays.com\/pl\/wp-json\/wp\/v2\/media\/521858"}],"wp:attachment":[{"href":"https:\/\/www.europesays.com\/pl\/wp-json\/wp\/v2\/media?parent=521857"}],"wp:term":[{"taxonomy":"category","embeddable":true,"href":"https:\/\/www.europesays.com\/pl\/wp-json\/wp\/v2\/categories?post=521857"},{"taxonomy":"post_tag","embeddable":true,"href":"https:\/\/www.europesays.com\/pl\/wp-json\/wp\/v2\/tags?post=521857"}],"curies":[{"name":"wp","href":"https:\/\/api.w.org\/{rel}","templated":true}]}}