{"id":522292,"date":"2026-06-28T15:22:36","date_gmt":"2026-06-28T15:22:36","guid":{"rendered":"https:\/\/www.europesays.com\/pl\/522292\/"},"modified":"2026-06-28T15:22:36","modified_gmt":"2026-06-28T15:22:36","slug":"bartosz-banbor-i-sven-cerjak-rywalizowali-w-krsko-polak-zaliczyl-fatalny-upadek","status":"publish","type":"post","link":"https:\/\/www.europesays.com\/pl\/522292\/","title":{"rendered":"Bartosz Ba\u0144bor i Sven Cerjak rywalizowali w Krsko. Polak zaliczy\u0142 fatalny upadek"},"content":{"rendered":"<p>Ba\u0144bor w sobot\u0119 spisywa\u0142 si\u0119 bardzo dobrze. Po dw\u00f3ch biegach ze swoim udzia\u0142em mia\u0142 na koncie sze\u015b\u0107 punkt\u00f3w, a w kolejnym do\u0142o\u017cy\u0142 jeszcze dwa. Wydawa\u0142o si\u0119, \u017ce zawodnik Orlen Oil Motoru b\u0119dzie do ko\u0144ca walczy\u0142 o pierwsze miejsce, ale w 16. gonitwie zaliczy\u0142 fatalny wypadek. Ba\u0144bor i Zoltan Lovas walczyli o jak najlepsz\u0105 pozycj\u0119 i dosz\u0142o mi\u0119dzy nimi do zderzenia na prostej przeciwleg\u0142ej. W efekcie 19-letni Polak uderzy\u0142 o band\u0119, a nast\u0119pnie z du\u017cym impetem uderzy\u0142 o tor. Ba\u0144bor d\u0142ugo si\u0119 nie podnosi\u0142, ale ostatecznie o w\u0142asnych si\u0142ach wsiad\u0142 do karetki. Wedle informacji podanych przez WP Sportowe Fakty Polak uskar\u017ca\u0142 si\u0119 na b\u00f3l r\u0119ki. Ba\u0144bor zosta\u0142 wykluczony z powt\u00f3rki, a na torze si\u0119 ju\u017c nie pojawi\u0142.<\/p>\n<p>\u00a0\u2013 W trakcie eliminacji do SGP2 Bartosz Ba\u0144bor uczestniczy\u0142 w gro\u017anie wygl\u0105daj\u0105cym wypadku. Nasz junior zosta\u0142 przetransportowany do szpitala na badania \u2013 poinformowa\u0142 Orlen Oil Motor w mediach spo\u0142eczno\u015bciowych.<\/p>\n<p>Ewentualna kontuzja Ba\u0144bora w sobot\u0119 mocno komplikuje sytuacj\u0119 Orlen Oil Motoru Lublin, kt\u00f3ry w niedziel\u0119 zmierzy si\u0119 na wyje\u017adzie ze Stelmet Falubazem Zielona G\u00f3ra. \u201eKozio\u0142ki\u201d chc\u0105c marzy\u0107 o awansie do fazy play-off musz\u0105 to spotkanie wygra\u0107, najlepiej zgarniaj\u0105c przy tym bonus. Wiadome by\u0142o, \u017ce w najbli\u017cszym meczu zabraknie wci\u0105\u017c kontuzjowanego Fredrika Lindgrana, a teraz niepewny wydaje si\u0119 tak\u017ce start Ba\u0144bora.<\/p>\n<p>Po zawodach w Krsko s\u0105 jednak tak\u017ce pozytywne informacje. Z dobrej strony w zawodach pokaza\u0142 si\u0119 Sven Cerjak. M\u0142ody S\u0142oweniec zdoby\u0142 w sobot\u0119 10. punkt\u00f3w i uko\u0144czy\u0142 zawody na pi\u0105tym miejscu.<\/p>\n<p>Wyniki SGP2 w Krsko<\/p>\n<p>1. Maksymilian Pawe\u0142czak (Polska) 14+3 (3,3,3,3,2) + 1. miejsce w biegu dodatkowym<\/p>\n<p>2. Villads Nagel (Dania) 14 (3,2,3,3,3) + 2. miejsce w biegu dodatkowym<\/p>\n<p>3. William Cairns (Wielka Brytania) 14 (2,3,3,3,3) + 3. miejsce w biegu dodatkowym<\/p>\n<p>4. Beau Bailey (Australia) 11 (3,3,1,2,2)<\/p>\n<p>&#8212;<\/p>\n<p>5. Sven Cerjak (S\u0142owenia) 10 (1,2,2,3,2)<\/p>\n<p>6. Mario Hausl (Niemcy) 8 (2,u,3,0,3)<\/p>\n<p>7. Bartosz Ba\u0144bor (Polska) 8 (3,3,2,w,-)<\/p>\n<p>8. Roman Kapustin (Ukraina) 7 (0,0,2,2,3)<\/p>\n<p>9. Niklas Holm Jakobsen (Dania) 7 (2,1,1,1,2)<\/p>\n<p>10. Gregor Zorko (S\u0142owenia) 7 (1,2,1,2,1)<\/p>\n<p>11. Zoltan Lovas (W\u0119gry) 6 (2,2,2,u\/-,0)<\/p>\n<p>12. Sammy Van Dyck (Szwecja) 5 (1,1,d,2,1)<\/p>\n<p>13. Makar Lewiszyn (Ukraina) 3 (0,1,0,1,1)<\/p>\n<p>14. Jaroslav Vanicek (Czechy) 2 (1,0,1,0,0)<\/p>\n<p>15. Jan Jenicek (Czechy) 2 (0,0,0,1,1)<\/p>\n<p>16. Kevin Melato (W\u0142ochy) 1 (0,1,0,0,0)<\/p>\n","protected":false},"excerpt":{"rendered":"Ba\u0144bor w sobot\u0119 spisywa\u0142 si\u0119 bardzo dobrze. Po dw\u00f3ch biegach ze swoim udzia\u0142em mia\u0142 na koncie sze\u015b\u0107 punkt\u00f3w,&hellip;\n","protected":false},"author":2,"featured_media":522293,"comment_status":"","ping_status":"","sticky":false,"template":"","format":"standard","meta":{"footnotes":"","_share_on_mastodon":"0"},"categories":[51612],"tags":[6925,100805,1081,100806,1334,42,38,40,39,41,174],"class_list":["post-522292","post","type-post","status-publish","format-standard","has-post-thumbnail","category-lublin","tag-bartosz-banbor","tag-lubelski-zuzel","tag-lublin","tag-orlen-oil-motor","tag-pge-ekstraliga","tag-pl","tag-poland","tag-polish","tag-polska","tag-polski","tag-zuzel"],"share_on_mastodon":{"url":"https:\/\/pubeurope.com\/@pl\/116828421886455725","error":""},"_links":{"self":[{"href":"https:\/\/www.europesays.com\/pl\/wp-json\/wp\/v2\/posts\/522292","targetHints":{"allow":["GET"]}}],"collection":[{"href":"https:\/\/www.europesays.com\/pl\/wp-json\/wp\/v2\/posts"}],"about":[{"href":"https:\/\/www.europesays.com\/pl\/wp-json\/wp\/v2\/types\/post"}],"author":[{"embeddable":true,"href":"https:\/\/www.europesays.com\/pl\/wp-json\/wp\/v2\/users\/2"}],"replies":[{"embeddable":true,"href":"https:\/\/www.europesays.com\/pl\/wp-json\/wp\/v2\/comments?post=522292"}],"version-history":[{"count":0,"href":"https:\/\/www.europesays.com\/pl\/wp-json\/wp\/v2\/posts\/522292\/revisions"}],"wp:featuredmedia":[{"embeddable":true,"href":"https:\/\/www.europesays.com\/pl\/wp-json\/wp\/v2\/media\/522293"}],"wp:attachment":[{"href":"https:\/\/www.europesays.com\/pl\/wp-json\/wp\/v2\/media?parent=522292"}],"wp:term":[{"taxonomy":"category","embeddable":true,"href":"https:\/\/www.europesays.com\/pl\/wp-json\/wp\/v2\/categories?post=522292"},{"taxonomy":"post_tag","embeddable":true,"href":"https:\/\/www.europesays.com\/pl\/wp-json\/wp\/v2\/tags?post=522292"}],"curies":[{"name":"wp","href":"https:\/\/api.w.org\/{rel}","templated":true}]}}