{"id":522418,"date":"2026-06-28T16:51:54","date_gmt":"2026-06-28T16:51:54","guid":{"rendered":"https:\/\/www.europesays.com\/pl\/522418\/"},"modified":"2026-06-28T16:51:54","modified_gmt":"2026-06-28T16:51:54","slug":"tlumy-na-placu-litewskim-pierwszy-pokaz-fire-light-za-nami-lublin112-wiadomosci-z-lublina-i-regionu-wazne-informacje-z-kraju","status":"publish","type":"post","link":"https:\/\/www.europesays.com\/pl\/522418\/","title":{"rendered":"T\u0142umy na Placu Litewskim. Pierwszy pokaz FIRE &#038; LIGHT za nami : Lublin112 \u2013 Wiadomo\u015bci z Lublina i regionu. Wa\u017cne informacje z kraju"},"content":{"rendered":"<p>Pierwszy z dw\u00f3ch pokaz\u00f3w w ramach FIRE &amp; LIGHT odby\u0142 si\u0119 w pi\u0105tek wieczorem i zgromadzi\u0142 t\u0142umy w sercu Lublina. Publiczno\u015b\u0107, kt\u00f3ra przysz\u0142a na Plac Litewski, mog\u0142a zobaczy\u0107 efektowne widowisko \u0142\u0105cz\u0105ce ogie\u0144, \u015bwiat\u0142o, ruch i muzyk\u0119. Wydarzenie przyci\u0105gn\u0119\u0142o zar\u00f3wno mieszka\u0144c\u00f3w miasta, jak i osoby zainteresowane fireshow oraz flow arts.<\/p>\n<p>FIRE &amp; LIGHT to plenerowy mini festiwal ognia i \u015bwiat\u0142a, kt\u00f3rego g\u0142\u00f3wnym punktem programu jest wielkoformatowy spektakl wykorzystuj\u0105cy ogie\u0144, efekty pirotechniczne oraz nowoczesne technologie o\u015bwietleniowe. Organizatorzy przygotowali wydarzenie, kt\u00f3re \u0142\u0105czy widowiskow\u0105 rozrywk\u0119, edukacj\u0119 i integracj\u0119 \u015brodowiska pasjonat\u00f3w ta\u0144ca z ogniem oraz \u015bwiat\u0142em.<\/p>\n<p>Wa\u017cnym elementem festiwalu jest r\u00f3wnie\u017c otwarta scena ogniowa \u201eFire Jam\u201d. To przestrze\u0144, w kt\u00f3rej zar\u00f3wno pocz\u0105tkuj\u0105cy, jak i do\u015bwiadczeni arty\u015bci mog\u0105 wsp\u00f3lnie stworzy\u0107 pe\u0142ne energii widowisko. Formu\u0142a wydarzenia pozwala na spotkanie os\u00f3b o r\u00f3\u017cnym poziomie do\u015bwiadczenia, wymian\u0119 umiej\u0119tno\u015bci i wsp\u00f3lne dzia\u0142anie w plenerowej, festiwalowej atmosferze.<\/p>\n<p>W programie FIRE &amp; LIGHT znalaz\u0142y si\u0119 tak\u017ce otwarte warsztaty fireshow i flow arts, skierowane do os\u00f3b na ka\u017cdym poziomie zaawansowania. Uczestnicy mog\u0105 spr\u00f3bowa\u0107 swoich si\u0142 w manipulacji r\u00f3\u017cnorodnymi rekwizytami, pozna\u0107 podstawy pracy z ruchem, \u015bwiat\u0142em i ogniem oraz wej\u015b\u0107 w \u015brodowisko pasjonat\u00f3w tej formy sztuki.<\/p>\n<p>Festiwal potrwa tak\u017ce w sobot\u0119, 27 czerwca. Tego dnia w programie zaplanowano warsztaty FireStarter na FIRE &amp; LIGHT, kt\u00f3re odb\u0119d\u0105 si\u0119 w godz. 14:00\u201317:00 na placu przed Centrum Kultury przy ul. Peowiak\u00f3w w Lublinie. Zaj\u0119cia s\u0105 przeznaczone dla os\u00f3b w wieku 16+. Obowi\u0105zuj\u0105 zapisy.<\/p>\n<p>Wieczorem odb\u0119dzie si\u0119 kolejna cz\u0119\u015b\u0107 programu. W godz. 19:00\u201320:30 zaplanowano Fire Jam, czyli otwart\u0105 scen\u0119 ogniow\u0105. Nast\u0119pnie, w godz. 21:00\u201322:00, publiczno\u015b\u0107 b\u0119dzie mog\u0142a zobaczy\u0107 spektakl g\u0142\u00f3wny FIRE &amp; LIGHT.<\/p>\n<p>Na wszystkie wydarzenia wst\u0119p jest wolny.<\/p>\n<p>    Galeria zdj\u0119\u0107<\/p>\n<p>                                    <img decoding=\"async\" class=\"gallery-item\" src=\"https:\/\/www.europesays.com\/pl\/wp-content\/uploads\/2026\/06\/medium-IN8A0423.jpg\" loading=\"lazy\" width=\"1800\" height=\"1200\"\/><\/p>\n<p>            Zdj\u0119cie 1 z 36<\/p>\n<p>                                    <img decoding=\"async\" class=\"gallery-item\" src=\"https:\/\/www.europesays.com\/pl\/wp-content\/uploads\/2026\/06\/medium-IN8A0512.jpg\" loading=\"lazy\" width=\"1800\" height=\"1200\"\/><\/p>\n<p>            Zdj\u0119cie 2 z 36<\/p>\n<p>                                    <img decoding=\"async\" class=\"gallery-item\" src=\"https:\/\/www.europesays.com\/pl\/wp-content\/uploads\/2026\/06\/medium-IN8A0443.jpg\" loading=\"lazy\" width=\"1662\" height=\"1108\"\/><\/p>\n<p>            Zdj\u0119cie 3 z 36<\/p>\n<p>                                    <img decoding=\"async\" class=\"gallery-item\" src=\"https:\/\/www.europesays.com\/pl\/wp-content\/uploads\/2026\/06\/medium-IN8A0420.jpg\" loading=\"lazy\" width=\"1800\" height=\"1200\"\/><\/p>\n<p>            Zdj\u0119cie 4 z 36<\/p>\n<p>                                    <img decoding=\"async\" class=\"gallery-item\" src=\"https:\/\/www.europesays.com\/pl\/wp-content\/uploads\/2026\/06\/medium-IN8A0476.jpg\" loading=\"lazy\" width=\"1800\" height=\"1200\"\/><\/p>\n<p>            Zdj\u0119cie 5 z 36<\/p>\n<p>\u00a0<\/p>\n","protected":false},"excerpt":{"rendered":"Pierwszy z dw\u00f3ch pokaz\u00f3w w ramach FIRE &amp; LIGHT odby\u0142 si\u0119 w pi\u0105tek wieczorem i zgromadzi\u0142 t\u0142umy w&hellip;\n","protected":false},"author":2,"featured_media":522419,"comment_status":"","ping_status":"","sticky":false,"template":"","format":"standard","meta":{"footnotes":"","_share_on_mastodon":"0"},"categories":[51612],"tags":[102110,100432,100433,100434,100435,1081,42,52442,100436,38,40,39,41],"class_list":["post-522418","post","type-post","status-publish","format-standard","has-post-thumbnail","category-lublin","tag-festiwal-swiatla","tag-fire-light","tag-fire-jam","tag-fireshow","tag-flow-arts","tag-lublin","tag-pl","tag-plac-litewski","tag-pokaz-ognia","tag-poland","tag-polish","tag-polska","tag-polski"],"share_on_mastodon":{"url":"https:\/\/pubeurope.com\/@pl\/116828776816851249","error":""},"_links":{"self":[{"href":"https:\/\/www.europesays.com\/pl\/wp-json\/wp\/v2\/posts\/522418","targetHints":{"allow":["GET"]}}],"collection":[{"href":"https:\/\/www.europesays.com\/pl\/wp-json\/wp\/v2\/posts"}],"about":[{"href":"https:\/\/www.europesays.com\/pl\/wp-json\/wp\/v2\/types\/post"}],"author":[{"embeddable":true,"href":"https:\/\/www.europesays.com\/pl\/wp-json\/wp\/v2\/users\/2"}],"replies":[{"embeddable":true,"href":"https:\/\/www.europesays.com\/pl\/wp-json\/wp\/v2\/comments?post=522418"}],"version-history":[{"count":0,"href":"https:\/\/www.europesays.com\/pl\/wp-json\/wp\/v2\/posts\/522418\/revisions"}],"wp:featuredmedia":[{"embeddable":true,"href":"https:\/\/www.europesays.com\/pl\/wp-json\/wp\/v2\/media\/522419"}],"wp:attachment":[{"href":"https:\/\/www.europesays.com\/pl\/wp-json\/wp\/v2\/media?parent=522418"}],"wp:term":[{"taxonomy":"category","embeddable":true,"href":"https:\/\/www.europesays.com\/pl\/wp-json\/wp\/v2\/categories?post=522418"},{"taxonomy":"post_tag","embeddable":true,"href":"https:\/\/www.europesays.com\/pl\/wp-json\/wp\/v2\/tags?post=522418"}],"curies":[{"name":"wp","href":"https:\/\/api.w.org\/{rel}","templated":true}]}}