{"id":522478,"date":"2026-06-28T17:36:07","date_gmt":"2026-06-28T17:36:07","guid":{"rendered":"https:\/\/www.europesays.com\/pl\/522478\/"},"modified":"2026-06-28T17:36:07","modified_gmt":"2026-06-28T17:36:07","slug":"nawet-rok-przerwy-powazna-kontuzja-reprezentanta-urugwaju-sportowefakty","status":"publish","type":"post","link":"https:\/\/www.europesays.com\/pl\/522478\/","title":{"rendered":"Nawet rok przerwy? Powa\u017cna kontuzja reprezentanta Urugwaju &#8211; SportoweFakty"},"content":{"rendered":"<ol>\n<li><a href=\"https:\/\/news.google.com\/rss\/articles\/CBMiqAFBVV95cUxNUURsaURpQmNrSTB2NzItelNoS0N0QWFnb25OMEphUHRhSmd4eUpna0RKTmxSSjNjWVZreVU5VWt4WTZyekdnYmRPUWxFRUtMYkF0UjVUTEl2MFZQTkZFWUVfMkdscjVtdlpoc3RsVHpUZEJlZVNyeXh1YXE5RDNfcDV5MTJLb2JWSEpVMWRMMEpQVjV0UEc1bDk1NWxHR0VyVmFoX2JmRWc?oc=5\" target=\"_blank\" rel=\"nofollow noopener\">Nawet rok przerwy? Powa\u017cna kontuzja reprezentanta Urugwaju<\/a>&nbsp;&nbsp;SportoweFakty<\/li>\n<li><a href=\"https:\/\/news.google.com\/rss\/articles\/CBMivgFBVV95cUxONmpKYkk5SkNyVzlmYWpGV1VucGRWN2NYandySDc4VWYwVDFJRTYxM09Fa1NQa0thQnF6ai1ualhQbGp3V1RyOEZqdTdIWUUwYWU1cjE1SFp6ZTVYQlkyYzFyVEp2N0xjVklCRGZTUjczRjBhcHBGamNfWmNBMjhRaHQ1NzZ0UTRmMjdPS1NZX2dSNGxRaUVYUUhaWVN3N3pLX1hzTTJzOFZRZlZlaURpSTJfUGhfRG96UW9xbEV3?oc=5\" target=\"_blank\" rel=\"nofollow noopener\">Dramat pi\u0142karza United! Klub potwierdzi\u0142 kontuzj\u0119, jest oficjalny komunikat<\/a>&nbsp;&nbsp;Meczyki.pl<\/li>\n<li><a href=\"https:\/\/news.google.com\/rss\/articles\/CBMi1wFBVV95cUxPLVlJYmJMamRPcVBsN3ZGMUhqOEpPV056eDJVVndoT3B1ZEVqaHNzZHVwOTU0TmtzLTF6N0x1eHZMQ2gyc3NOYXlqU0FQNXBTc0JCajRINlRMeUpsS2Q1Qlc1UG1KN3ktVzFOSjNuMVN5TFFTaEhJYWlUay1XS2tJbjVlQ0FTcFhyS0pQejhtaTFVdEZzM1ltMVRhY09wRVhPcEtobEVJTEk0ZmtVbkhHVnB5c1Q5NzF0aGttUl8yb2xuamdHbnJ1VHFFZkthdzRjaVJrcDlWZw?oc=5\" target=\"_blank\" rel=\"nofollow noopener\">Fatalne wie\u015bci z M\u015a 2026. Gwiazda mo\u017ce wypa\u015b\u0107 z gry nawet na rok<\/a>&nbsp;&nbsp;Przegl\u0105d Sportowy<\/li>\n<li><a href=\"https:\/\/news.google.com\/rss\/articles\/CBMiigFBVV95cUxPV0FKSTRJVF9kZzNKMFhULThGZU90eVJ2X3RJS3M5Tlpoc0FGaTJmX1NSWU0zaW5RS3RNTEdNdDZ3cGk4RVBDd1JvS3RkX2FqbHQzRm5NTUU0ZXBqbXllQjZYc1Y0QlZxcEdaUUNhUnBZTnZmMnlPLXR0VUNac2dVdUxSTEU4V2REVnc?oc=5\" target=\"_blank\" rel=\"nofollow noopener\">Manchester United z\u0142o\u017cy skarg\u0119 w sprawie Manuela Ugarte<\/a>&nbsp;&nbsp;ManUtd.pl<\/li>\n<li><a href=\"https:\/\/news.google.com\/rss\/articles\/CBMipwFBVV95cUxNcDFFb2JyTkthSGZmcnR3M1d5U1E4WGs5el80d2xIMGtManRsaXAwakEyblpUM3BIN3pkb3VtdFVlZ3ZnRTdQMUllWWNjZUJZT0dwZ2Mzd3AzdE9acDZHaVB0R1prLXlnWVB0bG16T1ljVlhoZFNUdXUzenVhaTVCS3BNSlN5YkJseEpueGZMbWNZaERwVUx2ZDJ0RWRhSGdRSFM3dDVmQQ?oc=5\" target=\"_blank\" rel=\"nofollow noopener\">Dramat na M\u015a. Us\u0142ysza\u0142 diagnoz\u0119 najgorsz\u0105 z mo\u017cliwych<\/a>&nbsp;&nbsp;Sport.pl<\/li>\n<\/ol>\n","protected":false},"excerpt":{"rendered":"Nawet rok przerwy? Powa\u017cna kontuzja reprezentanta Urugwaju&nbsp;&nbsp;SportoweFakty Dramat pi\u0142karza United! Klub potwierdzi\u0142 kontuzj\u0119, jest oficjalny komunikat&nbsp;&nbsp;Meczyki.pl Fatalne wie\u015bci&hellip;\n","protected":false},"author":2,"featured_media":522479,"comment_status":"","ping_status":"","sticky":false,"template":"","format":"standard","meta":{"footnotes":"","_share_on_mastodon":"0"},"categories":[24],"tags":[4440,102132,3037,9090,989,269,42,38,40,39,41,1156,54369,127,126,12737],"class_list":["post-522478","post","type-post","status-publish","format-standard","has-post-thumbnail","category-sport","tag-manchester-united","tag-manuel-ugarte","tag-mistrzostwa-swiata","tag-mistrzostwa-swiata-2026","tag-pilka-na-swiecie","tag-pilka-nozna","tag-pl","tag-poland","tag-polish","tag-polska","tag-polski","tag-premier-league","tag-reprezentacja-urugwaju","tag-sport","tag-sports","tag-urugwaj"],"share_on_mastodon":{"url":"https:\/\/pubeurope.com\/@pl\/116828948817243369","error":""},"_links":{"self":[{"href":"https:\/\/www.europesays.com\/pl\/wp-json\/wp\/v2\/posts\/522478","targetHints":{"allow":["GET"]}}],"collection":[{"href":"https:\/\/www.europesays.com\/pl\/wp-json\/wp\/v2\/posts"}],"about":[{"href":"https:\/\/www.europesays.com\/pl\/wp-json\/wp\/v2\/types\/post"}],"author":[{"embeddable":true,"href":"https:\/\/www.europesays.com\/pl\/wp-json\/wp\/v2\/users\/2"}],"replies":[{"embeddable":true,"href":"https:\/\/www.europesays.com\/pl\/wp-json\/wp\/v2\/comments?post=522478"}],"version-history":[{"count":0,"href":"https:\/\/www.europesays.com\/pl\/wp-json\/wp\/v2\/posts\/522478\/revisions"}],"wp:featuredmedia":[{"embeddable":true,"href":"https:\/\/www.europesays.com\/pl\/wp-json\/wp\/v2\/media\/522479"}],"wp:attachment":[{"href":"https:\/\/www.europesays.com\/pl\/wp-json\/wp\/v2\/media?parent=522478"}],"wp:term":[{"taxonomy":"category","embeddable":true,"href":"https:\/\/www.europesays.com\/pl\/wp-json\/wp\/v2\/categories?post=522478"},{"taxonomy":"post_tag","embeddable":true,"href":"https:\/\/www.europesays.com\/pl\/wp-json\/wp\/v2\/tags?post=522478"}],"curies":[{"name":"wp","href":"https:\/\/api.w.org\/{rel}","templated":true}]}}