{"id":523705,"date":"2026-06-29T10:24:13","date_gmt":"2026-06-29T10:24:13","guid":{"rendered":"https:\/\/www.europesays.com\/pl\/523705\/"},"modified":"2026-06-29T10:24:13","modified_gmt":"2026-06-29T10:24:13","slug":"zuzlowiec-orlen-oil-motoru-lublin-mial-wypadek-dwa-zlamania","status":"publish","type":"post","link":"https:\/\/www.europesays.com\/pl\/523705\/","title":{"rendered":"\u017bu\u017clowiec Orlen Oil Motoru Lublin mia\u0142 wypadek. Dwa z\u0142amania"},"content":{"rendered":"<p><img decoding=\"async\" data-not-lazy=\"\" alt=\"\u017bu\u017clowiec Orlen Oil Motoru Lublin mia\u0142 wypadek. Dwa z\u0142amania - Zdj\u0119cie g\u0142\u00f3wne\" style=\"object-fit:cover;object-position:center;position:absolute;left:0;top:0;width:100%;height:100%;\" src=\"https:\/\/www.europesays.com\/pl\/wp-content\/uploads\/2026\/06\/0f149288-3a45-48a0-ab62-5331939eb1c2.webp\"\/><\/p>\n<p>Autor: Orlen Oil Motor Lublin<\/p>\n<p style=\"text-align: justify;\">Chodzi o Bartosza Ba\u0144bora. Podczas sobotniego turnieju Speedway Grand Prix 2 w s\u0142owe\u0144skim Krsko 19-latek dozna\u0142 gro\u017anie wygl\u0105daj\u0105cego wypadku, po kt\u00f3rym zosta\u0142 przetransportowany do szpitala. \u00a0\u2013 Po badaniach stwierdzono u mnie z\u0142amanie obojczyka oraz ko\u015bci \u015br\u00f3dr\u0119cza, operacja przesz\u0142a pomy\u015blnie i nied\u0142ugo zaczynam rehabilitacj\u0119, \u017ceby jak najszybciej wr\u00f3ci\u0107 na tor \u2013 przekaza\u0142 junior &#8222;Kozio\u0142k\u00f3w&#8221; na swoim Instagramie.<\/p>\n<p style=\"text-align: justify;\">To drugi powa\u017cnie kontuzjowany \u017cu\u017clowiec Orlen Oil Motoru w tym roku. W drugiej po\u0142owie maja, na pocz\u0105tku meczu w Lesznie z\u0142amania kostki bocznej lewej nogi z uszkodzeniem wi\u0119zozrostu i stawu skokowego dozna\u0142 Fredrik Lindgren. Do\u015bwiadczony \u017cu\u017clowiec musia\u0142 z tego powodu pauzowa\u0107 w pi\u0119ciu spotkaniach. Cztery z nich zako\u0144czy\u0142y si\u0119 pora\u017ckami &#8222;Kozio\u0142k\u00f3w&#8221;. Gdy Szwed powr\u00f3ci\u0142 na tor, pom\u00f3g\u0142 dru\u017cynie wywalczy\u0107 bardzo cenne zwyci\u0119stwo w Zielonej G\u00f3rze.<\/p>\n<p style=\"text-align: justify;\">Niewykluczone, \u017ce Ba\u0144bor nie wr\u00f3ci do jazdy w tym roku. W zale\u017cno\u015bci od tempa zrostu ko\u015bci, przebiegu rehabilitacji oraz decyzji lekarskich, okres powrotu do zdrowia i odpowiedniej formy mo\u017ce potrwa\u0107 nawet do 12 tygodni. To du\u017ce os\u0142abienie formacji juniorskiej ekipy wicemistrz\u00f3w kraju.<\/p>\n<p style=\"text-align: justify;\">Po 10 kolejkach trwaj\u0105cego sezonu PGE Ekstraligi lubelski zesp\u00f3\u0142 zajmuje pi\u0105te miejsce w tabeli z bilansem sze\u015bciu zwyci\u0119stw i czterech pora\u017cek. Do ko\u0144ca zasadniczej cz\u0119\u015bci rozgrywek podopieczni trenera Macieja Kuciapy pojad\u0105 jeszcze w czterech spotkaniach. Najbli\u017csze czeka ich w niedziel\u0119, 5 lipca. Na stadion przy Alejach Zygmuntowskich przyjedzie w\u00f3wczas Gezet Stal Gorz\u00f3w.<\/p>\n","protected":false},"excerpt":{"rendered":"Autor: Orlen Oil Motor Lublin Chodzi o Bartosza Ba\u0144bora. Podczas sobotniego turnieju Speedway Grand Prix 2 w s\u0142owe\u0144skim&hellip;\n","protected":false},"author":2,"featured_media":523706,"comment_status":"","ping_status":"","sticky":false,"template":"","format":"standard","meta":{"footnotes":"","_share_on_mastodon":"0"},"categories":[51612],"tags":[6925,1081,2164,42,38,40,39,41],"class_list":["post-523705","post","type-post","status-publish","format-standard","has-post-thumbnail","category-lublin","tag-bartosz-banbor","tag-lublin","tag-orlen-oil-motor-lublin","tag-pl","tag-poland","tag-polish","tag-polska","tag-polski"],"share_on_mastodon":{"url":"https:\/\/pubeurope.com\/@pl\/116832912941649217","error":""},"_links":{"self":[{"href":"https:\/\/www.europesays.com\/pl\/wp-json\/wp\/v2\/posts\/523705","targetHints":{"allow":["GET"]}}],"collection":[{"href":"https:\/\/www.europesays.com\/pl\/wp-json\/wp\/v2\/posts"}],"about":[{"href":"https:\/\/www.europesays.com\/pl\/wp-json\/wp\/v2\/types\/post"}],"author":[{"embeddable":true,"href":"https:\/\/www.europesays.com\/pl\/wp-json\/wp\/v2\/users\/2"}],"replies":[{"embeddable":true,"href":"https:\/\/www.europesays.com\/pl\/wp-json\/wp\/v2\/comments?post=523705"}],"version-history":[{"count":0,"href":"https:\/\/www.europesays.com\/pl\/wp-json\/wp\/v2\/posts\/523705\/revisions"}],"wp:featuredmedia":[{"embeddable":true,"href":"https:\/\/www.europesays.com\/pl\/wp-json\/wp\/v2\/media\/523706"}],"wp:attachment":[{"href":"https:\/\/www.europesays.com\/pl\/wp-json\/wp\/v2\/media?parent=523705"}],"wp:term":[{"taxonomy":"category","embeddable":true,"href":"https:\/\/www.europesays.com\/pl\/wp-json\/wp\/v2\/categories?post=523705"},{"taxonomy":"post_tag","embeddable":true,"href":"https:\/\/www.europesays.com\/pl\/wp-json\/wp\/v2\/tags?post=523705"}],"curies":[{"name":"wp","href":"https:\/\/api.w.org\/{rel}","templated":true}]}}