{"id":523737,"date":"2026-06-29T10:40:11","date_gmt":"2026-06-29T10:40:11","guid":{"rendered":"https:\/\/www.europesays.com\/pl\/523737\/"},"modified":"2026-06-29T10:40:11","modified_gmt":"2026-06-29T10:40:11","slug":"abw-i-straz-graniczna-zatrzymaly-11-cudzoziemcow-siemoniak-ujawnia-kulisy","status":"publish","type":"post","link":"https:\/\/www.europesays.com\/pl\/523737\/","title":{"rendered":"ABW i Stra\u017c Graniczna zatrzyma\u0142y 11 cudzoziemc\u00f3w. Siemoniak ujawnia kulisy"},"content":{"rendered":"<p>Koordynator s\u0142u\u017cb specjalnych Tomasz Siemoniak poinformowa\u0142, \u017ce funkcjonariusze ABW wsp\u00f3\u0142pracuj\u0105c ze Stra\u017c\u0105 Graniczn\u0105 zatrzymali dziewi\u0119ciu obywateli Ukrainy i dw\u00f3ch obywateli Bia\u0142orusi w celu ich natychmiastowego wydalenia z Polski.<\/p>\n<p>&#8222;Od jesieni 2025 osoby te rekrutowa\u0142y i op\u0142aca\u0142y uczestnik\u00f3w demonstracji organizowanych w\u015br\u00f3d ukrai\u0144skich uchod\u017ac\u00f3w przebywaj\u0105cych w Polsce. Wed\u0142ug ustale\u0144 ABW inspiracja i \u015brodki na ten cel pochodzi\u0142y z Rosji i kwalifikuj\u0105 si\u0119 jako pr\u00f3ba operacji wp\u0142ywu na ukrai\u0144skich migrant\u00f3w w Polsce&#8221; \u2014 poinformowa\u0142 na platformie X.<\/p>\n<p>Jak poinformowa\u0142 w mediach spo\u0142eczno\u015bciowych Jacek Dobrzy\u0144ski \u2014 zatrzymani zostali ju\u017c wydaleni z Polski. Zatrzymani to  pi\u0119ciu Ukrai\u0144c\u00f3w, cztery Ukrainki i dw\u00f3ch Bia\u0142orusin\u00f3w. <\/p>\n<p> Akcja ABW w pi\u0119ciu miastach. Zatrzymano jedena\u015bcie os\u00f3b<\/p>\n<p>&#8222;Z ustale\u0144 ABW wynika, \u017ce zatrzymane osoby posiada\u0142y powi\u0105zania w Rosji i Bia\u0142orusi. Od jesieni 2025 r. rekrutowa\u0142y i op\u0142aca\u0142y uczestnik\u00f3w demonstracji organizowanych w\u015br\u00f3d ukrai\u0144skich uchod\u017ac\u00f3w przebywaj\u0105cych w Polsce. Uczestnicy protest\u00f3w otrzymywali wynagrodzenie za udzia\u0142, a \u015brodki na ten cel \u2014 wed\u0142ug wiedzy ABW \u2014 pochodzi\u0142y z Federacji Rosyjskiej. Celem organizator\u00f3w by\u0142o stopniowe wp\u0142ywanie na \u015brodowisko ukrai\u0144skich uchod\u017ac\u00f3w w Polsce i wykorzystywanie tej grupy do promowania hase\u0142 o charakterze politycznym. Do inicjowania protest\u00f3w u\u017cywano temat\u00f3w budz\u0105cych emocje, m.in. informacji o skandalach korupcyjnych i bie\u017c\u0105cych wydarzeniach ukrai\u0144skiej polityki wewn\u0119trznej&#8221; \u2014 brzmi fragment komunikatu zamieszczonego na stronie Agencji Bezpiecze\u0144stwa Wewn\u0119trznego.<\/p>\n<p>Do zatrzyma\u0144 dosz\u0142o w Warszawie, Wroc\u0142awiu, Krakowie, Zakopanem i Bydgoszczy.<\/p>\n","protected":false},"excerpt":{"rendered":"Koordynator s\u0142u\u017cb specjalnych Tomasz Siemoniak poinformowa\u0142, \u017ce funkcjonariusze ABW wsp\u00f3\u0142pracuj\u0105c ze Stra\u017c\u0105 Graniczn\u0105 zatrzymali dziewi\u0119ciu obywateli Ukrainy i&hellip;\n","protected":false},"author":2,"featured_media":523738,"comment_status":"","ping_status":"","sticky":false,"template":"","format":"standard","meta":{"footnotes":"","_share_on_mastodon":"0"},"categories":[12],"tags":[145,61195,32,33,36,37,27,49,34,35,2223,28,31,48,25,46,55,42,38,40,39,41,47,1246,29,30,26],"class_list":["post-523737","post","type-post","status-publish","format-standard","has-post-thumbnail","category-polska","tag-abw","tag-bottomfeed_styl","tag-breaking-news","tag-breakingnews","tag-featured-news","tag-featurednews","tag-headlines","tag-kraj","tag-latest-news","tag-latestnews","tag-migranci","tag-naglowki","tag-najwazniejsze-artykuly","tag-nat_styl","tag-news","tag-omp","tag-phx","tag-pl","tag-poland","tag-polish","tag-polska","tag-polski","tag-screening_general","tag-tomasz_siemoniak","tag-top-stories","tag-topstories","tag-wiadomosci"],"share_on_mastodon":{"url":"https:\/\/pubeurope.com\/@pl\/116832975335846629","error":""},"_links":{"self":[{"href":"https:\/\/www.europesays.com\/pl\/wp-json\/wp\/v2\/posts\/523737","targetHints":{"allow":["GET"]}}],"collection":[{"href":"https:\/\/www.europesays.com\/pl\/wp-json\/wp\/v2\/posts"}],"about":[{"href":"https:\/\/www.europesays.com\/pl\/wp-json\/wp\/v2\/types\/post"}],"author":[{"embeddable":true,"href":"https:\/\/www.europesays.com\/pl\/wp-json\/wp\/v2\/users\/2"}],"replies":[{"embeddable":true,"href":"https:\/\/www.europesays.com\/pl\/wp-json\/wp\/v2\/comments?post=523737"}],"version-history":[{"count":0,"href":"https:\/\/www.europesays.com\/pl\/wp-json\/wp\/v2\/posts\/523737\/revisions"}],"wp:featuredmedia":[{"embeddable":true,"href":"https:\/\/www.europesays.com\/pl\/wp-json\/wp\/v2\/media\/523738"}],"wp:attachment":[{"href":"https:\/\/www.europesays.com\/pl\/wp-json\/wp\/v2\/media?parent=523737"}],"wp:term":[{"taxonomy":"category","embeddable":true,"href":"https:\/\/www.europesays.com\/pl\/wp-json\/wp\/v2\/categories?post=523737"},{"taxonomy":"post_tag","embeddable":true,"href":"https:\/\/www.europesays.com\/pl\/wp-json\/wp\/v2\/tags?post=523737"}],"curies":[{"name":"wp","href":"https:\/\/api.w.org\/{rel}","templated":true}]}}