{"id":523950,"date":"2026-06-29T12:50:13","date_gmt":"2026-06-29T12:50:13","guid":{"rendered":"https:\/\/www.europesays.com\/pl\/523950\/"},"modified":"2026-06-29T12:50:13","modified_gmt":"2026-06-29T12:50:13","slug":"zuzel-poznalismy-dzika-karte-na-grand-prix-w-lodzi-to-bedzie-wielki-powrot","status":"publish","type":"post","link":"https:\/\/www.europesays.com\/pl\/523950\/","title":{"rendered":"\u017bu\u017cel. Poznali\u015bmy dzik\u0105 kart\u0119 na Grand Prix w \u0141odzi! To b\u0119dzie wielki powr\u00f3t"},"content":{"rendered":"\n<p class=\"contentpart contentpart--default contentpart--text\" data-position=\"0\"><a href=\"https:\/\/sportowefakty.wp.pl\/zuzel\/piotr-pawlicki-jr\" rel=\"nofollow noopener\" target=\"_blank\">Piotr Pawlicki<\/a> doskonale zna smak rywalizacji w cyklu <a href=\"https:\/\/sportowefakty.wp.pl\/zuzel\/sgpims\" rel=\"nofollow noopener\" target=\"_blank\">Speedway Grand Prix<\/a>, w kt\u00f3rym to zadebiutowa\u0142 w 2015 roku, a w latach 2016-2017 by\u0142 sta\u0142ym uczestnikiem mistrzostw \u015bwiata. Na swoim koncie ma dwa miejsca na podium &#8211; w sierpniu 2016 roku by\u0142 trzeci w Malilli, a 27 maja 2017 roku odni\u00f3s\u0142 triumf w Dyneburgu.<\/p>\n<p class=\"contentpart contentpart--default contentpart--text\" data-position=\"1\">Wyst\u0119p Piotra Pawlickiego w Grand Prix, to d\u0142ugo wyczekiwany moment dla wielu fan\u00f3w czarnego sportu, kt\u00f3rzy chcieli zobaczy\u0107 w akcji Leszczynianina w konfrontacji z najlepszymi zawodnikami \u015bwiata. Teraz b\u0119dzie mia\u0142 okazj\u0119 udowodni\u0107 swoj\u0105 warto\u015b\u0107 i odebra\u0107 punkty faworytom na Moto Arenie.<\/p>\n<p>  <img decoding=\"async\" src=\"https:\/\/v.wpimg.pl\/X3dwLnN2d1IFFTpdYUl6R0ZNbgcnEHQREVV2TGEGbUtRT2MdOlZ2RBQUKABgQjQcDRotCStBd1IAAWMeIlM7VgwYIAorQAdEFFk_GCkQJQ\" alt=\"\" width=\"45\" height=\"58\" loading=\"lazy\"\/>  <\/p>\n<p class=\"contentpart contentpart--default contentpart--text\" data-position=\"2\">ZOBACZ WIDEO: Jeden czynnik. To przez niego Patryk Dudek ma problemy<\/p>\n<p class=\"contentpart contentpart--default contentpart--text\" data-position=\"4\">Rezerw\u0119 toru stanowi\u0107 b\u0119d\u0105 z kolei zawodnicy miejscowego <a href=\"https:\/\/sportowefakty.wp.pl\/zuzel\/hskrzydlewska-orzel-lodz\" rel=\"nofollow noopener\" target=\"_blank\">H.Skrzydlewska Or\u0142a \u0141\u00f3d\u017a<\/a> &#8211; <a href=\"https:\/\/sportowefakty.wp.pl\/zuzel\/marcin-nowak\" rel=\"nofollow noopener\" target=\"_blank\">Marcin Nowak<\/a> i <a href=\"https:\/\/sportowefakty.wp.pl\/zuzel\/szymon-szlauderbach\" rel=\"nofollow noopener\" target=\"_blank\">Szymon Szlauderbach<\/a>, kt\u00f3rzy wyst\u0105pi\u0105 odpowiednio z numerami 17 i 18.<\/p>\n<p class=\"contentpart contentpart--default contentpart--text\" data-position=\"5\">Przypomnijmy, \u017ce dla \u0141odzi b\u0119dzie to historyczne, pierwsze wydarzenie w ramach cyklu Speedway Grand Prix. Zawody odb\u0119d\u0105 si\u0119 1 sierpnia, z kolei dzie\u0144 wcze\u015bniej &#8211; 31 lipca Moto Arena w \u0141odzi b\u0119dzie go\u015bci\u0107 najlepszych junior\u00f3w na \u015bwiecie.<\/p>\n","protected":false},"excerpt":{"rendered":"Piotr Pawlicki doskonale zna smak rywalizacji w cyklu Speedway Grand Prix, w kt\u00f3rym to zadebiutowa\u0142 w 2015 roku,&hellip;\n","protected":false},"author":2,"featured_media":523951,"comment_status":"","ping_status":"","sticky":false,"template":"","format":"standard","meta":{"footnotes":"","_share_on_mastodon":"0"},"categories":[51608],"tags":[22718,3652,979,31296,980,42,38,40,39,41,748,174],"class_list":["post-523950","post","type-post","status-publish","format-standard","has-post-thumbnail","category-lodz","tag-h-skrzydlewska-orzel-lodz","tag-lodz","tag-metalkas-2-ekstraliga","tag-moto-arena-lodz","tag-piotr-pawlicki","tag-pl","tag-poland","tag-polish","tag-polska","tag-polski","tag-sgp-ims","tag-zuzel"],"share_on_mastodon":{"url":"https:\/\/pubeurope.com\/@pl\/116833486631036524","error":""},"_links":{"self":[{"href":"https:\/\/www.europesays.com\/pl\/wp-json\/wp\/v2\/posts\/523950","targetHints":{"allow":["GET"]}}],"collection":[{"href":"https:\/\/www.europesays.com\/pl\/wp-json\/wp\/v2\/posts"}],"about":[{"href":"https:\/\/www.europesays.com\/pl\/wp-json\/wp\/v2\/types\/post"}],"author":[{"embeddable":true,"href":"https:\/\/www.europesays.com\/pl\/wp-json\/wp\/v2\/users\/2"}],"replies":[{"embeddable":true,"href":"https:\/\/www.europesays.com\/pl\/wp-json\/wp\/v2\/comments?post=523950"}],"version-history":[{"count":0,"href":"https:\/\/www.europesays.com\/pl\/wp-json\/wp\/v2\/posts\/523950\/revisions"}],"wp:featuredmedia":[{"embeddable":true,"href":"https:\/\/www.europesays.com\/pl\/wp-json\/wp\/v2\/media\/523951"}],"wp:attachment":[{"href":"https:\/\/www.europesays.com\/pl\/wp-json\/wp\/v2\/media?parent=523950"}],"wp:term":[{"taxonomy":"category","embeddable":true,"href":"https:\/\/www.europesays.com\/pl\/wp-json\/wp\/v2\/categories?post=523950"},{"taxonomy":"post_tag","embeddable":true,"href":"https:\/\/www.europesays.com\/pl\/wp-json\/wp\/v2\/tags?post=523950"}],"curies":[{"name":"wp","href":"https:\/\/api.w.org\/{rel}","templated":true}]}}