{"id":52451,"date":"2025-10-16T16:40:07","date_gmt":"2025-10-16T16:40:07","guid":{"rendered":"https:\/\/www.europesays.com\/pl\/52451\/"},"modified":"2025-10-16T16:40:07","modified_gmt":"2025-10-16T16:40:07","slug":"wszystko-jasne-wiadomo-co-z-wystepem-igi-swiatek-w-polsce","status":"publish","type":"post","link":"https:\/\/www.europesays.com\/pl\/52451\/","title":{"rendered":"Wszystko jasne! Wiadomo, co z wyst\u0119pem Igi \u015awi\u0105tek w Polsce"},"content":{"rendered":"\n<p class=\"contentpart contentpart--default contentpart--text\" data-position=\"0\">&#8222;Widzimy si\u0119 w Gorzowie Wielkopolskim! Ciesz\u0119 si\u0119, \u017ce mog\u0119 oficjalnie podzieli\u0107 si\u0119 t\u0105 informacj\u0105 &#8211; zagram w play-off&#8217;ach Billie Jean King Cup. To b\u0119dzie \u015bwietne zako\u0144czenie sezonu &#8211; zagra\u0107 dla swojego kraju i w swoim kraju, przed polskimi kibicami. W dru\u017cynie, kt\u00f3ra z pewno\u015bci\u0105 da z siebie wszystko. Licz\u0119, \u017ce b\u0119dziecie z nami. Do zobaczenia!&#8221; &#8211; napisa\u0142a Iga \u015awi\u0105tek na Instagramie.<\/p>\n<p class=\"contentpart contentpart--default contentpart--text\" data-position=\"1\">To drugie w tym roku wydarzenie tej rangi w kobiecym tenisie w Polsce. W kwietniowych kwalifikacjach w Radomiu, kt\u00f3re decydowa\u0142y o awansie do wrze\u015bniowych fina\u0142\u00f3w Billie Jean King Cup najlepsze okaza\u0142y si\u0119 Ukrainki, wyprzedzaj\u0105c Polki i Szwajcarki, dzi\u0119ki czemu to one polecia\u0142y do Shenzhen.<\/p>\n<p> <img role=\"presentation\" src=\"https:\/\/std.wpcdn.pl\/images\/adv\/placeholder_wp.svg\" loading=\"lazy\" alt=\"\" decoding=\"async\"\/>  <\/p>\n<p class=\"contentpart contentpart--default contentpart--text\" data-position=\"2\">ZOBACZ WIDEO: Dosta\u0142 przelew od ministerstwa. A\u017c zadzwoni\u0142, czy to na pewno ta kwota<\/p>\n<p class=\"contentpart contentpart--default contentpart--text\" data-position=\"4\">Listopadowy turniej zostanie rozegrany w formacie Round Robin. Polki rozpoczn\u0105 rywalizacj\u0119 ju\u017c w pi\u0105tek, 14 listopada, meczem z Now\u0105 Zelandi\u0105, a nast\u0119pnie w niedziel\u0119, 16 listopada, zmierz\u0105 si\u0119 z Rumuni\u0105. Ka\u017cdego dnia rozegrane zostan\u0105 dwa spotkania singlowe oraz mecz deblowy. W sobot\u0119, 15 listopada, naprzeciw siebie stan\u0105 reprezentacje Rumunii i Nowej Zelandii.<\/p>\n<p class=\"contentpart contentpart--default contentpart--text\" data-position=\"5\">Zwyci\u0119zcy siedmiu grup, w tym w\u0142a\u015bnie grupy B, w kt\u00f3rej jest Polska, awansuj\u0105 do kwalifikacji BJK Cup 2026, kt\u00f3re wr\u00f3c\u0105 do tradycyjnego systemu mecz\u00f3w dom\u2013wyjazd. Pozosta\u0142e 14 reprezentacji trafi do Grupy I.<\/p>\n<p class=\"contentpart contentpart--default contentpart--text\" data-position=\"7\">Przed rokiem reprezentacja Polski rywalizowa\u0142a w fina\u0142ach rozgrywek, w\u00f3wczas Bia\u0142o-Czerwone odpad\u0142y w p\u00f3\u0142finale z p\u00f3\u017aniejszymi triumfatorkami, W\u0142oszkami. Iga \u015awi\u0105tek r\u00f3wnie\u017c znalaz\u0142a si\u0119 w sk\u0142adzie na to wydarzenie i wygra\u0142a wtedy trzy mecze singlowe (z Paul\u0105 Bados\u0105, Lind\u0105 Noskov\u0105 i Jasmine Paolini) oraz jeden deblowy, w kt\u00f3rym wyst\u0105pi\u0142a w duecie z Katarzyn\u0105 Kaw\u0105. Jeden, decyduj\u0105cy mecz gry podw\u00f3jnej, Polki przegra\u0142y.<\/p>\n<p> <img role=\"presentation\" src=\"https:\/\/std.wpcdn.pl\/images\/adv\/placeholder_wp.svg\" loading=\"lazy\" alt=\"\" decoding=\"async\"\/>  <\/p>\n<p class=\"contentpart contentpart--default contentpart--text\" data-position=\"8\">\u015awi\u0105tek po powrocie z turniej\u00f3w WTA w Azji pozosta\u0142 do rozegrania jeszcze jeden turniej, WTA Finals (1-8 listopada).<\/p>\n<p class=\"contentpart contentpart--default contentpart--text\" data-position=\"9\">Kapitan Dawid Celt nie przedstawi\u0142 jeszcze pe\u0142nego sk\u0142adu na mecze BJKC w Gorzowie Wielkopolskim. Poza \u015awi\u0105tek b\u0119dzie m\u00f3g\u0142 powo\u0142a\u0107 jeszcze w sumie cztery tenisistki.<\/p>\n<p class=\"contentpart contentpart--default contentpart--text\" data-position=\"10\">Sk\u0142ady wszystkich grup fazy Play-Off <a href=\"https:\/\/sportowefakty.wp.pl\/tenis\/puchar-federacji\" rel=\"nofollow noopener\" target=\"_blank\">Puchar Billie Jean King<\/a>:<\/p>\n<p class=\"contentpart contentpart--default contentpart--text\" data-position=\"11\">Grupa A: Monterrey (Meksyk) zagraj\u0105 Meksyk, Dania i Kanada.<br \/>Grupa B: Gorz\u00f3w Wielkopolski (Polska) zmierz\u0105 si\u0119 Polska, Nowa Zelandia i Rumunia.<br \/>Grupa C: C\u00f3rdoba (Argentyna) zagraj\u0105 Argentyna, S\u0142owacja i Szwajcaria.<br \/>Grupa D: W Vara\u017edin (Chorwacja) rywalizowa\u0107 b\u0119d\u0105 Chorwacja, Kolumbia i Czechy.<br \/>Grupa E: Hobart (Australia) spotkaj\u0105 si\u0119 Australia, Brazylia i Portugalia.<br \/>Grupa F: Ismaning (Niemcy) zagraj\u0105 Niemcy, Belgia i Turcja.<br \/>Grupa G: Bengaluru (Indie) rywalizowa\u0107 b\u0119d\u0105 Indie, Holandia i S\u0142owenia.<\/p>\n","protected":false},"excerpt":{"rendered":"&#8222;Widzimy si\u0119 w Gorzowie Wielkopolskim! Ciesz\u0119 si\u0119, \u017ce mog\u0119 oficjalnie podzieli\u0107 si\u0119 t\u0105 informacj\u0105 &#8211; zagram w play-off&#8217;ach&hellip;\n","protected":false},"author":2,"featured_media":52452,"comment_status":"","ping_status":"","sticky":false,"template":"","format":"standard","meta":{"footnotes":""},"categories":[24],"tags":[158,14105,42,38,40,39,41,14106,127,126,156],"class_list":{"0":"post-52451","1":"post","2":"type-post","3":"status-publish","4":"format-standard","5":"has-post-thumbnail","7":"category-sport","8":"tag-iga-swiatek","9":"tag-itf","10":"tag-pl","11":"tag-poland","12":"tag-polish","13":"tag-polska","14":"tag-polski","15":"tag-puchar-billie-jean-king","16":"tag-sport","17":"tag-sports","18":"tag-tenis"},"share_on_mastodon":{"url":"","error":""},"_links":{"self":[{"href":"https:\/\/www.europesays.com\/pl\/wp-json\/wp\/v2\/posts\/52451","targetHints":{"allow":["GET"]}}],"collection":[{"href":"https:\/\/www.europesays.com\/pl\/wp-json\/wp\/v2\/posts"}],"about":[{"href":"https:\/\/www.europesays.com\/pl\/wp-json\/wp\/v2\/types\/post"}],"author":[{"embeddable":true,"href":"https:\/\/www.europesays.com\/pl\/wp-json\/wp\/v2\/users\/2"}],"replies":[{"embeddable":true,"href":"https:\/\/www.europesays.com\/pl\/wp-json\/wp\/v2\/comments?post=52451"}],"version-history":[{"count":0,"href":"https:\/\/www.europesays.com\/pl\/wp-json\/wp\/v2\/posts\/52451\/revisions"}],"wp:featuredmedia":[{"embeddable":true,"href":"https:\/\/www.europesays.com\/pl\/wp-json\/wp\/v2\/media\/52452"}],"wp:attachment":[{"href":"https:\/\/www.europesays.com\/pl\/wp-json\/wp\/v2\/media?parent=52451"}],"wp:term":[{"taxonomy":"category","embeddable":true,"href":"https:\/\/www.europesays.com\/pl\/wp-json\/wp\/v2\/categories?post=52451"},{"taxonomy":"post_tag","embeddable":true,"href":"https:\/\/www.europesays.com\/pl\/wp-json\/wp\/v2\/tags?post=52451"}],"curies":[{"name":"wp","href":"https:\/\/api.w.org\/{rel}","templated":true}]}}