{"id":524666,"date":"2026-06-29T19:49:11","date_gmt":"2026-06-29T19:49:11","guid":{"rendered":"https:\/\/www.europesays.com\/pl\/524666\/"},"modified":"2026-06-29T19:49:11","modified_gmt":"2026-06-29T19:49:11","slug":"tomasz-marzec-o-world-climbing-series-krakow-2026","status":"publish","type":"post","link":"https:\/\/www.europesays.com\/pl\/524666\/","title":{"rendered":"Tomasz Marzec o World Climbing Series Krak\u00f3w 2026"},"content":{"rendered":"<p>Przed World Climbing Series we wspinaczce na czas w Krakowie (3\u20135 lipca 2026) rozmawiali\u015bmy z Tomaszem Marcem, dyrektorem Zarz\u0105du Infrastruktury Sportowej w Krakowie.<\/p>\n<p>Zesz\u0142oroczna pierwsza edycja zawod\u00f3w przeros\u0142a oczekiwania organizator\u00f3w. 20 tys. widz\u00f3w na fina\u0142ach udowodni\u0142o, \u017ce impreza na Rynku G\u0142\u00f3wnym ma sens zar\u00f3wno sportowy, jak i spo\u0142eczny. Po zawodach odnotowano obl\u0119\u017cenie krakowskich \u015bcianek wspinaczkowych, co pokazuje, jak wielki wp\u0142yw takie wydarzenia maj\u0105 na popularyzacj\u0119 dyscypliny.<\/p>\n<p>Tegoroczna edycja b\u0119dzie wi\u0119ksza \u2013 wi\u0119cej dni, wi\u0119cej zawodnik\u00f3w i nowe formaty rywalizacji. Organizacja na Rynku G\u0142\u00f3wnym to ogromne wyzwanie logistyczne, ale Krak\u00f3w pracuje nad tym od miesi\u0119cy. Dyrektor Marzec podkre\u015bli\u0142, \u017ce zawody maj\u0105 te\u017c wymiar globalny \u2013 to jeden z pierwszych tak du\u017cych test\u00f3w nowego formatu wspinaczki na czas przed igrzyskami olimpijskimi, a przyszli organizatorzy podobnych imprez b\u0119d\u0105 si\u0119 uczy\u0107 w\u0142a\u015bnie od Krakowa.<\/p>\n<p>Osobnym w\u0105tkiem jest po\u017cegnanie Aleksandry Miros\u0142aw, kt\u00f3ra zako\u0144czy tu swoj\u0105 zawodow\u0105 karier\u0119. Miasto szykuje dla niej niespodziank\u0119 i czuje ogromn\u0105 odpowiedzialno\u015b\u0107, by godnie uhonorowa\u0107 mistrzyni\u0119 olimpijsk\u0105.<\/p>\n","protected":false},"excerpt":{"rendered":"Przed World Climbing Series we wspinaczce na czas w Krakowie (3\u20135 lipca 2026) rozmawiali\u015bmy z Tomaszem Marcem, dyrektorem&hellip;\n","protected":false},"author":2,"featured_media":524667,"comment_status":"","ping_status":"","sticky":false,"template":"","format":"standard","meta":{"footnotes":"","_share_on_mastodon":"0"},"categories":[51606],"tags":[7204,3760,8119,1304,42,38,40,39,41,8117,8118,5047],"class_list":["post-524666","post","type-post","status-publish","format-standard","has-post-thumbnail","category-krakow","tag-alpinizm","tag-gory","tag-himalaizm","tag-krakow","tag-pl","tag-poland","tag-polish","tag-polska","tag-polski","tag-skialpinizm","tag-taternictwo","tag-wspinaczka"],"share_on_mastodon":{"url":"https:\/\/pubeurope.com\/@pl\/116835134212830460","error":""},"_links":{"self":[{"href":"https:\/\/www.europesays.com\/pl\/wp-json\/wp\/v2\/posts\/524666","targetHints":{"allow":["GET"]}}],"collection":[{"href":"https:\/\/www.europesays.com\/pl\/wp-json\/wp\/v2\/posts"}],"about":[{"href":"https:\/\/www.europesays.com\/pl\/wp-json\/wp\/v2\/types\/post"}],"author":[{"embeddable":true,"href":"https:\/\/www.europesays.com\/pl\/wp-json\/wp\/v2\/users\/2"}],"replies":[{"embeddable":true,"href":"https:\/\/www.europesays.com\/pl\/wp-json\/wp\/v2\/comments?post=524666"}],"version-history":[{"count":0,"href":"https:\/\/www.europesays.com\/pl\/wp-json\/wp\/v2\/posts\/524666\/revisions"}],"wp:featuredmedia":[{"embeddable":true,"href":"https:\/\/www.europesays.com\/pl\/wp-json\/wp\/v2\/media\/524667"}],"wp:attachment":[{"href":"https:\/\/www.europesays.com\/pl\/wp-json\/wp\/v2\/media?parent=524666"}],"wp:term":[{"taxonomy":"category","embeddable":true,"href":"https:\/\/www.europesays.com\/pl\/wp-json\/wp\/v2\/categories?post=524666"},{"taxonomy":"post_tag","embeddable":true,"href":"https:\/\/www.europesays.com\/pl\/wp-json\/wp\/v2\/tags?post=524666"}],"curies":[{"name":"wp","href":"https:\/\/api.w.org\/{rel}","templated":true}]}}