{"id":524991,"date":"2026-06-29T23:46:52","date_gmt":"2026-06-29T23:46:52","guid":{"rendered":"https:\/\/www.europesays.com\/pl\/524991\/"},"modified":"2026-06-29T23:46:52","modified_gmt":"2026-06-29T23:46:52","slug":"umowa-na-okrety-podwodne-dla-polski-podpisana","status":"publish","type":"post","link":"https:\/\/www.europesays.com\/pl\/524991\/","title":{"rendered":"Umowa na okr\u0119ty podwodne dla Polski podpisana"},"content":{"rendered":"<p class=\"lead\">Na pok\u0142adzie fregaty ORP Gen. Tadeusz Ko\u015bciuszko podpisano umow\u0119 na zakup trzech okr\u0119t\u00f3w podwodnych dla polskiej Marynarki Wojennej. Zam\u00f3wiono je w\u00a0szwedzkim koncernie Saab Kockums.<\/p>\n<p> W\u00a0poniedzia\u0142ek 29 czerwca premier <a href=\"https:\/\/www.trojmiasto.pl\/wiadomosci\/Donald-Tusk-o6.html\" class=\"parse-link\" title=\"Donald Tusk\" rel=\"nofollow noopener\" target=\"_blank\">Donald Tusk<\/a> oraz premier Kr\u00f3lestwa Szwecji Ulf Kristersson wzi\u0119li udzia\u0142 w\u00a0polsko-szwedzkich konsultacjach mi\u0119dzyrz\u0105dowych w\u00a0Gdyni. W\u00a0<a href=\"https:\/\/www.trojmiasto.pl\/dom\/Spot-i1639.html\" class=\"parse-link\" title=\"Spot\" rel=\"nofollow noopener\" target=\"_blank\">spotkaniu<\/a> wzi\u0119li udzia\u0142 tak\u017ce ministrowie obrony narodowej, spraw zagranicznych, kultury i\u00a0dziedzictwa narodowego oraz infrastruktury z\u00a0obu kraj\u00f3w.Od premier\u00f3w, przez obron\u0119, po finanse, liczna delegacja z\u00a0obu stron<\/p>\n<p><a href=\"https:\/\/www.trojmiasto.pl\/biznes\/Polsko-szwedzka-wymiana-wchodzi-na-wyzszy-level-n216095.html\" data-tklik=\"916995\" class=\"marker-news component newsMarker\" rel=\"nofollow noopener\" target=\"_blank\"><br \/>\n            <img decoding=\"async\" src=\"https:\/\/www.europesays.com\/pl\/wp-content\/uploads\/2026\/06\/4268922__c_100_0_1206_844__kr.webp\" alt=\"Polsko-szwedzka wymiana wchodzi na \" wy=\"\" level=\"\" class=\"lazy newsMarker__img\"\/><br \/>\n        Polsko-szwedzka wymiana wchodzi na &#8222;wy\u017cszy level&#8221;<br \/>\n<\/a><\/p>\n<p>W delegacji obok szefa rz\u0105du Szwecji s\u0105 te\u017c minister obrony Pal Jonson, szefowa dyplomacji Maria Malmer Stenergard, minister infrastruktury Andreas Carlson, minister ds. UE Jessica Rosencrantz oraz minister kultury Parisa Liljestrand. <\/p>\n<p>Polski rz\u0105d reprezentuj\u0105, opr\u00f3cz premiera, m.in. wicepremier, szef MON W\u0142adys\u0142aw Kosiniak-Kamysz, wicepremier i\u00a0szef MSZ Rados\u0142aw Sikorski, minister finans\u00f3w Andrzej Doma\u0144ski, minister infrastruktury Dariusz Klimczak oraz minister kultury Marta Cienkowska.<\/p>\n<p>                <a href=\"https:\/\/ogloszenia.trojmiasto.pl\/nieruchomosci\/dom-wolnostojacy\/gdansk\/ikl,101_106,o2,1.html\" data-tklik=\"500471\" rel=\"nofollow noopener\" target=\"_blank\"><br \/>\n                    Wi\u0119cej w serwisie Og\u0142oszenia<br \/>\n                    (234)<\/p>\n<p>                <\/a><\/p>\n<p><\/p>\n<p>Umowa na okr\u0119ty i\u00a0Ratownik&#8230; w\u00a0ramach wsp\u00f3\u0142pracy<\/p>\n<p>Rozmowy obj\u0119\u0142y m.in. bezpiecze\u0144stwo w\u00a0Europie, NATO i\u00a0sytuacj\u0119 na Morzu Ba\u0142tyckim. Poruszone zostan\u0105 tak\u017ce kwestie wsparcia dla Ukrainy. Jednak najwa\u017cniejszym <a href=\"https:\/\/www.trojmiasto.pl\/dom\/Punkt-i1274.html\" class=\"parse-link\" title=\"Punkt\" rel=\"nofollow noopener\" target=\"_blank\">punktem<\/a> by\u0142o podpisanie umowy na zakup trzech okr\u0119t\u00f3w podwodnych. <\/p>\n<p> Szwedzka oferta przewiduje dostaw\u0119 trzech okr\u0119t\u00f3w A26 Blekinge produkowanych przez stoczni\u0119 Saab-Kockums. Pierwszy ma trafi\u0107 do s\u0142u\u017cb do 2030 r. Zanim do tego dojdzie, ju\u017c w\u00a02027 r. Szwecja ma u\u017cyczy\u0107 Polsce u\u017cywanego okr\u0119tu jako rozwi\u0105zanie pomostowe. Chodzi o\u00a0okres przed wcieleniem do s\u0142u\u017cby pierwszego nowego okr\u0119tu podwodnego, a\u00a0po spodziewanym wycofaniu okr\u0119tu ORP Orze\u0142. Wed\u0142ug szacunk\u00f3w warto\u015b\u0107 ca\u0142ego programu mo\u017ce wynie\u015b\u0107 ok. 20 mld z\u0142.<\/p>\n<p><a href=\"https:\/\/www.trojmiasto.pl\/biznes\/Polskie-okrety-podwodne-jednak-nie-ze-Szwecji-n221181.html\" data-tklik=\"817926\" class=\"marker-news component newsMarker\" rel=\"nofollow noopener\" target=\"_blank\"><br \/>\n            <img decoding=\"async\" src=\"https:\/\/www.europesays.com\/pl\/wp-content\/uploads\/2026\/06\/4345826__c_227_0_1028_720__kr.webp\" alt=\"Polskie okr\u0119ty podwodne jednak nie ze Szwecji?\" class=\"lazy newsMarker__img\"\/><br \/>\n        Polskie okr\u0119ty podwodne jednak nie ze Szwecji?<br \/>\n<\/a><\/p>\n<p>Opr\u00f3cz um\u00f3w na szwedzkie okr\u0119ty podwodne dla polskiego wojska, podpisana zosta\u0142a mi\u0119dzyrz\u0105dowa umowa ustanawiaj\u0105ca ramy wsp\u00f3\u0142pracy w\u00a0zakresie zakupu sprz\u0119tu i\u00a0us\u0142ug wojskowych. Zawarte zosta\u0142o te\u017c porozumienie Ratownik, kt\u00f3re ustanawia organizacyjne i\u00a0prawne ramy zakupu przez Szwecj\u0119 budowanego w\u00a0Polsce okr\u0119tu ratowniczego &#8222;Ratownik&#8221;. <\/p>\n<p>                <a href=\"https:\/\/ogloszenia.trojmiasto.pl\/nieruchomosci\/mieszkanie\/e1i,33_49_58_8_48_1_50_29_26_93_12_4_98_11_22_23_84.html\" data-tklik=\"142850\" rel=\"nofollow noopener\" target=\"_blank\"><br \/>\n                    Wi\u0119cej w serwisie Og\u0142oszenia<br \/>\n                    (2484)<\/p>\n<p>                <\/a><\/p>\n<p>     Poza porozumieniami mi\u0119dzyrz\u0105dowymi zawarte zosta\u0142y ponadto umowy mi\u0119dzy podmiotami pa\u0144stwowymi, w\u00a0tym porozumienie finansowe mi\u0119dzy Bankiem Gospodarstwa Krajowego a\u00a0Szwedzk\u0105 Agencj\u0105 Kredyt\u00f3w Eksportowych, memorandum o\u00a0porozumieniu mi\u0119dzy Polsk\u0105 Grup\u0105 Zbrojeniow\u0105 i\u00a0Saab dotycz\u0105ce stworzenia specjalnego pojazdu odpowiedzialnego m.in. za napraw\u0119 statk\u00f3w, a\u00a0tak\u017ce list intencyjny mi\u0119dzy Grup\u0105 WB i\u00a0SAAB.<\/p>\n<p>A26 Blekinge z\u00a0Saab Kockums<\/p>\n<p>Szwedzki koncern Saab Kockums ma siedzib\u0119 w\u00a0Karlskronie. W\u00a0ramach programu &#8222;Orka&#8221; zaoferowa\u0142 okr\u0119ty A26 Blekinge. Wyr\u00f3\u017cniaj\u0105 si\u0119 najnowszym nap\u0119dem Stirlinga, co czyni je wyj\u0105tkowo cichymi i\u00a0trudnymi do wykrycia. To rozwi\u0105zanie ma szans\u0119 na zwi\u0119kszenie potencja\u0142u operacyjnego polskich si\u0142 morskich w\u00a0kontek\u015bcie wymagaj\u0105cego Ba\u0142tyku. Jednostka ma d\u0142ugo\u015b\u0107 66 m, szeroko\u015b\u0107 6,7 m\u00a0i wyporno\u015b\u0107 na powierzchni ok. 2000 t, a\u00a0jej za\u0142og\u0119 stanowi zaledwie 17 marynarzy (szwedzka marynarka chcia\u0142a maksymalnie ograniczy\u0107 liczebno\u015b\u0107 za\u0142ogi).<\/p>\n<p>                <a href=\"https:\/\/ogloszenia.trojmiasto.pl\/nieruchomosci-sprzedam-rynek-wtorny\/s,Rod,wi,390_330.html\" data-tklik=\"838535\" rel=\"nofollow noopener\" target=\"_blank\"><br \/>\n                    Wi\u0119cej w serwisie Og\u0142oszenia<br \/>\n                    (187)<\/p>\n<p>                <\/a><\/p>\n<p>Jednostka A26 Blekinge jest wyposa\u017cona w\u00a0hybrydowy nap\u0119d &#8211; diesla wspieranego przez system <a href=\"https:\/\/katalog.trojmiasto.pl\/AI\" class=\"parse-link\" title=\"AI, czyli sztuczna inteligencja, to zaawansowana technologia, kt\u00f3ra rewolucjonizuje wiele dziedzin \u017cycia. Umo\u017cliwia automatyzacj\u0119 proces\u00f3w, analiz\u0119 danych oraz tworzenie inteligentnych system\u00f3w wspieraj\u0105cych biznes, medycyn\u0119 i edukacj\u0119. AI zwi\u0119ksza efektywno\u015b\u0107 i otwiera nowe mo\u017cliwo\u015bci rozwoju\" rel=\"nofollow noopener\" target=\"_blank\">AIP<\/a>, kt\u00f3ry umo\u017cliwia jej przebywanie w\u00a0zanurzeniu przez 18 dni. Autonomiczno\u015b\u0107 tego okr\u0119tu (czyli mo\u017cliwo\u015b\u0107 dzia\u0142ania bez zawijania do portu lub uzupe\u0142nienia paliwa w\u00a0morzu) to 45 dni. Szwedzi, podobnie jak inni oferenci, proponuj\u0105 Polsce szeroki transfer technologii, w\u00a0tym mo\u017cliwo\u015b\u0107 adaptacji technologicznej na miejscu oraz integracj\u0119 polskiego przemys\u0142u w\u00a0procesie produkcyjnym.\n                <\/p>\n","protected":false},"excerpt":{"rendered":"Na pok\u0142adzie fregaty ORP Gen. Tadeusz Ko\u015bciuszko podpisano umow\u0119 na zakup trzech okr\u0119t\u00f3w podwodnych dla polskiej Marynarki Wojennej.&hellip;\n","protected":false},"author":2,"featured_media":524992,"comment_status":"","ping_status":"","sticky":false,"template":"","format":"standard","meta":{"footnotes":"","_share_on_mastodon":"0"},"categories":[62713],"tags":[210,113,1345,388,4041,26048,1048,1064,4043,11021,4040,23206,365,23488,102565,4039,39,1756,383,24257,1063,4042,4038,102564,95,26,2780],"class_list":["post-524991","post","type-post","status-publish","format-standard","has-post-thumbnail","category-donald-tusk","tag-aktualnosci","tag-biznes","tag-donald-tusk","tag-finanse","tag-firmy","tag-fregata","tag-gdansk","tag-gdynia","tag-gospodarka-morska","tag-koncern","tag-ludzie-sukcesu","tag-marynarka-wojenna","tag-okret","tag-okret-podwodny","tag-orp-gen-tadeusz-kosciuszko","tag-osoby-biznesu","tag-polska","tag-praca","tag-prawo","tag-saab-kockums","tag-sopot","tag-spolki-gieldowe","tag-sylwetki","tag-tadeusz-kosciuszko","tag-umowa","tag-wiadomosci","tag-zakup"],"share_on_mastodon":{"url":"https:\/\/pubeurope.com\/@pl\/116836070479501709","error":""},"_links":{"self":[{"href":"https:\/\/www.europesays.com\/pl\/wp-json\/wp\/v2\/posts\/524991","targetHints":{"allow":["GET"]}}],"collection":[{"href":"https:\/\/www.europesays.com\/pl\/wp-json\/wp\/v2\/posts"}],"about":[{"href":"https:\/\/www.europesays.com\/pl\/wp-json\/wp\/v2\/types\/post"}],"author":[{"embeddable":true,"href":"https:\/\/www.europesays.com\/pl\/wp-json\/wp\/v2\/users\/2"}],"replies":[{"embeddable":true,"href":"https:\/\/www.europesays.com\/pl\/wp-json\/wp\/v2\/comments?post=524991"}],"version-history":[{"count":0,"href":"https:\/\/www.europesays.com\/pl\/wp-json\/wp\/v2\/posts\/524991\/revisions"}],"wp:featuredmedia":[{"embeddable":true,"href":"https:\/\/www.europesays.com\/pl\/wp-json\/wp\/v2\/media\/524992"}],"wp:attachment":[{"href":"https:\/\/www.europesays.com\/pl\/wp-json\/wp\/v2\/media?parent=524991"}],"wp:term":[{"taxonomy":"category","embeddable":true,"href":"https:\/\/www.europesays.com\/pl\/wp-json\/wp\/v2\/categories?post=524991"},{"taxonomy":"post_tag","embeddable":true,"href":"https:\/\/www.europesays.com\/pl\/wp-json\/wp\/v2\/tags?post=524991"}],"curies":[{"name":"wp","href":"https:\/\/api.w.org\/{rel}","templated":true}]}}