{"id":525060,"date":"2026-06-30T00:33:25","date_gmt":"2026-06-30T00:33:25","guid":{"rendered":"https:\/\/www.europesays.com\/pl\/525060\/"},"modified":"2026-06-30T00:33:25","modified_gmt":"2026-06-30T00:33:25","slug":"polska-juz-nie-jest-tanim-krajem-ekspert-ujawnia-dlaczego-uciekamy-za-granice","status":"publish","type":"post","link":"https:\/\/www.europesays.com\/pl\/525060\/","title":{"rendered":"\u201ePolska ju\u017c nie jest tanim krajem\u201d. Ekspert ujawnia, dlaczego uciekamy za granic\u0119"},"content":{"rendered":"<p>Jak zmieniaj\u0105 si\u0119 koszty wakacji dla Polak\u00f3w w 2026 roku.<\/p>\n<p>Dlaczego Polacy coraz rzadziej wybieraj\u0105 polskie morze na wakacje.<\/p>\n<p>Co powoduje wzrost zainteresowania zagranicznymi wyjazdami.<\/p>\n<p>Czym kieruj\u0105 si\u0119 Polacy przy wyborze kierunku na wakacje.<\/p>\n<p>Z raportu Zwi\u0105zku Bank\u00f3w Polskich \u201eWakacyjny Portfel Polak\u00f3w 2026\u201d wynika, \u017ce statystyczny Polak przeznaczy na tegoroczny urlop \u015brednio 2042 z\u0142 (o blisko 300 z\u0142 wi\u0119cej ni\u017c w ubieg\u0142ym roku). Z kolei bud\u017cet czteroosobowego gospodarstwa domowego zamknie si\u0119 w kwocie 5 105 z\u0142 &#8211; to o ponad 700 z\u0142 wi\u0119cej ni\u017c rok temu.<\/p>\n<p>Sk\u0105d bierze si\u0119 tak drastyczny wzrost koszt\u00f3w? Jak t\u0142umaczy w rozmowie z RadioZET.pl dr Przemys\u0142aw Barbrich, na t\u0119 sytuacj\u0119 wp\u0142ywa kilka czynnik\u00f3w jednocze\u015bnie. Z jednej strony w ostatnich latach odnotowali\u015bmy znacz\u0105cy wzrost wynagrodze\u0144, przez co relatywnie zarabiamy wi\u0119cej i sta\u0107 nas na wi\u0119cej. Wakacje finansujemy g\u0142\u00f3wnie z oszcz\u0119dno\u015bci lub bie\u017c\u0105cych dochod\u00f3w, unikaj\u0105c zad\u0142u\u017cania si\u0119 &#8211; a\u017c 80 proc. z nas deklaruje, \u017ce nie we\u017amie na urlop \u017cadnego kredytu ani po\u017cyczki.<\/p>\n<p>Z drugiej strony wci\u0105\u017c odczuwamy dro\u017cyzn\u0119.\u00a0&#8211;\u00a0Mieli\u015bmy znacz\u0105cy skok inflacji, co spowodowa\u0142o, \u017ce wakacje cenowo wzros\u0142y i te wzrosty si\u0119 utrzyma\u0142y. Do tego dochodzi wzrost koszt\u00f3w produkt\u00f3w i energii. To co odczuwamy ka\u017cdego dnia &#8211; jak cho\u0107by czynsz za mieszkanie &#8211; uderza te\u017c w przedsi\u0119biorc\u00f3w turystycznych, kt\u00f3rzy wynajmuj\u0105 pomieszczenia na restauracje czy hotele. I to wszystko przek\u0142ada si\u0119 na ceny &#8211; wyja\u015bnia dr Barbrich.<\/p>\n<p><a name=\"eztoc42122915_0_5\" id=\"eztoc42122915_0_5\"\/>Polskie morze przegrywa z zagranic\u0105? Ekspert: Polska ju\u017c nie jest tanim krajem<\/p>\n<p>Z raportu wynika, \u017ce zainteresowanie wypoczynkiem w kraju spad\u0142o do poziomu 53 proc., co jest najni\u017cszym wynikiem w historii prowadzenia tego badania. Jednocze\u015bnie a\u017c 26 proc. Polak\u00f3w zdecydowa\u0142o si\u0119 na urlop za granic\u0105.<\/p>\n<p>&#8211;\u00a0Planujemy wakacje z o\u0142\u00f3wkiem w r\u0119ku. W sytuacji, w kt\u00f3rej mamy do wyboru polskie morze, gdzie z pewno\u015bci\u0105 b\u0119dzie pada\u0107, i zagraniczne wyjazdy, gdzie przed s\u0142o\u0144cem b\u0119dziemy raczej ucieka\u0107, jeste\u015bmy gotowi wyda\u0107 troszk\u0119 wi\u0119cej, aby podczas urlopu mie\u0107 pewn\u0105 pogod\u0119\u00a0&#8211; komentuje dyrektor ZBP.<\/p>\n<p>Ekspert zauwa\u017ca te\u017c now\u0105 tendencj\u0119 &#8211; zamiast skraca\u0107 urlopy do 5 czy 7 dni, jak mia\u0142o to miejsce w poprzednich latach, Polacy wol\u0105 sp\u0119dzi\u0107 tydzie\u0144 w miejscu, kt\u00f3re oferuje \u015bwietn\u0105 relacj\u0119 ceny do jako\u015bci. Z tego powodu w kraju hitem staj\u0105 si\u0119 Mazury, kt\u00f3re s\u0105 nieco ta\u0144sze ni\u017c Ba\u0142tyk.<\/p>\n<p>W raporcie ZBP przeanalizowano, ile kosztowa\u0142yby czterosobow\u0105 rodzin\u0119 wakacje w r\u00f3\u017cnych miejscach:<\/p>\n<p>Mazury pod namiotem\u00a0&#8211; ok. 1155 z\u0142 za tydzie\u0144 (domek letniskowy to ju\u017c ponad 3400 z\u0142). Dojazd (np. Kielce-Gi\u017cycko) &#8211; ok. 425 z\u0142. \u015aredni rodzinny obiad &#8211; 268 z\u0142.<\/p>\n<p>Ba\u0142tyk (Gda\u0144sk)\u00a0&#8211; wynajem apartamentu to \u015brednio 5114 z\u0142. Podr\u00f3\u017c poci\u0105giem (np. z Krakowa) &#8211; od 588 z\u0142 do nawet 1468 z\u0142. Wakacyjny obiad dla rodziny &#8211; 322 z\u0142. \u0141\u0105czny koszt takiego tygodniowego wypoczunku nad morzem mo\u017ce wynie\u015b\u0107 nawet\u00a010 tys. z\u0142.<\/p>\n<p>Zagranica (all inclusive)\u00a0&#8211; ceny dla czteroosobowej rodziny wahaj\u0105 si\u0119 od 16 tys. z\u0142 do 18,5 tys. z\u0142. Najwi\u0119kszy wzrost odnotowano w Egipcie &#8211; tam rodzinna oferta jest dro\u017csza o ponad 4,9 tys. z\u0142 ni\u017c przed rokiem.<\/p>\n<p>        <a name=\"eztoc42122915_0_6\" id=\"eztoc42122915_0_6\"\/>Koniec z ryzykiem. Polacy boj\u0105 si\u0119 zawirowa\u0144 i oszust\u00f3w<\/p>\n<p>Raport \u201eWakacyjny Portfel Polak\u00f3w 2026\u201d przynosi jeszcze jeden wa\u017cny wniosek &#8211; stali\u015bmy si\u0119 narodem, kt\u00f3ry wyj\u0105tkowo mocno dba o bezpiecze\u0144stwo. Ponad jedna trzecia Polak\u00f3w przed wyjazdem skrupulatnie analizuje oficjalne ostrze\u017cenia\u00a0<br \/>\n<a href=\"https:\/\/wiadomosci.radiozet.pl\/tag\/kategoria\/ministerstwo-spraw-zagranicznych\" target=\"_self\" rel=\"dofollow noopener\">Ministerstwa Spraw Zagranicznych<\/a> oraz opinie innych podr\u00f3\u017cnych, wybieraj\u0105c wy\u0142\u0105cznie kraje uznawane za w pe\u0142ni stabilne.\u00a0&#8211; W obliczu zawirowa\u0144 geopolitycznych, blokady cie\u015bniny Ormuz,\u00a0zaczynamy wreszcie sprawdza\u0107 komunikaty MSZ, gdzie nie je\u017adzi\u0107. To bardzo dobry trend &#8211; ocenia dr Barbrich. &#8211;\u00a0Niestety konflikty militarne spowodowa\u0142y znacz\u0105cy wzrost cen w krajach europejskich<br \/>\n<a href=\"https:\/\/wiadomosci.radiozet.pl\/tag\/kategoria\/grecja\" target=\"_self\" rel=\"dofollow noopener\">Grecji<\/a>,<br \/>\n<a href=\"https:\/\/wiadomosci.radiozet.pl\/tag\/kategoria\/hiszpania\" target=\"_self\" rel=\"dofollow noopener\">Hiszpanii<\/a> czy<br \/>\n<a href=\"https:\/\/wiadomosci.radiozet.pl\/tag\/kategoria\/egipt\" target=\"_self\" rel=\"dofollow noopener\">Egipcie<\/a>,\u00a0kt\u00f3ry mimo blisko\u015bci<br \/>\n<a href=\"https:\/\/wiadomosci.radiozet.pl\/tag\/kategoria\/izrael\" target=\"_self\" rel=\"dofollow noopener\">Izraela<\/a> wci\u0105\u017c uchodzi za w miar\u0119 bezpieczny\u00a0&#8211;\u00a0dodaje.<\/p>\n<p>Szef Zwi\u0105zku Bank\u00f3w Polskich zwraca r\u00f3wnie\u017c uwag\u0119 na kwestie bezpiecze\u0144stwa finansowego i cyfrowego, przed kt\u00f3rymi bankowcy ostrzegaj\u0105 ka\u017cdego roku.\u00a0&#8211; Z badania wynika, \u017ce dbamy o cyberbezpiecze\u0144stwo, co mnie ogromnie cieszy. Ka\u017cdego lata s\u0142yszy si\u0119 o fa\u0142szowanych informacjach, o oszustach, kt\u00f3rzy zak\u0142adaj\u0105 fikcyjne pensjonaty, a poszkodowani tury\u015bci po przyje\u017adzie na miejsce zastaj\u0105 puste pole. Pami\u0119tajmy te\u017c o bezpiecze\u0144stwie przy p\u0142atno\u015bciach zdalnych. Nie korzystajmy z nieznanych stron, nie klikajmy w dziwne linki i pami\u0119tajmy, \u017ce bank nigdy nie prosi o login czy has\u0142o. Je\u015bli co\u015b budzi niepok\u00f3j, sami skontaktujmy si\u0119 z bankiem &#8211; apeluje dr Przemys\u0142aw Barbrich.<\/p>\n<p>Ro\u015bnie tak\u017ce nasza \u015bwiadomo\u015b\u0107 w kwestii polis turystycznych &#8211; dodatkowe ubezpieczenie zdrowotne wykupuje ju\u017c 30 proc. wyje\u017cd\u017caj\u0105cych. &#8211; Polacy wol\u0105 dop\u0142aci\u0107 kilkadziesi\u0105t lub kilkaset z\u0142otych za polis\u0119, ni\u017c ryzykowa\u0107 nara\u017ceniem si\u0119 na bardzo wysokie koszty leczenia za granic\u0105, kt\u00f3re potrafi\u0105 i\u015b\u0107 w dziesi\u0105tki, a czasami nawet setki tysi\u0119cy dolar\u00f3w czy euro &#8211; m\u00f3wi dr Barbrich.<\/p>\n<p>\u0179r\u00f3d\u0142o: Radio ZET\/Raport ZBP \u201eWakacyjny Portfel Polak\u00f3w 2026\u201d<\/p>\n<p>By\u0142e\u015b \u015bwiadkiem czego\u015b niespodziewanego? Masz temat, kt\u00f3rym powinni\u015bmy si\u0119 zaj\u0105\u0107?<\/p>\n<p>Zg\u0142o\u015b spraw\u0119 przez <a href=\"https:\/\/wiadomosci.radiozet.pl\/czerwony-telefon\" target=\"_blank\" title=\"Czerwony telefon Radia Zet\" rel=\"nofollow noopener\">Czerwony telefon Radia ZET<\/a><\/p>\n","protected":false},"excerpt":{"rendered":"Jak zmieniaj\u0105 si\u0119 koszty wakacji dla Polak\u00f3w w 2026 roku. Dlaczego Polacy coraz rzadziej wybieraj\u0105 polskie morze na&hellip;\n","protected":false},"author":2,"featured_media":525061,"comment_status":"","ping_status":"","sticky":false,"template":"","format":"standard","meta":{"footnotes":"","_share_on_mastodon":"0"},"categories":[12],"tags":[956,4059,42,38,40,39,41,1063,2526],"class_list":["post-525060","post","type-post","status-publish","format-standard","has-post-thumbnail","category-polska","tag-egipt","tag-morze-baltyckie","tag-pl","tag-poland","tag-polish","tag-polska","tag-polski","tag-sopot","tag-wakacje"],"share_on_mastodon":{"url":"https:\/\/pubeurope.com\/@pl\/116836250778543441","error":""},"_links":{"self":[{"href":"https:\/\/www.europesays.com\/pl\/wp-json\/wp\/v2\/posts\/525060","targetHints":{"allow":["GET"]}}],"collection":[{"href":"https:\/\/www.europesays.com\/pl\/wp-json\/wp\/v2\/posts"}],"about":[{"href":"https:\/\/www.europesays.com\/pl\/wp-json\/wp\/v2\/types\/post"}],"author":[{"embeddable":true,"href":"https:\/\/www.europesays.com\/pl\/wp-json\/wp\/v2\/users\/2"}],"replies":[{"embeddable":true,"href":"https:\/\/www.europesays.com\/pl\/wp-json\/wp\/v2\/comments?post=525060"}],"version-history":[{"count":0,"href":"https:\/\/www.europesays.com\/pl\/wp-json\/wp\/v2\/posts\/525060\/revisions"}],"wp:featuredmedia":[{"embeddable":true,"href":"https:\/\/www.europesays.com\/pl\/wp-json\/wp\/v2\/media\/525061"}],"wp:attachment":[{"href":"https:\/\/www.europesays.com\/pl\/wp-json\/wp\/v2\/media?parent=525060"}],"wp:term":[{"taxonomy":"category","embeddable":true,"href":"https:\/\/www.europesays.com\/pl\/wp-json\/wp\/v2\/categories?post=525060"},{"taxonomy":"post_tag","embeddable":true,"href":"https:\/\/www.europesays.com\/pl\/wp-json\/wp\/v2\/tags?post=525060"}],"curies":[{"name":"wp","href":"https:\/\/api.w.org\/{rel}","templated":true}]}}