{"id":525529,"date":"2026-06-30T06:25:20","date_gmt":"2026-06-30T06:25:20","guid":{"rendered":"https:\/\/www.europesays.com\/pl\/525529\/"},"modified":"2026-06-30T06:25:20","modified_gmt":"2026-06-30T06:25:20","slug":"ostrzezenie-dla-dolnoslaskiego-30-06-2026-0710-burze","status":"publish","type":"post","link":"https:\/\/www.europesays.com\/pl\/525529\/","title":{"rendered":"Ostrze\u017cenie dla Dolno\u015bl\u0105skiego 30.06.2026 07:10. Burze"},"content":{"rendered":"<p>Obowi\u0105zuje od: 30.06.2026 07:10 do: 01.07.2026 00:00<br \/>Wojew\u00f3dztwo dolno\u015bl\u0105skie powiaty: boles\u0142awiecki, g\u0142ogowski, jaworski, Jelenia G\u00f3ra, kamiennog\u00f3rski, karkonoski, Legnica, legnicki, luba\u0144ski, lubi\u0144ski, lw\u00f3wecki, polkowicki, zgorzelecki i z\u0142otoryjski. <br \/>Prognozowane s\u0105 burze, kt\u00f3rym miejscami b\u0119d\u0105 towarzyszy\u0107 bardzo silne opady deszczu od 30 mm do 45 mm, oraz porywy wiatru do 90 km\/h, lokalnie do 100 km\/h. Miejscami grad. Burze przemieszcza\u0107 si\u0119 b\u0119d\u0105 z zachodu na wsch\u00f3d.<\/p>\n","protected":false},"excerpt":{"rendered":"Obowi\u0105zuje od: 30.06.2026 07:10 do: 01.07.2026 00:00Wojew\u00f3dztwo dolno\u015bl\u0105skie powiaty: boles\u0142awiecki, g\u0142ogowski, jaworski, Jelenia G\u00f3ra, kamiennog\u00f3rski, karkonoski, Legnica, legnicki,&hellip;\n","protected":false},"author":2,"featured_media":525530,"comment_status":"","ping_status":"","sticky":false,"template":"","format":"standard","meta":{"footnotes":"","_share_on_mastodon":"0"},"categories":[51607],"tags":[17214,60546,42,38,40,39,41,60287,1853],"class_list":["post-525529","post","type-post","status-publish","format-standard","has-post-thumbnail","category-wroclaw","tag-dolnoslaskie","tag-ostrzezenia-meteorologiczne","tag-pl","tag-poland","tag-polish","tag-polska","tag-polski","tag-rso","tag-wroclaw"],"share_on_mastodon":{"url":"https:\/\/pubeurope.com\/@pl\/116837634816380123","error":""},"_links":{"self":[{"href":"https:\/\/www.europesays.com\/pl\/wp-json\/wp\/v2\/posts\/525529","targetHints":{"allow":["GET"]}}],"collection":[{"href":"https:\/\/www.europesays.com\/pl\/wp-json\/wp\/v2\/posts"}],"about":[{"href":"https:\/\/www.europesays.com\/pl\/wp-json\/wp\/v2\/types\/post"}],"author":[{"embeddable":true,"href":"https:\/\/www.europesays.com\/pl\/wp-json\/wp\/v2\/users\/2"}],"replies":[{"embeddable":true,"href":"https:\/\/www.europesays.com\/pl\/wp-json\/wp\/v2\/comments?post=525529"}],"version-history":[{"count":0,"href":"https:\/\/www.europesays.com\/pl\/wp-json\/wp\/v2\/posts\/525529\/revisions"}],"wp:featuredmedia":[{"embeddable":true,"href":"https:\/\/www.europesays.com\/pl\/wp-json\/wp\/v2\/media\/525530"}],"wp:attachment":[{"href":"https:\/\/www.europesays.com\/pl\/wp-json\/wp\/v2\/media?parent=525529"}],"wp:term":[{"taxonomy":"category","embeddable":true,"href":"https:\/\/www.europesays.com\/pl\/wp-json\/wp\/v2\/categories?post=525529"},{"taxonomy":"post_tag","embeddable":true,"href":"https:\/\/www.europesays.com\/pl\/wp-json\/wp\/v2\/tags?post=525529"}],"curies":[{"name":"wp","href":"https:\/\/api.w.org\/{rel}","templated":true}]}}