{"id":525679,"date":"2026-06-30T08:14:08","date_gmt":"2026-06-30T08:14:08","guid":{"rendered":"https:\/\/www.europesays.com\/pl\/525679\/"},"modified":"2026-06-30T08:14:08","modified_gmt":"2026-06-30T08:14:08","slug":"nawrocki-na-fali-domanski-mowi-o-rosnacym-nacjonalizmie","status":"publish","type":"post","link":"https:\/\/www.europesays.com\/pl\/525679\/","title":{"rendered":"Nawrocki na fali. Doma\u0144ski m\u00f3wi o &#8222;rosn\u0105cym nacjonalizmie&#8221;"},"content":{"rendered":"\n<p>&#13;<br \/>\nW sonda\u017cu IBRiS dla\u00a0Polsat News respondent\u00f3w zapytano, jak oceniaj\u0105 dzia\u0142alno\u015b\u0107 prezydenta Karola Nawrockiego. Z\u00a0aktywno\u015bci g\u0142owy pa\u0144stwa zadowolonych jest 51,7 proc. badanych, z\u00a0czego 30,7 proc. &#8222;zdecydowanie&#8221;, a\u00a021 proc. \u2013\u00a0&#8222;raczej&#8221;. Z\u00a0kolei negatywnie dzia\u0142alno\u015b\u0107 prezydenta ocenia 38,9 proc. ankietowanych, w\u00a0tym 14,3 proc. &#8222;raczej&#8221;, za\u015b\u00a024,6 proc. \u2013\u00a0&#8222;zdecydowanie&#8221;. 9,3 proc. pytanych nie\u00a0potrafi\u0142o zaj\u0105\u0107 jasnego stanowiska w\u00a0tej sprawie. &#13;\n<\/p>\n<p>&#13;<br \/>\nNawrocki jest oceniany lepiej w\u00a0por\u00f3wnaniu z\u00a0sonda\u017cem z\u00a0prze\u0142omu maja i\u00a0czerwca. Wtedy z\u00a0jego dzia\u0142alno\u015bci zadowolonych by\u0142o 48,1 proc. uczestnik\u00f3w badania, natomiast niezadowolonych \u2013\u00a047,9 proc. Zdania na\u00a0ten temat nie\u00a0mia\u0142o 4\u00a0proc. respondent\u00f3w. &#13;\n<\/p>\n<p>Doma\u0144ski o\u00a0wzro\u015bcie poparcia dla\u00a0Nawrockiego<\/p>\n<p>&#13;<br \/>\nZdaniem ministra finans\u00f3w Andrzeja Doma\u0144skiego, na\u00a0<a href=\"https:\/\/dorzeczy.pl\/kraj\/908251\/polacy-ocenili-dzialalnosc-nawrockiego-wyniki-sondazu.html\" rel=\"nofollow noopener\" target=\"_blank\">wzrost poparcia<\/a> dla\u00a0prezydenta Karola Nawrockiego mog\u0142a wp\u0142yn\u0105\u0107 decyzja o\u00a0odebraniu Orderu Or\u0142a Bia\u0142ego przyw\u00f3dcy Ukrainy Wo\u0142odymyrowi Ze\u0142enskiemu. \u2013\u00a0Wiemy, jak ca\u0142a historia si\u0119 zacz\u0119\u0142a i\u00a0ten rosn\u0105cy nacjonalizm, rosn\u0105ca wrogo\u015b\u0107 po\u00a0obu stronach, r\u00f3wnie\u017c w\u00a0debacie publicznej, a\u00a0tak\u017ce to, co\u00a0pojawia si\u0119 w\u00a0tej chwili coraz cz\u0119\u015bciej w\u00a0mediach spo\u0142eczno\u015bciowych, m\u00f3wi\u0105c wprost, nienawi\u015b\u0107, to\u00a0naprawd\u0119 nie\u00a0s\u0142u\u017cy nikomu, nie\u00a0s\u0142u\u017cy te\u017c Polsce \u2013\u00a0skomentowa\u0142 polityk Koalicji Obywatelskiej w\u00a0programie &#8222;Graffiti&#8221; w\u00a0Polsat News. &#13;\n<\/p>\n<p>&#13;<br \/>\nDoma\u0144ski zosta\u0142 r\u00f3wnie\u017c zapytany o\u00a0kwesti\u0119 wet, kt\u00f3re zdaj\u0105 si\u0119 nie\u00a0wp\u0142ywa\u0107 negatywnie na\u00a0nastawienie spo\u0142ecze\u0144stwa wobec g\u0142owy pa\u0144stwa. Szef resortu finans\u00f3w stwierdzi\u0142, \u017ce\u00a0&#8222;prezydent rekordowo du\u017co wetuje, blokuje wa\u017cne ustawy, dzi\u0119ki kt\u00f3rym polska gospodarka mog\u0142aby rozwija\u0107 si\u0119 jeszcze lepiej, dzi\u0119ki kt\u00f3rym stan finans\u00f3w publicznych by\u0142by silniejszy&#8221;. \u2013\u00a0Oczywi\u015bcie nie\u00a0wiemy, na\u00a0ile ten wzrost w\u00a0sonda\u017cach jest wzrostem trwa\u0142ym. Wiemy, \u017ce\u00a0akurat te\u00a0s\u0142upki zaufania do\u00a0polityk\u00f3w podlegaj\u0105 bardzo du\u017cym wahaniom \u2013\u00a0oceni\u0142. &#13;\n<\/p>\n<p>&#13;<br \/>\nCzytaj te\u017c:<br \/><a href=\"https:\/\/dorzeczy.pl\/kraj\/908095\/polska-wstrzyma-pomoc-dla-ukrainy-rzecznik-nawrockiego-zabral-glos.html\" rel=\"follow nofollow noopener\" data-schema=\"DORZECZY\" data-image=\"https:\/\/img.dorzeczy.pl\/_thumb\/f4\/71\/3eee8d1ced6be77d62c34dd7fa66.jpeg\" target=\"_blank\">Polska wstrzyma pomoc dla\u00a0Ukrainy? Rzecznik Nawrockiego zabra\u0142 g\u0142os<\/a>Czytaj te\u017c:<br \/><a href=\"https:\/\/dorzeczy.pl\/kraj\/908023\/tzw-milczaca-zgoda-prezydent-podpisal-wazna-ustawe.html\" rel=\"follow nofollow noopener\" data-schema=\"DORZECZY\" data-image=\"https:\/\/img.dorzeczy.pl\/_thumb\/a7\/b2\/06da915dc51af4aaba3fb8952395.jpeg\" target=\"_blank\">Prezydent podpisa\u0142 wa\u017cn\u0105 ustaw\u0119. Uproszczenie niekt\u00f3rych procedur<\/a>&#13;<\/p>\n","protected":false},"excerpt":{"rendered":"&#13; W sonda\u017cu IBRiS dla\u00a0Polsat News respondent\u00f3w zapytano, jak oceniaj\u0105 dzia\u0142alno\u015b\u0107 prezydenta Karola Nawrockiego. Z\u00a0aktywno\u015bci g\u0142owy pa\u0144stwa zadowolonych&hellip;\n","protected":false},"author":2,"featured_media":525680,"comment_status":"","ping_status":"","sticky":false,"template":"","format":"standard","meta":{"footnotes":"","_share_on_mastodon":"0"},"categories":[62712],"tags":[662,389,98,690,49,1315,102,366],"class_list":["post-525679","post","type-post","status-publish","format-standard","has-post-thumbnail","category-karol-nawrocki","tag-dawid-sienkowski","tag-domanski","tag-dorzeczy","tag-karol-nawrocki","tag-kraj","tag-nawrocki","tag-opinie","tag-sondaz"],"share_on_mastodon":{"url":"https:\/\/pubeurope.com\/@pl\/116838063503236608","error":""},"_links":{"self":[{"href":"https:\/\/www.europesays.com\/pl\/wp-json\/wp\/v2\/posts\/525679","targetHints":{"allow":["GET"]}}],"collection":[{"href":"https:\/\/www.europesays.com\/pl\/wp-json\/wp\/v2\/posts"}],"about":[{"href":"https:\/\/www.europesays.com\/pl\/wp-json\/wp\/v2\/types\/post"}],"author":[{"embeddable":true,"href":"https:\/\/www.europesays.com\/pl\/wp-json\/wp\/v2\/users\/2"}],"replies":[{"embeddable":true,"href":"https:\/\/www.europesays.com\/pl\/wp-json\/wp\/v2\/comments?post=525679"}],"version-history":[{"count":0,"href":"https:\/\/www.europesays.com\/pl\/wp-json\/wp\/v2\/posts\/525679\/revisions"}],"wp:featuredmedia":[{"embeddable":true,"href":"https:\/\/www.europesays.com\/pl\/wp-json\/wp\/v2\/media\/525680"}],"wp:attachment":[{"href":"https:\/\/www.europesays.com\/pl\/wp-json\/wp\/v2\/media?parent=525679"}],"wp:term":[{"taxonomy":"category","embeddable":true,"href":"https:\/\/www.europesays.com\/pl\/wp-json\/wp\/v2\/categories?post=525679"},{"taxonomy":"post_tag","embeddable":true,"href":"https:\/\/www.europesays.com\/pl\/wp-json\/wp\/v2\/tags?post=525679"}],"curies":[{"name":"wp","href":"https:\/\/api.w.org\/{rel}","templated":true}]}}