{"id":525895,"date":"2026-06-30T10:34:18","date_gmt":"2026-06-30T10:34:18","guid":{"rendered":"https:\/\/www.europesays.com\/pl\/525895\/"},"modified":"2026-06-30T10:34:18","modified_gmt":"2026-06-30T10:34:18","slug":"donald-tusk-spotka-sie-z-szefem-nfz-glowny-temat-zarobki-lekarzy","status":"publish","type":"post","link":"https:\/\/www.europesays.com\/pl\/525895\/","title":{"rendered":"Donald Tusk spotka si\u0119 z szefem NFZ. G\u0142\u00f3wny temat: zarobki lekarzy"},"content":{"rendered":"<p>Spotkanie premiera z prezesem NFZ. &#8222;Wytyczenie punkt\u00f3w komunikacyjnych&#8221;<\/p>\n<p class=\"font-primary mb-8 text-lg leading-[1.55] [&amp;_a]:text-[#23437D] [&amp;_a]:underline [&amp;_a]:font-bold\">Rozmowa z szefow\u0105 resortu Jolant\u0105 Sobiera\u0144sk\u0105-Grend\u0105 i prezesem Filipem Nowakiem ma si\u0119 wpisywa\u0107 w typow\u0105 strategi\u0119 przy wprowadzaniu zmian legislacyjnych &#8211; oceni\u0142 na antenie TVP Info zast\u0119pca szefa Kancelarii Premiera Jakub Stefaniak.<\/p>\n<p>Redakcja poleca<\/p>\n<p class=\"font-primary mb-8 text-lg leading-[1.55] [&amp;_a]:text-[#23437D] [&amp;_a]:underline [&amp;_a]:font-bold\">&#8211; Przed og\u0142oszeniem publicznie pewnych <a href=\"https:\/\/polskieradio24.pl\/polska\/system-ochrony-zdrowia-u-progu-powaznej-reformy-oto-pomysly-koalicji\" rel=\"nofollow noopener\" target=\"_blank\">zmian, nad kt\u00f3rymi pracuje Ministerstwo Zdrowia,<\/a> dochodzi do takiego spotkania zawsze, by podsumowa\u0107 te prace i wytyczy\u0107 sobie pewnego rodzaju punkty komunikacyjne &#8211; stwierdzi\u0142 Stefaniak.\u00a0<\/p>\n<p class=\"font-primary mb-8 text-lg leading-[1.55] [&amp;_a]:text-[#23437D] [&amp;_a]:underline [&amp;_a]:font-bold\">Doda\u0142, \u017ce &#8222;komunikacja jest bardzo wa\u017cna&#8221;. &#8211; \u017beby nie budzi\u0142o w\u0105tpliwo\u015bci to, co rz\u0105d chce zrobi\u0107, jakie ma intencje &#8211; powiedzia\u0142.<\/p>\n<p>Zarobki lekarzy a PESEL. Nowa ustawa<\/p>\n<p class=\"font-primary mb-8 text-lg leading-[1.55] [&amp;_a]:text-[#23437D] [&amp;_a]:underline [&amp;_a]:font-bold\">Premier Donald Tusk zapowiedzia\u0142 rozmow\u0119 z kierownictwem Narodowego Funduszu Zdrowia tydzie\u0144 temu. Ma to zwi\u0105zek z afer\u0105 w Szpitalu Po\u0142udniowym w Warszawie, gdzie koordynator oddzia\u0142u ratunkowego, lekarz bez specjalizacji, zarobi\u0142 w ubieg\u0142ym roku ponad p\u00f3\u0142tora miliona z\u0142otych. Premier m\u00f3wi\u0142, \u017ce liczy na szybkie dzia\u0142anie w tej sprawie. Oczekuje te\u017c odwa\u017cniejszych propozycji ustawowych dotycz\u0105cych <a href=\"https:\/\/polskieradio24.pl\/polityka\/reforma-ochrony-zdrowia-lubnauer-za-naszych-poprzednikow-nie-dokonano-zadnych-zmian\" rel=\"nofollow noopener\" target=\"_blank\">naprawy systemu ochrony zdrowia.<\/a><\/p>\n<p class=\"font-primary mb-8 text-lg leading-[1.55] [&amp;_a]:text-[#23437D] [&amp;_a]:underline [&amp;_a]:font-bold\">Niedawno uchwalona zosta\u0142a ustawa, kt\u00f3ra ma pozwoli\u0107 na powi\u0105zanie numeru PESEL lub numeru prawa wykonywania zawodu z zarobkami lekarzy. Takie dane b\u0119dzie mog\u0142a zbiera\u0107 Agencja Oceny Technologii Medycznych i Taryfikacji. Ustawa trafi\u0142a ju\u017c na biurko prezydenta.<\/p>\n<p>Redakcja poleca<\/p>\n","protected":false},"excerpt":{"rendered":"Spotkanie premiera z prezesem NFZ. &#8222;Wytyczenie punkt\u00f3w komunikacyjnych&#8221; Rozmowa z szefow\u0105 resortu Jolant\u0105 Sobiera\u0144sk\u0105-Grend\u0105 i prezesem Filipem Nowakiem&hellip;\n","protected":false},"author":2,"featured_media":525896,"comment_status":"","ping_status":"","sticky":false,"template":"","format":"standard","meta":{"footnotes":"","_share_on_mastodon":"0"},"categories":[62713],"tags":[1345,11341,253],"class_list":["post-525895","post","type-post","status-publish","format-standard","has-post-thumbnail","category-donald-tusk","tag-donald-tusk","tag-ministerstwo-zdrowia","tag-zdrowie"],"share_on_mastodon":{"url":"https:\/\/pubeurope.com\/@pl\/116838614032086864","error":""},"_links":{"self":[{"href":"https:\/\/www.europesays.com\/pl\/wp-json\/wp\/v2\/posts\/525895","targetHints":{"allow":["GET"]}}],"collection":[{"href":"https:\/\/www.europesays.com\/pl\/wp-json\/wp\/v2\/posts"}],"about":[{"href":"https:\/\/www.europesays.com\/pl\/wp-json\/wp\/v2\/types\/post"}],"author":[{"embeddable":true,"href":"https:\/\/www.europesays.com\/pl\/wp-json\/wp\/v2\/users\/2"}],"replies":[{"embeddable":true,"href":"https:\/\/www.europesays.com\/pl\/wp-json\/wp\/v2\/comments?post=525895"}],"version-history":[{"count":0,"href":"https:\/\/www.europesays.com\/pl\/wp-json\/wp\/v2\/posts\/525895\/revisions"}],"wp:featuredmedia":[{"embeddable":true,"href":"https:\/\/www.europesays.com\/pl\/wp-json\/wp\/v2\/media\/525896"}],"wp:attachment":[{"href":"https:\/\/www.europesays.com\/pl\/wp-json\/wp\/v2\/media?parent=525895"}],"wp:term":[{"taxonomy":"category","embeddable":true,"href":"https:\/\/www.europesays.com\/pl\/wp-json\/wp\/v2\/categories?post=525895"},{"taxonomy":"post_tag","embeddable":true,"href":"https:\/\/www.europesays.com\/pl\/wp-json\/wp\/v2\/tags?post=525895"}],"curies":[{"name":"wp","href":"https:\/\/api.w.org\/{rel}","templated":true}]}}