{"id":525963,"date":"2026-06-30T11:17:11","date_gmt":"2026-06-30T11:17:11","guid":{"rendered":"https:\/\/www.europesays.com\/pl\/525963\/"},"modified":"2026-06-30T11:17:11","modified_gmt":"2026-06-30T11:17:11","slug":"krakow-flydubai-rewiduje-plany-konkurencja-wymusila-wzrost-oferowania","status":"publish","type":"post","link":"https:\/\/www.europesays.com\/pl\/525963\/","title":{"rendered":"Krak\u00f3w. flydubai rewiduje plany. Konkurencja wymusi\u0142a wzrost oferowania"},"content":{"rendered":"<p>flydubai zrewidowa\u0142 plany dotycz\u0105ce wakacyjnej siatki po\u0142\u0105cze\u0144 do Krakowa. Zamiast siedmiu rejs\u00f3w tygodniowo od 20 lipca emiracki przewo\u017anik b\u0119dzie realizowa\u0142 10 lot\u00f3w tygodniowo. Decyzja o wcze\u015bniejszym zwi\u0119kszeniu liczby operacji jest efektem przede wszystkim rosn\u0105cej presji konkurencyjnej ze strony innych linii lotniczych z Zatoki Perskiej rozwijaj\u0105cych ma\u0142opolsk\u0105 ofert\u0119 w szczycie sezonu letniego.  <\/p>\n<p>Jeszcze kilkana\u015bcie dni temu <a href=\"https:\/\/www.rynek-lotniczy.pl\/wiadomosci\/flydubai-drastycznie-ograniczyl-loty-do-krakowa-wojna-na-bliskim-wschodzie-zmienia-wakacyjny-krajobraz-28042.html\" target=\"_blank\" rel=\"nofollow noopener\">wakacyjna oferta flydubai na trasie Dubaj \u2013 Krak\u00f3w<\/a> zosta\u0142a znacz\u0105co ograniczona. Po wcze\u015bniejszych korektach rozk\u0142adu, b\u0119d\u0105cych nast\u0119pstwem napi\u0119tej sytuacji geopolitycznej na Bliskim Wschodzie i konfliktu ameryka\u0144sko-izraelsko-ira\u0144skiego, przewo\u017anik planowa\u0142 od 20 lipca wykonywa\u0107 zaledwie siedem rotacji tygodniowo, podczas gdy w poprzednich sezonach letnich oferowa\u0142 nawet 17 lot\u00f3w w tygodniu.<\/p>\n<p>Z siedmiu do dziesi\u0119ciu lot\u00f3w tygodniowo<br \/>Emirackie linie lotnicze zrewidowa\u0142y jednak swoje plany operacyjne. Nowy rozk\u0142ad zak\u0142ada realizacj\u0119 10 lot\u00f3w tygodniowo mi\u0119dzy Dubajem a Krakowem. Dodatkowe rejsy pojawi\u0105 si\u0119 w dniach najwi\u0119kszego popytu \u2013 w pi\u0105tki, soboty i niedziele, kiedy <br \/>zaplanowano po dwie rotacje dziennie. Oznacza to, \u017ce zamiast jednego codziennego po\u0142\u0105czenia od 20 lipca pasa\u017cerowie zyskaj\u0105 trzy dodatkowe loty tygodniowo. Co istotne, wed\u0142ug wcze\u015bniejszego harmonogramu przywr\u00f3cenie oferty obejmuj\u0105cej 10 cotygodniowych rotacji mia\u0142o nast\u0105pi\u0107 dopiero 1 pa\u017adziernika, ju\u017c po zako\u0144czeniu szczytu sezonu letniego.<\/p>\n<p>Najnowsza aktualizacja rozk\u0142adu pozwoli cz\u0119\u015bciowo odbudowa\u0107 poda\u017c na trasie Dubaj \u2013 Krak\u00f3w. Przy siedmiu rejsach tygodniowo flydubai b\u0119dzie oferowa\u0142 1162 fotele w jedn\u0105 stron\u0119. Po zwi\u0119kszeniu liczby operacji do 10 tygodniowo poda\u017c wzro\u015bnie o 498 miejsc, co oznacza odbudow\u0119 oferty do poziomu 58 proc. z analogicznego okresu ubieg\u0142ego roku. Dla por\u00f3wnania, w szczycie sezonu letniego 2025 emiracki przewo\u017anik udost\u0119pnia\u0142 na trasie 2822 miejsca tygodniowo w jedn\u0105 stron\u0119.<\/p>\n<p>Na korzy\u015b\u0107 przewo\u017anika dzia\u0142a r\u00f3wnie\u017c poprawa warunk\u00f3w operacyjnych. W okresie zaostrzenia sytuacji bezpiecze\u0144stwa na Bliskim Wschodzie samoloty flydubai wykonywa\u0142y rejsy do Krakowa tras\u0105 prowadz\u0105c\u0105 przez Arabi\u0119 Saudyjsk\u0105 i Egipt, co wyd\u0142u\u017ca\u0142o czas lotu do oko\u0142o siedmiu godzin. Obecnie przewo\u017anik korzysta z korytarza powietrznego nad Arabi\u0105 Saudyjsk\u0105, Jordani\u0105 i Syri\u0105, dzi\u0119ki czemu czas przelotu w obu kierunkach skr\u00f3ci\u0142 si\u0119 do oko\u0142o pi\u0119ciu godzin i 30 minut.<\/p>\n<p>Powr\u00f3t do wykorzystywania syryjskiej przestrzeni powietrznej by\u0142 mo\u017cliwy dzi\u0119ki zmianom politycznym, jakie zasz\u0142y w tym kraju po upadku re\u017cimu Baszszara al-Asada. Nast\u0119puj\u0105ca po zmianie w\u0142adzy normalizacja relacji z pa\u0144stwami Zachodu oraz stopniowe znoszenie sankcji na\u0142o\u017conych na Damaszek doprowadzi\u0142y do ponownego otwarcia syryjskiej przestrzeni powietrznej dla mi\u0119dzynarodowego ruchu lotniczego. Dla przewo\u017anik\u00f3w z regionu Zatoki Perskiej oznacza to mo\u017cliwo\u015b\u0107 realizacji kr\u00f3tszych i bardziej efektywnych kosztowo tras do Europy.<\/p>\n<p>Konkurencja nie odpuszcza w szczycie sezonu<br \/>Nie bez znaczenia pozostaje jednak tak\u017ce sytuacja konkurencyjna. W szczycie sezonu letniego flydubai b\u0119dzie musia\u0142 rywalizowa\u0107 nie tylko z bezpo\u015brednimi konkurentami z regionu Zatoki Perskiej, lecz tak\u017ce z liniami lotniczymi rozwijaj\u0105cymi ofert\u0119 do Ma\u0142opolski z s\u0105siednich pa\u0144stw Bliskiego Wschodu.<\/p>\n<p>Swoj\u0105 obecno\u015b\u0107 w Krakowie wzmacniaj\u0105 bowiem Etihad Airways, kt\u00f3re zdecydowa\u0142y o <a href=\"https:\/\/www.rynek-lotniczy.pl\/wiadomosci\/etihad-zwieksza-oferowanie-do-krakowa-dojdzie-czwarty-lot-tygodniowo--28171.html\" target=\"_blank\" rel=\"nofollow noopener\">zwi\u0119kszeniu liczby rejs\u00f3w mi\u0119dzy Abu Zabi a Balicami<\/a> do czterech lot\u00f3w tygodniowo. Jednocze\u015bnie saudyjski flynas b\u0119dzie wykonywa\u0142 <a href=\"https:\/\/www.rynek-lotniczy.pl\/wiadomosci\/flynas-ponownie-zwieksza-liczbe-lotow-rijad--krakow-w-sierpniu-piec-rejsow-tygodniowo--28146.html\" target=\"_blank\" rel=\"nofollow noopener\">pi\u0119\u0107 lot\u00f3w tygodniowo na trasie Rijad \u2013 Krak\u00f3w<\/a>, a ju\u017c w najbli\u017cszych dniach <a href=\"https:\/\/www.rynek-lotniczy.pl\/wiadomosci\/flynas-zwiekszy-oferowanie-jeszcze-bardziej-w-krakowie--28196.html\" target=\"_blank\" rel=\"nofollow noopener\">do sprzeda\u017cy ma trafi\u0107 sz\u00f3sta cotygodniowa rotacja<\/a>, kt\u00f3ra jeszcze bardziej zwi\u0119kszy poda\u017c miejsc oferowanych przez przewo\u017anika.<\/p>\n<p>W tej sytuacji utrzymanie przez flydubai jedynie siedmiu lot\u00f3w tygodniowo mog\u0142oby oznacza\u0107 oddanie cz\u0119\u015bci rynku konkurentom w najbardziej dochodowym okresie roku. Decyzja o zwi\u0119kszeniu liczby rejs\u00f3w do 10 tygodniowo pozwala przewo\u017anikowi lepiej wykorzysta\u0107 wakacyjny popyt z Zatoki Perskiej do Ma\u0142opolski oraz zachowa\u0107 konkurencyjno\u015b\u0107 wobec dynamicznie rozwijaj\u0105cej si\u0119 oferty innych linii lotniczych z regionu.<\/p>\n<p>Cho\u0107 obecny rozk\u0142ad pozostaje wyra\u017anie skromniejszy od rekordowych sezon\u00f3w, kiedy flydubai oferowa\u0142 nawet 17 rotacji tygodniowo, najnowsza korekta pokazuje, \u017ce przewo\u017anik elastycznie reaguje zar\u00f3wno na zmieniaj\u0105ce si\u0119 uwarunkowania geopolityczne i operacyjne, jak i na sytuacj\u0119 rynkow\u0105. W efekcie letnia oferta zostanie zauwa\u017calnie wzmocniona wzgl\u0119dem wcze\u015bniejszych za\u0142o\u017ce\u0144, a pasa\u017cerowie zyskaj\u0105 wi\u0119kszy wyb\u00f3r termin\u00f3w podr\u00f3\u017cy w najbardziej intensywnym okresie wakacyjnych przewoz\u00f3w.<\/p>\n","protected":false},"excerpt":{"rendered":"flydubai zrewidowa\u0142 plany dotycz\u0105ce wakacyjnej siatki po\u0142\u0105cze\u0144 do Krakowa. Zamiast siedmiu rejs\u00f3w tygodniowo od 20 lipca emiracki przewo\u017anik&hellip;\n","protected":false},"author":2,"featured_media":525964,"comment_status":"","ping_status":"","sticky":false,"template":"","format":"standard","meta":{"footnotes":"","_share_on_mastodon":"0"},"categories":[51606],"tags":[94797,24322,1304,48033,42,38,40,39,41,53247,60559],"class_list":["post-525963","post","type-post","status-publish","format-standard","has-post-thumbnail","category-krakow","tag-flydubai","tag-konkurencja","tag-krakow","tag-krakow-airport","tag-pl","tag-poland","tag-polish","tag-polska","tag-polski","tag-port-lotniczy-krakow-balice","tag-wiecej-polaczen"],"share_on_mastodon":{"url":"https:\/\/pubeurope.com\/@pl\/116838783004947503","error":""},"_links":{"self":[{"href":"https:\/\/www.europesays.com\/pl\/wp-json\/wp\/v2\/posts\/525963","targetHints":{"allow":["GET"]}}],"collection":[{"href":"https:\/\/www.europesays.com\/pl\/wp-json\/wp\/v2\/posts"}],"about":[{"href":"https:\/\/www.europesays.com\/pl\/wp-json\/wp\/v2\/types\/post"}],"author":[{"embeddable":true,"href":"https:\/\/www.europesays.com\/pl\/wp-json\/wp\/v2\/users\/2"}],"replies":[{"embeddable":true,"href":"https:\/\/www.europesays.com\/pl\/wp-json\/wp\/v2\/comments?post=525963"}],"version-history":[{"count":0,"href":"https:\/\/www.europesays.com\/pl\/wp-json\/wp\/v2\/posts\/525963\/revisions"}],"wp:featuredmedia":[{"embeddable":true,"href":"https:\/\/www.europesays.com\/pl\/wp-json\/wp\/v2\/media\/525964"}],"wp:attachment":[{"href":"https:\/\/www.europesays.com\/pl\/wp-json\/wp\/v2\/media?parent=525963"}],"wp:term":[{"taxonomy":"category","embeddable":true,"href":"https:\/\/www.europesays.com\/pl\/wp-json\/wp\/v2\/categories?post=525963"},{"taxonomy":"post_tag","embeddable":true,"href":"https:\/\/www.europesays.com\/pl\/wp-json\/wp\/v2\/tags?post=525963"}],"curies":[{"name":"wp","href":"https:\/\/api.w.org\/{rel}","templated":true}]}}