{"id":526257,"date":"2026-06-30T14:12:16","date_gmt":"2026-06-30T14:12:16","guid":{"rendered":"https:\/\/www.europesays.com\/pl\/526257\/"},"modified":"2026-06-30T14:12:16","modified_gmt":"2026-06-30T14:12:16","slug":"zamach-bombowy-w-monako-zona-ukrainskiego-oligarchy-w-szpitalu","status":"publish","type":"post","link":"https:\/\/www.europesays.com\/pl\/526257\/","title":{"rendered":"Zamach bombowy w Monako. \u017bona ukrai\u0144skiego oligarchy w szpitalu"},"content":{"rendered":"<p>Do eksplozji dosz\u0142o w luksusowych apartamentach Sun Palace, gdzie mieszka para. Zamachowiec pozostawi\u0142 w holu budynku plecak wype\u0142niony \u015brubami i nakr\u0119tkami, kt\u00f3ry eksplodowa\u0142 wieczorem 30 czerwca. Monitoring zarejestrowa\u0142 wizerunek sprawcy, kt\u00f3ry \u2014 wed\u0142ug policyjnych \u017ar\u00f3de\u0142 \u2014 jest &#8222;uzbrojony i bardzo niebezpieczny&#8221; i wci\u0105\u017c pozostaje na wolno\u015bci.<\/p>\n<p class=\"ods-o-frame-in-text__paragraph\">DOWIEDZ SI\u0118 WI\u0118CEJ O UKRAI\u0143SKICH OLIGARCHACH<\/p>\n<p>   <img class=\"ods-a-photo ods-a-photo--background\" src=\"https:\/\/www.europesays.com\/pl\/wp-content\/uploads\/2026\/06\/6KFk9lBaHR0cHM6Ly9vY2RuLmV1L3B1bHNjbXMvTURBXy9hNTMzM2Y2MzEyNzcwY2NkYWY0MDEwMDhhMjA5MmU3Ny5qcGeRlQLNA.jpeg\" height=\"300\" width=\"450\" alt=\"Wo\u0142odymyr Ze\u0142enski \" loading=\"lazy\" fetchpriority=\"low\" decoding=\"async\"\/>  <\/p>\n<p>Sekretarz stanu Monako Christophe Mirmand potwierdza: &#8222;Ustalono, \u017ce m\u0119\u017cczyzna kilkukrotnie obje\u017cd\u017ca\u0142 okolic\u0119 przed wybuchem, co pozwoli\u0142o mu czyha\u0107 na swoje ofiary. To wyra\u017anie wskazuje na wcze\u015bniejsz\u0105 obserwacj\u0119&#8221;.<\/p>\n<p>W eksplozji ranni zostali r\u00f3wnie\u017c Wadim Jermo\u0142ajew oraz nastoletni syn Ukrai\u0144c\u00f3w David, kt\u00f3rego stan okre\u015blany jest jako stabilny. Cztery kolejne osoby trafi\u0142y pod opiek\u0119 ratownik\u00f3w z powodu szoku i drobnych obra\u017ce\u0144.<\/p>\n<p>Jermo\u0142ajewowie zostali przewiezieni do specjalnie zabezpieczonych sal w szpitalu Pasteura w Nicei, gdzie nad ich bezpiecze\u0144stwem czuwa elitarna jednostka RAID \u2014 formacja francuskiej policji do walki z terroryzmem i ochrony VIP-\u00f3w.<\/p>\n<p>58-letni ukrai\u0144ski biznesmen zbudowa\u0142 fortun\u0119 na handlu po upadku ZSRR. Przez ostatni\u0105 dekad\u0119 mieszka\u0142 poza Ukrain\u0105, gdzie \u2014 jak sam twierdzi\u0142 \u2014 nie m\u00f3g\u0142 liczy\u0107 na sprawiedliwy system podatkowy. W 2019 r. przyj\u0105\u0142 obywatelstwo cypryjskie. Jego firma Alef Group dzia\u0142a\u0142a g\u0142\u00f3wnie w Dnieprze, a on sam znany by\u0142 z luksusowego stylu \u017cycia \u2014 bentley z ukrai\u0144skimi tablicami przed kasynem Monte Carlo czy superjacht pod ukrai\u0144sk\u0105 bander\u0105 to tylko niekt\u00f3re symbole jego statusu.<\/p>\n<p>Atak bombowy w sercu Monako to wydarzenie bez precedensu w najnowszej historii tego niewielkiego pa\u0144stwa.<\/p>\n","protected":false},"excerpt":{"rendered":"Do eksplozji dosz\u0142o w luksusowych apartamentach Sun Palace, gdzie mieszka para. Zamachowiec pozostawi\u0142 w holu budynku plecak wype\u0142niony&hellip;\n","protected":false},"author":2,"featured_media":526258,"comment_status":"","ping_status":"","sticky":false,"template":"","format":"standard","meta":{"footnotes":"","_share_on_mastodon":"0"},"categories":[14],"tags":[61195,32,33,27,34,35,946,28,31,48,25,46,55,40,41,47,80,29,30,415,26,82,83,84],"class_list":["post-526257","post","type-post","status-publish","format-standard","has-post-thumbnail","category-swiat","tag-bottomfeed_styl","tag-breaking-news","tag-breakingnews","tag-headlines","tag-latest-news","tag-latestnews","tag-monako","tag-naglowki","tag-najwazniejsze-artykuly","tag-nat_styl","tag-news","tag-omp","tag-phx","tag-polish","tag-polski","tag-screening_general","tag-swiat","tag-top-stories","tag-topstories","tag-ukraina","tag-wiadomosci","tag-world","tag-world-news","tag-worldnews"],"share_on_mastodon":{"url":"https:\/\/pubeurope.com\/@pl\/116839471406849791","error":""},"_links":{"self":[{"href":"https:\/\/www.europesays.com\/pl\/wp-json\/wp\/v2\/posts\/526257","targetHints":{"allow":["GET"]}}],"collection":[{"href":"https:\/\/www.europesays.com\/pl\/wp-json\/wp\/v2\/posts"}],"about":[{"href":"https:\/\/www.europesays.com\/pl\/wp-json\/wp\/v2\/types\/post"}],"author":[{"embeddable":true,"href":"https:\/\/www.europesays.com\/pl\/wp-json\/wp\/v2\/users\/2"}],"replies":[{"embeddable":true,"href":"https:\/\/www.europesays.com\/pl\/wp-json\/wp\/v2\/comments?post=526257"}],"version-history":[{"count":0,"href":"https:\/\/www.europesays.com\/pl\/wp-json\/wp\/v2\/posts\/526257\/revisions"}],"wp:featuredmedia":[{"embeddable":true,"href":"https:\/\/www.europesays.com\/pl\/wp-json\/wp\/v2\/media\/526258"}],"wp:attachment":[{"href":"https:\/\/www.europesays.com\/pl\/wp-json\/wp\/v2\/media?parent=526257"}],"wp:term":[{"taxonomy":"category","embeddable":true,"href":"https:\/\/www.europesays.com\/pl\/wp-json\/wp\/v2\/categories?post=526257"},{"taxonomy":"post_tag","embeddable":true,"href":"https:\/\/www.europesays.com\/pl\/wp-json\/wp\/v2\/tags?post=526257"}],"curies":[{"name":"wp","href":"https:\/\/api.w.org\/{rel}","templated":true}]}}