{"id":526290,"date":"2026-06-30T14:31:10","date_gmt":"2026-06-30T14:31:10","guid":{"rendered":"https:\/\/www.europesays.com\/pl\/526290\/"},"modified":"2026-06-30T14:31:10","modified_gmt":"2026-06-30T14:31:10","slug":"polska-finlandia-litwa-lotwa-i-estonia-doszly-do-jednego-wniosku-chca-miec-bron-jadrowa-komentarz","status":"publish","type":"post","link":"https:\/\/www.europesays.com\/pl\/526290\/","title":{"rendered":"Polska, Finlandia, Litwa, \u0141otwa i Estonia dosz\u0142y do jednego wniosku. Chc\u0105 mie\u0107 bro\u0144 j\u0105drow\u0105 [KOMENTARZ]"},"content":{"rendered":"<p>Vitold Jancys jest dziennikarzem oraz ekspertem w dziedzinie Europy Wschodniej i pa\u0144stw ba\u0142tyckich.<\/p>\n<p>Przysz\u0142y premier Litwy, lider socjaldemokrat\u00f3w Mindaugas Sinkevicius, o\u015bwiadczy\u0142, \u017ce popiera usuni\u0119cie z konstytucji kraju zapisu zakazuj\u0105cego rozmieszczania na jej terytorium broni masowego ra\u017cenia.<\/p>\n<p>W \u015bwiecie, w kt\u00f3rym Rosja otwarcie stosuje szanta\u017c nuklearny, kraje w rosyjskim s\u0105siedztwie dochodz\u0105 do prostego i cynicznego wniosku: aby zachowa\u0107 niezale\u017cno\u015b\u0107, potrzebna jest bomba \u2014 i to najlepiej nie jedna. To, co pisz\u0119, wydaje si\u0119 blu\u017anierstwem?<\/p>\n<p>Tak, brzmi to niew\u0142a\u015bciwie. Nie powinno tak by\u0107. Bomba atomowa nie jest czym\u015b, co mo\u017cna by &#8222;polubi\u0107&#8221;. To bro\u0144 masowego ra\u017cenia ludzi i chcia\u0142oby si\u0119, aby jej jedyn\u0105 funkcj\u0105 \u2014 skoro ju\u017c istnieje \u2014 by\u0142o jedynie straszenie. I aby nigdy nie zosta\u0142a u\u017cyta w rzeczywisto\u015bci.<\/p>\n<p>Ale w\u0142a\u015bnie dlatego gro\u017aba u\u017cycia bomby atomowej dzia\u0142a. Nawet tak wielki kraj, jak Rosja po zniszczeniu kluczowych element\u00f3w infrastruktury krytycznej cofnie si\u0119 do epoki kamienia \u0142upanego. W\u0105tpliwo\u015bci etyczne, kwestie sumienia i moralno\u015bci s\u0105 dla s\u0105siad\u00f3w Rosji niedopuszczalnym luksusem. Na Kremlu uwa\u017ca si\u0119 je za oznak\u0119 s\u0142abo\u015bci i upadku \u2014 i stanowi\u0105 one podstaw\u0119 do wywierania presji oraz szanta\u017cu.<\/p>\n<p> Dalszy ci\u0105g artyku\u0142u pod materia\u0142em wideo Litwa, \u0141otwa, Estonia, Polska i Finlandia <a href=\"https:\/\/www.onet.pl\/informacje\/onetwiadomosci\/finlandia-lamie-nuklearne-tabu-kreml-odpowiada-grozbami-podejmiemy-odpowiednie-kroki\/y9gywm7,79cfc278\" id=\"8650bee6-4422-45cb-8d70-dd3bf88b7d3b\" rel=\"nofollow noopener\" target=\"_blank\">dosz\u0142y do jednego wniosku<\/a>: chc\u0105 posiada\u0107 w\u0142asn\u0105 bro\u0144 j\u0105drow\u0105 lub wzi\u0105\u0107 udzia\u0142 w programie NATO dotycz\u0105cym powstrzymywania j\u0105drowego. Do\u015bwiadczenia Ukrainy, Gruzji, Mo\u0142dawii oraz w\u0142asna historia wsp\u00f3\u0142istnienia z Rosj\u0105 nie m\u00f3wi\u0105, a wr\u0119cz krzycz\u0105: na Kremlu szanuj\u0105 nas i s\u0105 gotowi do rozm\u00f3w tylko wtedy, gdy jeste\u015bmy silni i gotowi do stawienia oporu.     <\/p>\n<p>Znane retoryczne pytanie brzmi: czy Putin wkroczy\u0142by na Ukrain\u0119, gdyby ta nie zrezygnowa\u0142a w 1994 r. z arsena\u0142u j\u0105drowego, trzeciego co do wielko\u015bci na \u015bwiecie?<\/p>\n<p>Przez d\u0142ugi czas taka dyskusja by\u0142a uwa\u017cana za niemal nieprzyzwoit\u0105. Litwa po wyj\u015bciu ze ZSRR i odzyskaniu niepodleg\u0142o\u015bci zakaza\u0142a broni masowego ra\u017cenia oraz zagranicznych baz wojskowych na swoim terytorium bezpo\u015brednio w Konstytucji.<\/p>\n<p>W tamtym momencie wydawa\u0142o si\u0119, \u017ce bezpiecze\u0144stwo kraju da si\u0119 zapewni\u0107 w inny spos\u00f3b: poprzez prawo mi\u0119dzynarodowe, sojusze polityczne, demokracj\u0119, Uni\u0119 Europejsk\u0105 i NATO. Chcieli\u015bmy wierzy\u0107, \u017ce granice w Europie sta\u0142y si\u0119 nienaruszalne, \u017ce Rosja przekszta\u0142ci\u0142a si\u0119 w imperium handlowe, kt\u00f3re przedk\u0142ada rubla nad czo\u0142gi, a bro\u0144 j\u0105drowa pozostanie w filmach o kryzysie kuba\u0144skim i czasach zimnej wojny.<\/p>\n<p>No c\u00f3\u017c, sta\u0142o si\u0119 inaczej.<\/p>\n<p>&#8222;Nasze kraje sta\u0142y si\u0119 zak\u0142adnikami cudzej determinacji&#8221;<\/p>\n<p>Kreml sprawi\u0142, \u017ce zdali\u015bmy sobie spraw\u0119, \u017ce to wszystko by\u0142o iluzj\u0105. Rosja kontynuowa\u0142a dzia\u0142ania wojenne: najpierw z Czeczeni\u0105, potem z Gruzj\u0105, z Syri\u0105, a od ju\u017c 12 lat trwa wojna z Ukrain\u0105. Pe\u0142noskalowa agresja przeciwko Ukrainie, kt\u00f3ra rozpocz\u0119\u0142a si\u0119 4,5 r. temu, sta\u0142a si\u0119 najwi\u0119ksz\u0105 wojn\u0105 w Europie od zako\u0144czenia II wojny \u015bwiatowej.<\/p>\n<p>     A <a href=\"https:\/\/www.onet.pl\/informacje\/onetwiadomosci\/atomowy-pocisk-putina-wraca-do-gry-naukowcy-wskazuja-na-powazne-ryzyko\/kjzmnpm,79cfc278\" id=\"cd9538f5-dc28-462e-8226-847988439739\" rel=\"nofollow noopener\" target=\"_blank\">Moskwa powr\u00f3ci\u0142a do szanta\u017cu nuklearnego<\/a> \u2014 obietnicy zbombardowania europejskich miast \u2014 i zacz\u0119\u0142a go aktywnie wykorzystywa\u0107 w codziennej retoryce. Rosyjscy urz\u0119dnicy, eksperci i propagandy\u015bci na \u017cywo dyskutuj\u0105, kt\u00f3r\u0105 ze stolic uderzy\u0107 jako pierwsz\u0105. Narracja brzmi: b\u00f3jcie si\u0119 nas, bo inaczej naci\u015bniemy przycisk.<\/p>\n<p>I u nas nast\u0105pi\u0142 prze\u0142om psychologiczny. Nie mo\u017cna ba\u0107 si\u0119 w niesko\u0144czono\u015b\u0107. Kiedy ci\u0105gle ci\u0119 zastraszaj\u0105 i szanta\u017cuj\u0105 atakiem nuklearnym, przestajesz si\u0119 ba\u0107 i zaczynasz &#8222;kocha\u0107&#8221; bomb\u0119 atomow\u0105.<\/p>\n<p>Dla Moskwy nie do zniesienia jest sama my\u015bl, \u017ce jej s\u0105siedzi \u017cyj\u0105 w wolno\u015bci, nie chc\u0105 k\u0142ania\u0107 si\u0119 w pas by\u0142emu okupantowi i nie spiesz\u0105 si\u0119 z realizacj\u0105 jego geopolitycznych &#8222;kaprys\u00f3w&#8221;. Ani Ukraina, ani Gruzja, ani Mo\u0142dawia nie grozi\u0142y Moskwie ani broni\u0105 j\u0105drow\u0105, ani \u017cadn\u0105 inn\u0105. To nie uchroni\u0142o ich przed rosyjsk\u0105 agresj\u0105.<\/p>\n<p>W\u0142a\u015bnie dlatego nie nale\u017cy pyta\u0107, czy Litwa stanie si\u0119 celem rosyjskich rakiet nuklearnych, je\u015bli na jej terytorium pojawi si\u0119 bro\u0144 j\u0105drowa lub je\u015bli przyst\u0105pi ona do programu odstraszania nuklearnego. Nale\u017cy zada\u0107 retoryczne pytanie: czy Litwa nie figuruje ju\u017c w planach rosyjskiego dow\u00f3dztwa wojskowego? A Polska? Czy nie jest ona zaznaczona jako cel na mapach rosyjskiego Sztabu Generalnego? Czy kraje ba\u0142tyckie i Finlandia nie pojawiaj\u0105 si\u0119 w rosyjskiej propagandzie jako &#8222;przycz\u00f3\u0142ek NATO&#8221;?<\/p>\n<p>Czy brak broni j\u0105drowej sprawi\u0142, \u017ce kt\u00f3ry\u015b z s\u0105siad\u00f3w Rosji sta\u0142 si\u0119 bezpieczny?<\/p>\n<p>Odpowied\u017a brzmi: nie. Brak broni j\u0105drowej na ich terytorium oraz brak udzia\u0142u w programie odstraszania j\u0105drowego NATO sprawi\u0142y, \u017ce nasze kraje sta\u0142y si\u0119 zak\u0142adnikami cudzej determinacji. Determinacji NATO, by nas broni\u0107, oraz determinacji rosyjskiego uzurpatora, by anektowa\u0107 niepos\u0142usznych s\u0105siad\u00f3w.<\/p>\n<p>Dyplomatyczne pr\u00f3by przekonania szanta\u017cysty nuklearnego zamieniaj\u0105 si\u0119 nie w negocjacje, lecz w b\u0142aganie. Dla Litwy, \u0141otwy, Estonii, Polski i Finlandii argumentem si\u0142owym pozostaje NATO. \u017bo\u0142nierze, bazy, obrona przeciwlotnicza, plany obronne i ameryka\u0144ski parasol nuklearny. Dop\u00f3ki przeciwnik wierzy, \u017ce <a href=\"https:\/\/wiadomosci.onet.pl\/swiat\/the-guardian-rosja-planuje-prowokacje-w-krajach-baltyckich-lub-polsce\/1kc2hw5\" id=\"235a5272-bb2f-49c1-9609-7c602f124475\" rel=\"nofollow noopener\" target=\"_blank\">zamach na niepodleg\u0142o\u015b\u0107 kraj\u00f3w ba\u0142tyckich<\/a> poci\u0105gnie za sob\u0105 dla niego nie do przyj\u0119cia konsekwencje.<\/p>\n<p>Nie mo\u017cna czyni\u0107 z broni j\u0105drowej bo\u017cka, nie mo\u017cna uwa\u017ca\u0107, \u017ce ona sama rozwi\u0105\u017ce wszystkie problemy (jak zapewne s\u0105dz\u0105 na Kremlu). Powstrzymywanie j\u0105drowe wymaga dyscypliny, kontroli i zrozumienia konsekwencji. Jednak z pewno\u015bci\u0105 niebezpieczne jest wierzy\u0107, \u017ce je\u015bli b\u0119dziemy udawa\u0107, \u017ce wszystko jest w porz\u0105dku, \u017ce z Kremlem da si\u0119 doj\u015b\u0107 do porozumienia, je\u015bli nie b\u0119dziemy wypowiada\u0107 s\u0142owa &#8222;bomba&#8221;, to zniknie ona z rosyjskiej strategii.<\/p>\n<p>Nie zniknie.<\/p>\n<p>Dla Moskwy bomba atomowa jest narz\u0119dziem politycznym, narz\u0119dziem wywierania presji: mo\u017cliwo\u015bci\u0105 gro\u017cenia, podnoszenia stawki. Dla kraj\u00f3w s\u0105siaduj\u0105cych z imperium bomba, a dok\u0142adniej parasol nuklearny sojusznik\u00f3w, to spos\u00f3b na to, by cena inwazji by\u0142a tak wysoka, \u017ce pozostanie ona jedynie strza\u0142kami na mapach Sztabu Generalnego rosyjskiej armii i zako\u0144czy si\u0119, zanim si\u0119 rozpocznie.<\/p>\n<p>W Wilnie nikt nie marzy o naci\u015bni\u0119ciu przycisku, by w stron\u0119 Rosji polecia\u0142y rakiety atomowe. Politycy i wojskowi w Warszawie r\u00f3wnie\u017c nie marz\u0105 o wojnie nuklearnej. Potrzebuj\u0105 jedynie tego, by wojna nigdy wi\u0119cej si\u0119 nie powt\u00f3rzy\u0142a.<\/p>\n<p>&#8222;Pokochanie&#8221; bomby atomowej wcale nie oznacza, \u017ce trzeba przesta\u0107 ba\u0107 si\u0119 wojny nuklearnej. \u017badna osoba przy zdrowych zmys\u0142ach nie jest w stanie &#8222;kocha\u0107&#8221; broni j\u0105drowej. W rzeczywisto\u015bci jest to po\u017cegnanie z iluzj\u0105, \u017ce sam strach przed bomb\u0105 sprawia, \u017ce jeste\u015bmy bezpieczniejsi.<\/p>\n<p>Bomba atomowa nie czyni \u015bwiata lepszym. Wr\u0119cz przeciwnie. Jednak w naszym regionie jej brak mo\u017ce zwi\u0119kszy\u0107 prawdopodobie\u0144stwo wojny. Dlatego w\u0142a\u015bnie najstraszniejsza rzecz na \u015bwiecie nagle zaczyna wydawa\u0107 si\u0119 ostatnim argumentem, kt\u00f3ry zapewni pok\u00f3j.<\/p>\n<p>A je\u015bli do tego potrzebna jest bomba \u2014 to znaczy, \u017ce jest potrzebna. Najlepiej \u2014 nie jedna.<\/p>\n","protected":false},"excerpt":{"rendered":"Vitold Jancys jest dziennikarzem oraz ekspertem w dziedzinie Europy Wschodniej i pa\u0144stw ba\u0142tyckich. Przysz\u0142y premier Litwy, lider socjaldemokrat\u00f3w&hellip;\n","protected":false},"author":2,"featured_media":526291,"comment_status":"","ping_status":"","sticky":false,"template":"","format":"standard","meta":{"footnotes":"","_share_on_mastodon":"0"},"categories":[12],"tags":[56,61195,74,9667,812,48,160,46,42,38,40,39,41,87,47,80,415],"class_list":["post-526290","post","type-post","status-publish","format-standard","has-post-thumbnail","category-polska","tag-article_premium","tag-bottomfeed_styl","tag-finlandia","tag-gruzja","tag-moskwa","tag-nat_styl","tag-nato","tag-omp","tag-pl","tag-poland","tag-polish","tag-polska","tag-polski","tag-rosja","tag-screening_general","tag-swiat","tag-ukraina"],"share_on_mastodon":{"url":"https:\/\/pubeurope.com\/@pl\/116839545837957157","error":""},"_links":{"self":[{"href":"https:\/\/www.europesays.com\/pl\/wp-json\/wp\/v2\/posts\/526290","targetHints":{"allow":["GET"]}}],"collection":[{"href":"https:\/\/www.europesays.com\/pl\/wp-json\/wp\/v2\/posts"}],"about":[{"href":"https:\/\/www.europesays.com\/pl\/wp-json\/wp\/v2\/types\/post"}],"author":[{"embeddable":true,"href":"https:\/\/www.europesays.com\/pl\/wp-json\/wp\/v2\/users\/2"}],"replies":[{"embeddable":true,"href":"https:\/\/www.europesays.com\/pl\/wp-json\/wp\/v2\/comments?post=526290"}],"version-history":[{"count":0,"href":"https:\/\/www.europesays.com\/pl\/wp-json\/wp\/v2\/posts\/526290\/revisions"}],"wp:featuredmedia":[{"embeddable":true,"href":"https:\/\/www.europesays.com\/pl\/wp-json\/wp\/v2\/media\/526291"}],"wp:attachment":[{"href":"https:\/\/www.europesays.com\/pl\/wp-json\/wp\/v2\/media?parent=526290"}],"wp:term":[{"taxonomy":"category","embeddable":true,"href":"https:\/\/www.europesays.com\/pl\/wp-json\/wp\/v2\/categories?post=526290"},{"taxonomy":"post_tag","embeddable":true,"href":"https:\/\/www.europesays.com\/pl\/wp-json\/wp\/v2\/tags?post=526290"}],"curies":[{"name":"wp","href":"https:\/\/api.w.org\/{rel}","templated":true}]}}