{"id":526364,"date":"2026-06-30T15:15:13","date_gmt":"2026-06-30T15:15:13","guid":{"rendered":"https:\/\/www.europesays.com\/pl\/526364\/"},"modified":"2026-06-30T15:15:13","modified_gmt":"2026-06-30T15:15:13","slug":"polacy-wciaz-wydaja-mimo-wyzszych-cen-pko-bp-prognozuje-stabilny-wzrost-konsumpcji","status":"publish","type":"post","link":"https:\/\/www.europesays.com\/pl\/526364\/","title":{"rendered":"Polacy wci\u0105\u017c wydaj\u0105, mimo wy\u017cszych cen. PKO BP prognozuje stabilny wzrost konsumpcji"},"content":{"rendered":"<p>Mimo napi\u0119\u0107 geopolitycznych i wzrostu cen ropy polska gospodarka pozostaje odporna, a konsumpcja nadal jest jednym z g\u0142\u00f3wnych motor\u00f3w wzrostu. Analitycy PKO Banku Polskiego oceniaj\u0105, \u017ce wy\u017csza inflacja b\u0119dzie mia\u0142a charakter przej\u015bciowy, a realny wzrost wynagrodze\u0144 nadal b\u0119dzie wspiera\u0142 wydatki gospodarstw domowych. Jednocze\u015bnie ostrzegaj\u0105, \u017ce jesieni\u0105 konsumenci mog\u0105 odczu\u0107 wzrost cen \u017cywno\u015bci oraz paliw.<\/p>\n<p>W tym artykule przeczytasz:<\/p>\n<p>\tPolski konsument nadal nap\u0119dza gospodark\u0119<br \/>\n\tWydatki konsument\u00f3w pozostan\u0105 wysokie<br \/>\n\tInflacja pozostaje pod kontrol\u0105, cho\u0107 jesie\u0144 mo\u017ce przynie\u015b\u0107 wzrost cen<br \/>\n\t\u017bywno\u015b\u0107 mo\u017ce dro\u017ce\u0107 bardziej ni\u017c dotychczas<br \/>\n\tNie ma oznak spirali cenowo-p\u0142acowej<br \/>\n\tHandel mo\u017ce liczy\u0107 na stabilny popyt<\/p>\n<p>Polski konsument nadal nap\u0119dza gospodark\u0119<\/p>\n<p>Cho\u0107 konflikt na Bliskim Wschodzie doprowadzi\u0142 do gwa\u0142townego wzrostu cen ropy i zwi\u0119kszy\u0142 obawy o \u015bwiatow\u0105 gospodark\u0119, Polska pozostaje stosunkowo odporna na zewn\u0119trzne zawirowania. Jak wynika z najnowszego &#8222;Kwartalnika Ekonomicznego&#8221; PKO Banku Polskiego, krajowa gospodarka utrzymuje szybkie tempo wzrostu, a jednym z jego najwa\u017cniejszych filar\u00f3w pozostaje konsumpcja prywatna.<\/p>\n<p>Ekonomi\u015bci banku prognozuj\u0105, \u017ce polski PKB wzro\u015bnie o 3,5 proc. w 2026 roku, a w 2027 roku\u00a0tempo wzrostu wyniesie 2,8 proc. Za relatywnie dobr\u0105 kondycj\u0119 gospodarki odpowiadaj\u0105 przede wszystkim stabilna sytuacja konsument\u00f3w oraz rosn\u0105ce inwestycje finansowane ze \u015brodk\u00f3w unijnych.\u00a0<\/p>\n<p>\t\t\t\t<img decoding=\"async\" src=\"data:image\/png;base64,iVBORw0KGgoAAAANSUhEUgAAAAEAAAABCAYAAAAfFcSJAAAADUlEQVR42mNk+P+\/HgAFhAJ\/wlseKgAAAABJRU5ErkJggg==\"\/><\/p>\n","protected":false},"excerpt":{"rendered":"Mimo napi\u0119\u0107 geopolitycznych i wzrostu cen ropy polska gospodarka pozostaje odporna, a konsumpcja nadal jest jednym z g\u0142\u00f3wnych&hellip;\n","protected":false},"author":2,"featured_media":526365,"comment_status":"","ping_status":"","sticky":false,"template":"","format":"standard","meta":{"footnotes":"","_share_on_mastodon":"0"},"categories":[52122],"tags":[23683,64588,54089,2623,102941,38327,5417,6010,752,42,38,40,39,41,102940,102942,4794],"class_list":["post-526364","post","type-post","status-publish","format-standard","has-post-thumbnail","category-pko-bank-polski","tag-ceny-zywnosci","tag-gospodarka-polski","tag-handel-detaliczny","tag-inflacja","tag-inflacja-2026","tag-konsumpcja","tag-pkb","tag-pko-bank-polski","tag-pko-bp","tag-pl","tag-poland","tag-polish","tag-polska","tag-polski","tag-raport-pko","tag-rynek-fmcg","tag-sprzedaz-detaliczna"],"share_on_mastodon":{"url":"https:\/\/pubeurope.com\/@pl\/116839719086451262","error":""},"_links":{"self":[{"href":"https:\/\/www.europesays.com\/pl\/wp-json\/wp\/v2\/posts\/526364","targetHints":{"allow":["GET"]}}],"collection":[{"href":"https:\/\/www.europesays.com\/pl\/wp-json\/wp\/v2\/posts"}],"about":[{"href":"https:\/\/www.europesays.com\/pl\/wp-json\/wp\/v2\/types\/post"}],"author":[{"embeddable":true,"href":"https:\/\/www.europesays.com\/pl\/wp-json\/wp\/v2\/users\/2"}],"replies":[{"embeddable":true,"href":"https:\/\/www.europesays.com\/pl\/wp-json\/wp\/v2\/comments?post=526364"}],"version-history":[{"count":0,"href":"https:\/\/www.europesays.com\/pl\/wp-json\/wp\/v2\/posts\/526364\/revisions"}],"wp:featuredmedia":[{"embeddable":true,"href":"https:\/\/www.europesays.com\/pl\/wp-json\/wp\/v2\/media\/526365"}],"wp:attachment":[{"href":"https:\/\/www.europesays.com\/pl\/wp-json\/wp\/v2\/media?parent=526364"}],"wp:term":[{"taxonomy":"category","embeddable":true,"href":"https:\/\/www.europesays.com\/pl\/wp-json\/wp\/v2\/categories?post=526364"},{"taxonomy":"post_tag","embeddable":true,"href":"https:\/\/www.europesays.com\/pl\/wp-json\/wp\/v2\/tags?post=526364"}],"curies":[{"name":"wp","href":"https:\/\/api.w.org\/{rel}","templated":true}]}}