{"id":526489,"date":"2026-06-30T16:29:12","date_gmt":"2026-06-30T16:29:12","guid":{"rendered":"https:\/\/www.europesays.com\/pl\/526489\/"},"modified":"2026-06-30T16:29:12","modified_gmt":"2026-06-30T16:29:12","slug":"gdzie-ogladac-roberta-lewandowskiego-w-mls-tyle-kosztuje-dostep","status":"publish","type":"post","link":"https:\/\/www.europesays.com\/pl\/526489\/","title":{"rendered":"Gdzie ogl\u0105da\u0107 Roberta Lewandowskiego w MLS? Tyle kosztuje dost\u0119p"},"content":{"rendered":"<p>\n                        Prosimy o wy\u0142\u0105czenie blokowania reklam i od\u015bwie\u017cenie strony.\n                    <\/p>\n<p>                Robert Lewandowski pi\u0142karzem Chicago Fire FC. Polak zagra w MLS<br \/>\n29 czerwca Robert Lewandowski, kt\u00f3ry po zako\u0144czeniu minionego sezonu rozsta\u0142 si\u0119 z FC Barcelon\u0105, oficjalnie potwierdzi\u0142 transfer do Chicago Fire FC. Polski napastnik podpisa\u0142 z ameryka\u0144skim klubem kontrakt obowi\u0105zuj\u0105cy do ko\u0144ca sezonu 2027\/28.<br \/>\n\u00a0<\/p>\n<blockquote class=\"twitter-tweet\">\n<p dir=\"ltr\" lang=\"en\">Hello <a href=\"https:\/\/x.com\/ChicagoFire?ref_src=twsrc%5Etfw\" rel=\"nofollow\">@ChicagoFire<\/a> <a href=\"https:\/\/t.co\/cKdGgkjsBb\" rel=\"nofollow\">pic.twitter.com\/cKdGgkjsBb<\/a><\/p>\n<p>\u2014 Robert Lewandowski (@lewy_official) <a href=\"https:\/\/x.com\/lewy_official\/status\/2071694545104875550?ref_src=twsrc%5Etfw\" rel=\"nofollow\">June 29, 2026<\/a><\/p><\/blockquote>\n<p>\nNajlepszy strzelec w historii Polski i jedna z najwi\u0119kszych gwiazd \u015bwiatowego futbolu do\u0142\u0105cza tym samym do Major League Soccer (MLS). W swojej karierze zdoby\u0142 ponad 700 bramek dla kadry narodowej oraz europejskich klub\u00f3w. Ostatnie sezony sp\u0119dzi\u0142 w FC Barcelonie, wcze\u015bniej odnosz\u0105c sukcesy m.in. w Bayernie Monachium i Borussii Dortmund.<\/p>\n<p>Robert Lewandowski zajmie w Chicago Fire FC miejsce Designated Player (DP), czyli zawodnika wy\u0142\u0105czonego z limitu p\u0142acowego obowi\u0105zuj\u0105cego w MLS. Finalizacja transferu wymaga jeszcze uzyskania wizy P-1 oraz mi\u0119dzynarodowego certyfikatu transferowego.<br \/>\u00a0\n<\/p>\n<blockquote>\n<p>&#8211; Od dnia, w kt\u00f3rym Joe Mansueto i ja spotkali\u015bmy si\u0119 po raz pierwszy, naszym celem by\u0142o stworzenie \u015bwiatowej klasy klubu, kt\u00f3ry inspiruje do wielko\u015bci, jednoczy Chicago i wygrywa mistrzostwa. Robert doskonale uosabia te warto\u015bci i reprezentuje standard, na jaki zas\u0142uguje to miasto &#8211; mistrza i zawodnika<\/p>\n<p>&#8211; m\u00f3wi Gregg Berhalter, dyrektor sportowy i trener Chicago Fire FC.<\/p>\n<p>&#8211; Jego przyj\u015bcie wzmacnia nasz\u0105 ambicj\u0119 walki o trofea i podnosi standardy klubu na poziom godny tego miasta. Nie mo\u017cemy si\u0119 doczeka\u0107 wsp\u00f3\u0142pracy z nim i tego, by mieszka\u0144cy Chicago mogli zobaczy\u0107 na w\u0142asne oczy, dlaczego jest jednym z najbardziej cenionych sportowych ikon na \u015bwiecie.<\/p>\n<\/blockquote>\n<p>Chicago Fire FC ma za sob\u0105 udany sezon 2025. Dru\u017cyna zdoby\u0142a 68 bramek, ustanawiaj\u0105c klubowy rekord i osi\u0105gaj\u0105c drugi najlepszy wynik w ca\u0142ej lidze. Obecnie zesp\u00f3\u0142 zajmuje trzecie miejsce w Konferencji Wschodniej MLS.<\/p>\n<p>Transfer Roberta Lewandowskiego zbiega si\u0119 z okresem intensywnego rozwoju klubu. Kilka miesi\u0119cy temu rozpocz\u0119\u0142a si\u0119 budowa nowego stadionu &#8211; McDonald\u2019s Park, kt\u00f3rego otwarcie planowane jest na 2028 r. Uruchomiono r\u00f3wnie\u017c nowoczesne centrum treningowe Endeavor Health Performance Center. Do czasu przeprowadzki na nowy obiekt dru\u017cyna swoje mecze domowe rozgrywa na Soldier Field.<\/p>\n<p>37-letni Robert Lewandowski to \u00f3smy zawodnik urodzony w Polsce w historii Chicago Fire FC. Klub, kt\u00f3ry od 1998 r. nieprzerwanie wyst\u0119puje w MLS, zdoby\u0142 dot\u0105d sze\u015b\u0107 krajowych trofe\u00f3w i przez lata reprezentowali go uznani pi\u0142karze z ca\u0142ego \u015bwiata. Polak do\u0142\u0105czy do grona takich nazwisk jak Hristo Stoichkov, Bastian Schweinsteiger czy Xherdan Shaqiri.<\/p>\n<p>Przenosiny Roberta Lewandowskiego do MLS oznaczaj\u0105 r\u00f3wnie\u017c do\u0142\u0105czenie do grona \u015bwiatowych gwiazd, kt\u00f3re zdecydowa\u0142y si\u0119 kontynuowa\u0107 karier\u0119 w Stanach Zjednoczonych. W\u015br\u00f3d nich znajduje si\u0119 m.in. Lionel Messi (Inter Miami CF).<\/p>\n<p>Transfer ma szczeg\u00f3lne znaczenie dla samego Chicago. Metropolia jest domem dla jednej z najwi\u0119kszych spo\u0142eczno\u015bci polonijnych na \u015bwiecie, co mo\u017ce prze\u0142o\u017cy\u0107 si\u0119 na jeszcze wi\u0119ksze zainteresowanie klubem zar\u00f3wno w\u015br\u00f3d Polak\u00f3w, jak i Polonii.<\/p>\n<p>Gdzie ogl\u0105da\u0107 mecze Chicago Fire FC w MLS?<br \/>\n<a href=\"https:\/\/satkurier.pl\/news\/218540\/apple-nabyl-prawa-do-transmisji-ligi-mls-za-rekordowa-sume.html\" target=\"_blank\" rel=\"nofollow noopener\">Globalne prawa do transmisji rozgrywek MLS posiada Apple<\/a>. Dotyczy to r\u00f3wnie\u017c terytorium Polski. Umowa obejmuje wszystkie mecze ligi, spotkania Leagues Cup oraz wybrane mecze MLS NEXT Pro i MLS NEXT. Pocz\u0105tkowo kontrakt obowi\u0105zywa\u0142 do 2032 r., ale po zmianach w kalendarzu zosta\u0142 skr\u00f3cony do ko\u0144ca sezonu 2028\/29.<\/p>\n<p>Spotkania mo\u017cna ogl\u0105da\u0107 za po\u015brednictwem platformy Apple TV z filmami i serialami. Pocz\u0105tkowo transmisje MLS by\u0142y dost\u0119pne w ramach dodatkowo p\u0142atnego pakietu MLS Season Pass, jednak obecnie wszystkie mecze ligi s\u0105 dost\u0119pne dla subskrybent\u00f3w Apple TV bez dodatkowych op\u0142at.<\/p>\n<p>Subskrypcja Apple TV kosztuje 34,99 z\u0142 miesi\u0119cznie po zako\u0144czeniu 7-dniowego okresu pr\u00f3bnego i mo\u017ce by\u0107 wsp\u00f3\u0142dzielona z maksymalnie 5 cz\u0142onkami rodziny.<\/p>\n<p>Warto jednak doda\u0107, \u017ce dost\u0119p do us\u0142ugi Apple TV mo\u017cna uzyska\u0107 tak\u017ce w ramach szerszych pakiet\u00f3w. Przyk\u0142adowo w Polsat Box mo\u017cna mie\u0107 Apple TV za 25 z\u0142 miesi\u0119cznie, a z innymi streamingami mo\u017cna zaoszcz\u0119dzi\u0107 jeszcze wi\u0119cej (<a href=\"https:\/\/satkurier.pl\/news\/249970\/ile-mozna-zaoszczedzic-na-streamingach-w-polsat-box.html\" target=\"_blank\" rel=\"nofollow noopener\">sprawd\u017a szczeg\u00f3\u0142y<\/a>).<\/p>\n<p>Czy kt\u00f3ra\u015b z polskich telewizji kupi sublicencj\u0119 na prawa do MLS?<br \/>\nDo ko\u0144ca sezonu 2022 wybrane mecze Major League Soccer by\u0142y dost\u0119pne w Polsce na kana\u0142ach Polsat Sport. Nast\u0119pnie prawa do transmisji zosta\u0142y przej\u0119te przez Apple, a obowi\u0105zuj\u0105ca umowa nadal trwa.<\/p>\n<p>Od tego czasu \u017caden z polskich nadawc\u00f3w nie uzyska\u0142 sublicencji na transmisje rozgrywek. Pojawia si\u0119 wi\u0119c pytanie, czy mo\u017ce si\u0119 to zmieni\u0107 po przej\u015bciu Roberta Lewandowskiego do Chicago Fire FC.<br \/>\u00a0\n<\/p>\n<blockquote>\n<p>&#8211; Mecze w \u015brodku nocy, liga lekko \u015bmieszna i Lewandowski schodz\u0105cy z wielkiej sceny. To s\u0105 g\u0142\u00f3wne powody, dla kt\u00f3rych rynek telewizyjny raczej nie zareaguje na ten transfer<\/p>\n<p>&#8211; m\u00f3wi dla WP SportoweFakty Micha\u0142 Ko\u0142odziejczyk, szef redakcji sportowej CANAL+.<\/p>\n<\/blockquote>\n<blockquote>\n<p>&#8211; Nie mog\u0119 powiedzie\u0107, \u017ce na pewno \u017caden polski podmiot nie zg\u0142osi si\u0119 do ameryka\u0144skiego streamera, kt\u00f3ry obecnie dysponuje globalnymi prawami do MLS, ale zdziwi\u0142bym si\u0119, gdyby ostatecznie kto\u015b tak\u0105 sublicencj\u0119 wykupi\u0142<\/p>\n<p>&#8211; m\u00f3wi dla WP SportoweFakty Patryk Miros\u0142awski, COO i szef redakcji Eleven Sports.<\/p>\n<\/blockquote>\n<p>Co wi\u0119cej, Patryk Miros\u0142awski z Eleven Sports napisa\u0142 na platformie X: &#8211; Ju\u017c nie b\u0119dzie Roberta w Eleven Sports. Po\u017cegnanie Roberta z Eleven Sports. Przez lata wsp\u00f3lnie siadali\u015bmy jak do telenoweli. Pa\u0144stwo przed ekranami krzycz\u0105c, skacz\u0105c. My w Eleven tak\u017ce krzycz\u0105c, skacz\u0105c. Da\u0142 nam wiele. Bardzo wiele.<br \/>\n\u00a0<\/p>\n<blockquote class=\"twitter-tweet\">\n<p dir=\"ltr\" lang=\"pl\">Ju\u017c nie b\u0119dzie Roberta w Eleven Sports. Po\u017cegnanie Roberta z Eleven Sports.<\/p>\n<p>Przez lata wsp\u00f3lnie siadali\u015bmy jak do telenoweli. Pa\u0144stwo przed ekranami krzycz\u0105c, skacz\u0105c. My w Eleven tak\u017ce krzycz\u0105c, skacz\u0105c.<\/p>\n<p>Da\u0142 nam wiele. Bardzo wiele. <a href=\"https:\/\/t.co\/7RXkCYbdUz\" rel=\"nofollow\">https:\/\/t.co\/7RXkCYbdUz<\/a><\/p>\n<p>\u2014 Patryk Miros\u0142awski (@P_Miroslawski) <a href=\"https:\/\/x.com\/P_Miroslawski\/status\/2071872727229575178?ref_src=twsrc%5Etfw\" rel=\"nofollow\">June 30, 2026<\/a><\/p><\/blockquote>\n<p>\nZ tych wypowiedzi mo\u017cna wywnioskowa\u0107, \u017ce ani Eleven Sports, ani CANAL+ nie s\u0105 obecnie zainteresowane sublicencj\u0105 na prawa do MLS. Oczywi\u015bcie w takich przypadkach kluczow\u0105 rol\u0119 odgrywa cena &#8211; gdyby by\u0142a odpowiednio atrakcyjna, istnieje mo\u017cliwo\u015b\u0107, \u017ce kt\u00f3ry\u015b z polskich nadawc\u00f3w zdecydowa\u0142by si\u0119 na pozyskanie tych praw.<br \/>\nKiedy rozpocznie si\u0119 nowy sezon MLS?<br \/>\nMLS przygotowuje si\u0119 do istotnej zmiany kalendarza rozgrywek. Sezon 2026 jest jeszcze rozgrywany w tradycyjnym formacie od lutego do listopada. Od 2027 r. liga przejdzie jednak na system jesie\u0144-wiosna, stosowany przez wi\u0119kszo\u015b\u0107 europejskich lig.<\/p>\n<p>Pierwszy sezon w nowym formacie, oznaczony jako 2027\/28, ma rozpocz\u0105\u0107 si\u0119 w po\u0142owie lipca 2027 r. Po rundzie jesiennej zaplanowano zimow\u0105 przerw\u0119 od grudnia do lutego, a rozgrywki zako\u0144cz\u0105 si\u0119 wiosn\u0105 2028 r.<\/p>\n<p>Wcze\u015bniej liga planuje jeszcze rozegranie skr\u00f3conego sezonu przej\u015bciowego, kt\u00f3ry ma potrwa\u0107 od lutego do maja 2027 r.<\/p>\n<p>Kiedy Robert Lewandowski zadebiutuje w Chicago Fire FC?<br \/>\nKibice nie b\u0119d\u0105 musieli d\u0142ugo czeka\u0107 na pierwszy wyst\u0119p polskiego napastnika. Robert Lewandowski b\u0119dzie m\u00f3g\u0142 zadebiutowa\u0107 po zako\u0144czeniu procedur wizowych i transferowych. Je\u015bli wszystkie formalno\u015bci zostan\u0105 dope\u0142nione zgodnie z planem, jego pierwszy mecz w barwach Chicago Fire FC mo\u017ce odby\u0107 si\u0119 ju\u017c w po\u0142owie lipca 2026 r.<\/p>\n<p>Wed\u0142ug niekt\u00f3rych doniesie\u0144 potencjalnym terminem debiutu jest spotkanie z Vancouver Whitecaps FC, zaplanowane na noc z 16 na 17 lipca o godz. 2:30 czasu polskiego.<\/p>\n<p>Materia\u0142 chroniony prawem<br \/>\n                autorskim &#8211; wszelkie prawa zastrze\u017cone. Dalsze rozpowszechnianie artyku\u0142u tylko za zgod\u0105 wydawcy.\n            <\/p>\n<p><script async src=\"https:\/\/platform.twitter.com\/widgets.js\" charset=\"utf-8\"><\/script><\/p>\n","protected":false},"excerpt":{"rendered":"Prosimy o wy\u0142\u0105czenie blokowania reklam i od\u015bwie\u017cenie strony. Robert Lewandowski pi\u0142karzem Chicago Fire FC. Polak zagra w MLS&hellip;\n","protected":false},"author":2,"featured_media":526490,"comment_status":"","ping_status":"","sticky":false,"template":"","format":"standard","meta":{"footnotes":"","_share_on_mastodon":"0"},"categories":[24],"tags":[19436,1140,42,38,40,39,41,102951,102953,102952,102954,127,126],"class_list":["post-526489","post","type-post","status-publish","format-standard","has-post-thumbnail","category-sport","tag-apple-tv","tag-cena","tag-pl","tag-poland","tag-polish","tag-polska","tag-polski","tag-robert-lewandowski-chicago-fire","tag-robert-lewandowski-gdzie-ogladac","tag-robert-lewandowski-gdzie-zagra","tag-robert-lewandowski-mls","tag-sport","tag-sports"],"share_on_mastodon":{"url":"https:\/\/pubeurope.com\/@pl\/116840009798557728","error":""},"_links":{"self":[{"href":"https:\/\/www.europesays.com\/pl\/wp-json\/wp\/v2\/posts\/526489","targetHints":{"allow":["GET"]}}],"collection":[{"href":"https:\/\/www.europesays.com\/pl\/wp-json\/wp\/v2\/posts"}],"about":[{"href":"https:\/\/www.europesays.com\/pl\/wp-json\/wp\/v2\/types\/post"}],"author":[{"embeddable":true,"href":"https:\/\/www.europesays.com\/pl\/wp-json\/wp\/v2\/users\/2"}],"replies":[{"embeddable":true,"href":"https:\/\/www.europesays.com\/pl\/wp-json\/wp\/v2\/comments?post=526489"}],"version-history":[{"count":0,"href":"https:\/\/www.europesays.com\/pl\/wp-json\/wp\/v2\/posts\/526489\/revisions"}],"wp:featuredmedia":[{"embeddable":true,"href":"https:\/\/www.europesays.com\/pl\/wp-json\/wp\/v2\/media\/526490"}],"wp:attachment":[{"href":"https:\/\/www.europesays.com\/pl\/wp-json\/wp\/v2\/media?parent=526489"}],"wp:term":[{"taxonomy":"category","embeddable":true,"href":"https:\/\/www.europesays.com\/pl\/wp-json\/wp\/v2\/categories?post=526489"},{"taxonomy":"post_tag","embeddable":true,"href":"https:\/\/www.europesays.com\/pl\/wp-json\/wp\/v2\/tags?post=526489"}],"curies":[{"name":"wp","href":"https:\/\/api.w.org\/{rel}","templated":true}]}}