{"id":526616,"date":"2026-06-30T17:50:25","date_gmt":"2026-06-30T17:50:25","guid":{"rendered":"https:\/\/www.europesays.com\/pl\/526616\/"},"modified":"2026-06-30T17:50:25","modified_gmt":"2026-06-30T17:50:25","slug":"edyta-gorniak-odmowila-wystepu-z-alicja-szemplinska-spiecie-przed-koncertem-wroclaw-przyszlosci-w-polsacie","status":"publish","type":"post","link":"https:\/\/www.europesays.com\/pl\/526616\/","title":{"rendered":"Edyta G\u00f3rniak odm\u00f3wi\u0142a wyst\u0119pu z Alicj\u0105 Szempli\u0144sk\u0105. Spi\u0119cie przed koncertem \u201eWroc\u0142aw Przysz\u0142o\u015bci\u201d w Polsacie"},"content":{"rendered":"<p itemprop=\"description\">We wtorek wieczorem widzowie stacji Polsat obejrz\u0105 transmisj\u0119 koncertu Wroc\u0142aw Przysz\u0142o\u015bci. Na imprezie muzycznej wyst\u0105pi\u0105 duety znanych tw\u00f3rc\u00f3w, kt\u00f3rzy b\u0119d\u0105 mieli okazj\u0119 po\u0142\u0105czy\u0107 r\u00f3\u017cne style. Okazuje si\u0119, \u017ce za kulisami dosz\u0142o do spi\u0119cia. Edyta G\u00f3rniak odm\u00f3wi\u0142a za\u015bpiewania z m\u0142odsz\u0105 wokalistk\u0105.<\/p>\n<p>We wtorek 30 czerwca o 19:55 Polsat poka\u017ce na \u017cywo koncert \u201eWroc\u0142aw Przysz\u0142o\u015bci\u201d z Placu Wolno\u015bci we Wroc\u0142awiu. Wydarzenie ma opiera\u0107 si\u0119 na duetach i \u0142\u0105czeniu opery z popem, ale tu\u017c przed wyst\u0119pem zrobi\u0142o si\u0119 nerwowo: wed\u0142ug osoby z produkcji Edyta G\u00f3rniak mia\u0142a nie zgodzi\u0107 si\u0119 na zaplanowany duet z Alicj\u0105 Szempli\u0144sk\u0105, a zestawienia artyst\u00f3w zmieniono.<\/p>\n<p>            <img decoding=\"async\" alt=\"player placeholder\" class=\"player-graybox\" src=\"data:image\/png;base64,iVBORw0KGgoAAAANSUhEUgAAAoAAAAFoCAIAAABIUN0GAAAACXBIWXMAAA7EAAAOxAGVKw4bAAAEf0lEQVR42u3VMQEAIADDsIJ\/jdOCC65EQp+ebQEAf10JAMCAAcCAAQADBgADBgAMGAAMGAAwYAAwYADAgAHAgAHAgAEAAwYAAwYADBgADBgAMGAAMGAAwIABwIABwIABAAMGAAMGAAwYAAwYADBgADBgAMCAAcCAAcCAAQADBgADBgAMGAAMGAAwYAAwYADAgAHAgAHAgAEAAwYAAwYADBgADBgAMGAAMGAAwIABwIABwIABAAMGAAMGAAwYAAwYADBgADBgAMCAAcCAAcCAAQADBgADBgAMGAAMGAAwYAAwYADAgAHAgAHAgAEAAwYAAwYADBgADBgAMGAAMGAAwIABwIABwIABAAMGAAMGAAwYAAwYADBgADBgAMCAAcCAAcCAAQADBgADBgAMGAAMGAAwYAAwYADAgAHAgAEAAwYAAwYAAwYADBgADBgAMGAAMGAAwIABwIABAAMGAAMGAAMGAAwYAAwYADBgADBgAMCAAcCAAQADBgADBgADBgAMGAAMGAAwYAAwYADAgAHAgAEAAwYAAwYAAwYADBgADBgAMGAAMGAAwIABwIABAAMGAAMGAAMGAAwYAAwYADBgADBgAMCAAcCAAQADBgADBgADBgAMGAAMGAAwYAAwYADAgAHAgAEAAwYAAwYAAwYADBgADBgAMGAAMGAAwIABwIABAAMGAAMGAAMGAAwYAAwYADBgADBgAMCAAcCAAQADBgADBgADBgAMGAAMGAAwYAAwYADAgAHAgAEAAwYAAwYADBgADBgADBgAMGAAMGAAwIABwIABAAMGAAMGAAwYAAwYAAwYADBgADBgAMCAAcCAAQADBgADBgAMGAAMGAAMGAAwYAAwYADAgAHAgAEAAwYAAwYADBgADBgADBgAMGAAMGAAwIABwIABAAMGAAMGAAwYAAwYAAwYADBgADBgAMCAAcCAAQADBgADBgAMGAAMGAAMGAAwYAAwYADAgAHAgAEAAwYAAwYADBgADBgADBgAMGAAMGAAwIABwIABAAMGAAMGAAwYAAwYAAwYADBgADBgAMCAAcCAAQADBgADBgAMGAAMGAAMGAAwYAAwYADAgAHAgAEAAwYAAwYADBgADBgADFgCADBgADBgAMCAAcCAAQADBgADBgAMGAAMGAAwYAAwYAAwYADAgAHAgAEAAwYAAwYADBgADBgAMGAAMGAAMGAAwIABwIABAAMGAAMGAAwYAAwYADBgADBgADBgAMCAAcCAAQADBgADBgAMGAAMGAAwYAAwYAAwYADAgAHAgAEAAwYAAwYADBgADBgAMGAAMGAAMGAAwIABwIABAAMGAAMGAAwYAAwYADBgADBgADBgAMCAAcCAAQADBgADBgAMGAAMGAAwYAAwYAAwYADAgAHAgAEAAwYAAwYADBgADBgAMGAAMGAAMGAAwIABwIABAAMGAAMGAAwYAAwYADBgADBgADBgAMCAAcCAAQADBgADBgAMGAAMGAAwYAAwYADAgAHAgAHAgAEAAwYAAwYADBgADBgAMGAAMGAAoOoBvh0FaqwwF9kAAAAASUVORK5CYII=\"\/><\/p>\n<p>Koncert \u201eWroc\u0142aw Przysz\u0142o\u015bci\u201d. Edyta G\u00f3rniak nie chcia\u0142a z ni\u0105 za\u015bpiewa\u0107<\/p>\n<p>W koncercie \u201eWroc\u0142aw Przysz\u0142o\u015bci\u201d od pocz\u0105tku chodzi o zderzenie \u015bwiat\u00f3w wielkie, klasyczne g\u0142osy i popowe przeboje w nowych interpretacjach. W\u0142a\u015bnie dlatego w planach mia\u0142 si\u0119 pojawi\u0107 duet Edyty G\u00f3rniak i Alicji Szempli\u0144skiej. Po\u0142\u0105czenie, kt\u00f3re naturalnie rozbudza oczekiwania, bo obie artystki maj\u0105 za sob\u0105 w\u0105tek eurowizyjny.<\/p>\n<p>Z relacji osoby z produkcji wynika jednak, \u017ce do takiego po\u0142\u0105czenia nie dosz\u0142o, bo Edyta G\u00f3rniak nie wyrazi\u0142a zgody na wsp\u00f3lny wyst\u0119p. Co istotne, wed\u0142ug tej samej relacji nie pojawi\u0142 si\u0119 \u017caden konkretny pow\u00f3d odmowy. Konieczna by\u0142a zmiana.<\/p>\n<p>Nie poda\u0142a \u017cadnego konkretnego powodu<br \/>&#8211; przekaza\u0142a osoba zwi\u0105zana z produkcj\u0105 na \u0142amach \u201eFaktu\u201d.<\/p>\n<p>Alicja Szempli\u0144ska wyst\u0105pi z Andrzejem Piasecznym na koncercie\u00a0\u201eWroc\u0142aw Przysz\u0142o\u015bci\u201d<\/p>\n<p>Po zmianach Alicja Szempli\u0144ska ma wyst\u0105pi\u0107 w duecie z Andrzejem Piasecznym. Organizatorzy od pocz\u0105tku zapowiadali, \u017ce tego wieczoru w duecie maj\u0105 \u015bpiewa\u0107 najwi\u0119ksze nazwiska polskiej sceny. W\u015br\u00f3d uczestnik\u00f3w koncertu wymieniani s\u0105 m.in. Margaret, Jakub J\u00f3zef Orli\u0144ski, Edyta G\u00f3rniak, Alicja Szempli\u0144ska, Andrzej Piaseczny, Ralph Kaminski oraz Janusz Radek.<\/p>\n<p>Zakulisowe spi\u0119cia zawsze budz\u0105 ciekawo\u015b\u0107 widz\u00f3w. Warto przypomnie\u0107, \u017ce niedawno <a href=\"https:\/\/party.pl\/newsy\/wyciekly-kulisy-ugody-bagiego-i-edwarda-miszczaka-wytlumaczyl-ze-nie-chcial-podkopywac-polsatu\/\" rel=\"nofollow noopener\" target=\"_blank\">wyciek\u0142y kulisy\u00a0ugody Bagiego i Edwarda Miszczaka<\/a>.<\/p>\n<p>W\u015br\u00f3d duet\u00f3w, kt\u00f3re maj\u0105 pojawi\u0107 si\u0119 na scenie, wskazywane s\u0105 zestawienia: Edyta G\u00f3rniak i Gracjana G\u00f3rka (finalistka \u201eMust Be The Music\u201d), Margaret i Jadwiga Postro\u017cna, Ralph Kaminski i Jakub J\u00f3zef Orli\u0144ski oraz Andrzej Piaseczny i Adam Michalak. Koncert odb\u0119dzie si\u0119 na Placu Wolno\u015bci we Wroc\u0142awiu, a transmisja ma ruszy\u0107 we wtorek 30 czerwca o 19:55.<\/p>\n<p>Zobacz tak\u017ce:<\/p>\n<p>\u00a0<\/p>\n","protected":false},"excerpt":{"rendered":"We wtorek wieczorem widzowie stacji Polsat obejrz\u0105 transmisj\u0119 koncertu Wroc\u0142aw Przysz\u0142o\u015bci. Na imprezie muzycznej wyst\u0105pi\u0105 duety znanych tw\u00f3rc\u00f3w,&hellip;\n","protected":false},"author":2,"featured_media":526617,"comment_status":"","ping_status":"","sticky":false,"template":"","format":"standard","meta":{"footnotes":"","_share_on_mastodon":"0"},"categories":[51607],"tags":[81824,32,102986,552,509,2921,42,38,40,263,39,41,1853],"class_list":["post-526616","post","type-post","status-publish","format-standard","has-post-thumbnail","category-wroclaw","tag-alicja-szempliu0144ska","tag-breaking-news","tag-edyta-gu00f3rniak","tag-eurowizja","tag-gwiazdy","tag-koncert","tag-pl","tag-poland","tag-polish","tag-polsat","tag-polska","tag-polski","tag-wroclaw"],"share_on_mastodon":{"url":"https:\/\/pubeurope.com\/@pl\/116840328490603760","error":""},"_links":{"self":[{"href":"https:\/\/www.europesays.com\/pl\/wp-json\/wp\/v2\/posts\/526616","targetHints":{"allow":["GET"]}}],"collection":[{"href":"https:\/\/www.europesays.com\/pl\/wp-json\/wp\/v2\/posts"}],"about":[{"href":"https:\/\/www.europesays.com\/pl\/wp-json\/wp\/v2\/types\/post"}],"author":[{"embeddable":true,"href":"https:\/\/www.europesays.com\/pl\/wp-json\/wp\/v2\/users\/2"}],"replies":[{"embeddable":true,"href":"https:\/\/www.europesays.com\/pl\/wp-json\/wp\/v2\/comments?post=526616"}],"version-history":[{"count":0,"href":"https:\/\/www.europesays.com\/pl\/wp-json\/wp\/v2\/posts\/526616\/revisions"}],"wp:featuredmedia":[{"embeddable":true,"href":"https:\/\/www.europesays.com\/pl\/wp-json\/wp\/v2\/media\/526617"}],"wp:attachment":[{"href":"https:\/\/www.europesays.com\/pl\/wp-json\/wp\/v2\/media?parent=526616"}],"wp:term":[{"taxonomy":"category","embeddable":true,"href":"https:\/\/www.europesays.com\/pl\/wp-json\/wp\/v2\/categories?post=526616"},{"taxonomy":"post_tag","embeddable":true,"href":"https:\/\/www.europesays.com\/pl\/wp-json\/wp\/v2\/tags?post=526616"}],"curies":[{"name":"wp","href":"https:\/\/api.w.org\/{rel}","templated":true}]}}