{"id":527297,"date":"2026-07-01T01:07:12","date_gmt":"2026-07-01T01:07:12","guid":{"rendered":"https:\/\/www.europesays.com\/pl\/527297\/"},"modified":"2026-07-01T01:07:12","modified_gmt":"2026-07-01T01:07:12","slug":"binjamin-netanjahu-nie-wycofamy-sie-z-libanu-dopoki-zagraza-nam-hezbollah","status":"publish","type":"post","link":"https:\/\/www.europesays.com\/pl\/527297\/","title":{"rendered":"Binjamin Netanjahu: nie wycofamy si\u0119 z Libanu, dop\u00f3ki zagra\u017ca nam Hezbollah"},"content":{"rendered":"<p>\u2014 Tak d\u0142ugo, jak b\u0119dzie tutaj uzbrojony Hezbollah, my r\u00f3wnie\u017c tutaj pozostaniemy \u2014 powiedzia\u0142 we wtorek Binjamin Netanjahu \u017co\u0142nierzom okupuj\u0105cym po\u0142udnie Libanu. Izraelska armia stworzy\u0142a tam si\u0119gaj\u0105c\u0105 ok. 10 km w g\u0142\u0105b kraju &#8222;stref\u0119 bezpiecze\u0144stwa&#8221;.<\/p>\n<p>Premier Izraela zwr\u00f3ci\u0142 si\u0119 przy tym bezpo\u015brednio do Iranu i Hezbollahu. \u2014 Wyno\u015bcie si\u0119 st\u0105d, nie ma tutaj dla was miejsca. S\u0105 dwa suwerenne pa\u0144stwa, kt\u00f3re chc\u0105 \u017cy\u0107 w pokoju, chc\u0105 bezpiecze\u0144stwa i dobrobytu zar\u00f3wno dla mieszka\u0144c\u00f3w p\u00f3\u0142nocnego Izraela, jak i po\u0142udniowego Libanu \u2014 podkre\u015bli\u0142.<\/p>\n<p> Dalszy ci\u0105g artyku\u0142u pod materia\u0142em wideo      Hezbollah atakowa\u0142 Izrael. Izrael okupuje po\u0142udniowy Liban<\/p>\n<p>Po\u0142udnie Libanu by\u0142o przez dekady kontrolowane przez szyicki Hezbollah, kt\u00f3ry stworzy\u0142 tam quasi-pa\u0144stwo. Wspierana przez Teheran grupa stoczy\u0142a wiele konflikt\u00f3w z Izraelem, z kt\u00f3rych ostatni rozpocz\u0105\u0142 si\u0119 na pocz\u0105tku marca, wraz z wojn\u0105 USA i Izraela z Iranem. Ugrupowanie atakowa\u0142o p\u00f3\u0142nocny Izrael, co spotka\u0142o si\u0119 ze stanowcz\u0105 reakcj\u0105 izraelskiej armii, kt\u00f3ra zaj\u0119\u0142a fragment po\u0142udnia Libanu.<\/p>\n<p>W trwaj\u0105cych od 2 marca walkach w Libanie zgin\u0119\u0142o 4257 mieszka\u0144c\u00f3w tego pa\u0144stwa \u2014 poinformowa\u0142o w poniedzia\u0142ek ministerstwo zdrowia w Bejrucie. W konflikcie zgin\u0119\u0142o te\u017c 36 izraelskich \u017co\u0142nierzy i czworo cywil\u00f3w \u2014 doda\u0142a BBC. Od marca z po\u0142udnia Libanu uciek\u0142o ok. miliona os\u00f3b, w ostatnich dniach ok. 400 tys. z nich powr\u00f3ci\u0142o na ten teren \u2014 poinformowa\u0142 we wtorek Reuters.<\/p>\n<p>Od tygodni formalnie trwa rozejm, kt\u00f3ry jednak nigdy w pe\u0142ni nie wszed\u0142 w \u017cycie, a Izrael i Hezbollah kontynuowa\u0142y ostrza\u0142y, r\u00f3wnie\u017c w ostatnich dniach. R\u00f3wnoleg\u0142e w Waszyngtonie toczy\u0142y si\u0119 prowadzone pod patronatem USA negocjacje mi\u0119dzy rz\u0105dami Izraela i Libanu.<\/p>\n<p>     Porozumienie Izraela i Libanu w WaszyngtonieW pi\u0105tek przedstawiciele Izraela i Libanu <a href=\"https:\/\/wiadomosci.onet.pl\/swiat\/izrael-i-liban-podpisaly-porozumienie-hezbollah-mowi-o-upokorzeniu\/fvv4lsc\" id=\"19031770-9a2c-40b8-84f5-5f842b966011\" rel=\"nofollow noopener\" target=\"_blank\">podpisali w Waszyngtonie porozumienie, kt\u00f3re ma doprowadzi\u0107 do trwa\u0142ego pokoju<\/a>. Dokument zak\u0142ada r\u00f3wnie\u017c docelowe przekazanie kontroli nad ca\u0142ym terytorium pa\u0144stwa w\u0142adzom w Bejrucie po rozbrojeniu niekontrolowanych przez nie grup zbrojnych.<\/p>\n<p>Hezbollah sprzeciwia\u0142 si\u0119 negocjacjom rz\u0105du z Izraelem i og\u0142osi\u0142, \u017ce umowa jest niewa\u017cna. Uznawana przez Zach\u00f3d za organizacj\u0119 terrorystyczn\u0105 grupa odmawia te\u017c z\u0142o\u017cenia broni, do czego jest wzywana przez liba\u0144skie w\u0142adze.<\/p>\n<p>Sprawa Libanu jest te\u017c punktem spornym negocjacji ira\u0144sko-ameryka\u0144skich, kt\u00f3re maj\u0105 zako\u0144czy\u0107 rozpocz\u0119t\u0105 28 lutego wojn\u0119 tych pa\u0144stw. Na razie przyj\u0119to wst\u0119pne porozumienie, kt\u00f3re ma doprowadzi\u0107 do ostatecznej umowy. Przedstawiciele w\u0142adz Iranu deklarowali, \u017ce wycofanie si\u0119 Izraela z po\u0142udnia Libanu jest dla nich warunkiem brzegowym ko\u0144cowego porozumienia z USA.<\/p>\n","protected":false},"excerpt":{"rendered":"\u2014 Tak d\u0142ugo, jak b\u0119dzie tutaj uzbrojony Hezbollah, my r\u00f3wnie\u017c tutaj pozostaniemy \u2014 powiedzia\u0142 we wtorek Binjamin Netanjahu&hellip;\n","protected":false},"author":2,"featured_media":527298,"comment_status":"","ping_status":"","sticky":false,"template":"","format":"standard","meta":{"footnotes":"","_share_on_mastodon":"0"},"categories":[14],"tags":[343,61195,32,33,27,3660,91,34,35,3659,28,31,48,25,46,40,41,47,80,29,30,4396,26,82,83,84],"class_list":["post-527297","post","type-post","status-publish","format-standard","has-post-thumbnail","category-swiat","tag-binjamin_netanjahu","tag-bottomfeed_styl","tag-breaking-news","tag-breakingnews","tag-headlines","tag-hezbollah","tag-izrael","tag-latest-news","tag-latestnews","tag-liban","tag-naglowki","tag-najwazniejsze-artykuly","tag-nat_styl","tag-news","tag-omp","tag-polish","tag-polski","tag-screening_general","tag-swiat","tag-top-stories","tag-topstories","tag-waszyngton","tag-wiadomosci","tag-world","tag-world-news","tag-worldnews"],"share_on_mastodon":{"url":"https:\/\/pubeurope.com\/@pl\/116842046784480178","error":""},"_links":{"self":[{"href":"https:\/\/www.europesays.com\/pl\/wp-json\/wp\/v2\/posts\/527297","targetHints":{"allow":["GET"]}}],"collection":[{"href":"https:\/\/www.europesays.com\/pl\/wp-json\/wp\/v2\/posts"}],"about":[{"href":"https:\/\/www.europesays.com\/pl\/wp-json\/wp\/v2\/types\/post"}],"author":[{"embeddable":true,"href":"https:\/\/www.europesays.com\/pl\/wp-json\/wp\/v2\/users\/2"}],"replies":[{"embeddable":true,"href":"https:\/\/www.europesays.com\/pl\/wp-json\/wp\/v2\/comments?post=527297"}],"version-history":[{"count":0,"href":"https:\/\/www.europesays.com\/pl\/wp-json\/wp\/v2\/posts\/527297\/revisions"}],"wp:featuredmedia":[{"embeddable":true,"href":"https:\/\/www.europesays.com\/pl\/wp-json\/wp\/v2\/media\/527298"}],"wp:attachment":[{"href":"https:\/\/www.europesays.com\/pl\/wp-json\/wp\/v2\/media?parent=527297"}],"wp:term":[{"taxonomy":"category","embeddable":true,"href":"https:\/\/www.europesays.com\/pl\/wp-json\/wp\/v2\/categories?post=527297"},{"taxonomy":"post_tag","embeddable":true,"href":"https:\/\/www.europesays.com\/pl\/wp-json\/wp\/v2\/tags?post=527297"}],"curies":[{"name":"wp","href":"https:\/\/api.w.org\/{rel}","templated":true}]}}