{"id":527383,"date":"2026-07-01T02:18:08","date_gmt":"2026-07-01T02:18:08","guid":{"rendered":"https:\/\/www.europesays.com\/pl\/527383\/"},"modified":"2026-07-01T02:18:08","modified_gmt":"2026-07-01T02:18:08","slug":"wakacyjne-targi-fantastyki-gdansk-2026-w-skladach","status":"publish","type":"post","link":"https:\/\/www.europesays.com\/pl\/527383\/","title":{"rendered":"Wakacyjne Targi Fantastyki &#8211; Gda\u0144sk 2026 w Sk\u0142adach"},"content":{"rendered":"<p class=\"atomsHappeningContent__desc\">Wakacyjne Targi Fantastyki &#8211; Gda\u0144sk 2026<br \/>S\u0142o\u0144ce, lato i fantastyka! Ju\u017c 8-9 sierpnia 2026 zapraszamy do AMBEREXPO w Gda\u0144sku na Wakacyjne Targi Fantastyki \u2013 wyj\u0105tkow\u0105, letni\u0105 ods\u0142on\u0119 najbardziej fantastycznego cyklu targ\u00f3w w Polsce.<br \/>Przez dwa dni przeniesiesz si\u0119 do \u015bwiata pe\u0142nego magii, popkultury, cosplayu, gier, r\u0119kodzie\u0142a i niezwyk\u0142ych ludzi, kt\u00f3rzy dziel\u0105 t\u0119 sam\u0105 pasj\u0119. Niezale\u017cnie od tego, czy jeste\u015b fanem fantasy, anime, mangi, gier komputerowych, plansz\u00f3wek, ksi\u0105\u017cek czy po prostu lubisz odkrywa\u0107 niepowtarzalne rzeczy \u2013 znajdziesz tu co\u015b dla siebie.<br \/>Ponad 250 Stoisk Wystawc\u00f3w!<br \/>W sercu wydarzenia czeka na Ciebie ponad 250 Wystawc\u00f3w z ca\u0142ej Polski. To setki stoisk pe\u0142nych autorskich produkt\u00f3w, ilustracji, r\u0119cznie robionej bi\u017cuterii, ubra\u0144, ksi\u0105\u017cek, plansz\u00f3wek, kosmetyk\u00f3w, figurek oraz gad\u017cet\u00f3w, kt\u00f3rych nie znajdziesz w tradycyjnych sklepach.<br \/>To doskona\u0142a okazja, aby pozna\u0107 tw\u00f3rc\u00f3w osobi\u015bcie, porozmawia\u0107 z nimi i odkry\u0107 prawdziwe pere\u0142ki tworzone z pasji.<br \/>Ale to nie wszystko\u2026<br \/>To wydarzenie to nie tylko zakupy \u2013 to spotkania, rozmowy i masa atrakcji. Na Targach Fantastyki znajdziesz Stref\u0119 Gier Planszowych, Stref\u0119 Gamingow\u0105, Stref\u0119 Cosplay, Stref\u0119 Relaksu, Stref\u0119 Gier Retro, Stref\u0119 Gastronomiczn\u0105 ze smako\u0142ykami inspirowanymi popkultur\u0105 oraz Stref\u0119 Foodtruck\u00f3w z jedzeniem z ca\u0142ego \u015bwiata!<br \/>Fantastyczna Strefa Cosplay<br \/>Wakacyjne Targi Fantastyki to miejsce spotka\u0144 z uznanymi cosplayerami i tw\u00f3rcami internetowymi. W Fantastycznej Strefie Cosplay czekaj\u0105 na Ciebie:<br \/>&#8211; spotkania z go\u015b\u0107mi,<br \/>&#8211; prelekcje i panele tematyczne,<br \/>&#8211; autografy i wsp\u00f3lne zdj\u0119cia,<br \/>&#8211; przestrze\u0144 do poprawienia cosplayu (w tym przebieralnie!),<br \/>&#8211; profesjonalne studio fotograficzne MLC Cosplay Foto,<br \/>&#8211; Fantastyczna Strefa Foto z wyj\u0105tkow\u0105 wakacyjn\u0105 scenografi\u0105.<br \/>Niezale\u017cnie od tego, czy tworzysz cosplay od lat, czy dopiero zaczynasz swoj\u0105 przygod\u0119 \u2013 znajdziesz tu mn\u00f3stwo inspiracji.<\/p>\n<p>Strefy Gier.<br \/>Fani grania tak\u017ce znajd\u0105 co\u015b dla siebie!<br \/>Gamesroom z grami planszowymi i karcianymi przygotowany we wsp\u00f3\u0142pracy z Ravensburger i Disney Lorcana.<br \/>Fantastyczna Strefa Gamingowa z grami na konsole i PC, najnowszymi tytu\u0142ami oraz turniejami i wyzwaniami tworzona przez Agencj\u0119 CFA!<br \/>Strefa Gier Retro to gratka dla wszystkich mi\u0142o\u015bnik\u00f3w klasycznego gamingu \u2013 czekaj\u0105 tu kultowe konsole, legendarne tytu\u0142y i mo\u017cliwo\u015b\u0107 powrotu do czas\u00f3w, gdy piksele i zr\u0119czno\u015b\u0107 by\u0142y najwa\u017cniejsze.<\/p>\n<p>Strefa Gastro i Relaksu.<br \/>Po intensywnym zwiedzaniu nie zapomnij wpa\u015b\u0107 do Strefy Gastronomicznej oraz Strefy Foodtruck\u00f3w. Na miejscu znajdziesz m.in. bubble tea, ramen, taiyaki, bu\u0142eczki bao i wiele innych przysmak\u00f3w inspirowanych kuchniami \u015bwiata.<br \/>Potrzebujesz chwili odpoczynku? W Strefie Relaksu czekaj\u0105 na Ciebie wygodne le\u017caki i wakacyjna atmosfera.<br \/>To wszystko i jeszcze wi\u0119cej \u2013 w jednym miejscu, przez ca\u0142y weekend.<br \/>Widzimy si\u0119 na Wakacyjnych Targach Fantastyki &#8211; nie mo\u017ce Ci\u0119 zabrakn\u0105\u0107!<br \/>Godziny otwarcia wydarzenia:<br \/>Sobota: 10:00\u201320:00<br \/>Niedziela: 10:00\u201318:00.<\/p>\n","protected":false},"excerpt":{"rendered":"Wakacyjne Targi Fantastyki &#8211; Gda\u0144sk 2026S\u0142o\u0144ce, lato i fantastyka! Ju\u017c 8-9 sierpnia 2026 zapraszamy do AMBEREXPO w Gda\u0144sku&hellip;\n","protected":false},"author":2,"featured_media":527384,"comment_status":"","ping_status":"","sticky":false,"template":"","format":"standard","meta":{"footnotes":"","_share_on_mastodon":"0"},"categories":[51610],"tags":[6226,1048,10195,42,38,40,39,41,23991,90472,22920],"class_list":["post-527383","post","type-post","status-publish","format-standard","has-post-thumbnail","category-gdansk","tag-bilety","tag-gdansk","tag-impreza","tag-pl","tag-poland","tag-polish","tag-polska","tag-polski","tag-sklady","tag-targi-i-konferencje","tag-wydarzenie"],"share_on_mastodon":{"url":"https:\/\/pubeurope.com\/@pl\/116842325939382880","error":""},"_links":{"self":[{"href":"https:\/\/www.europesays.com\/pl\/wp-json\/wp\/v2\/posts\/527383","targetHints":{"allow":["GET"]}}],"collection":[{"href":"https:\/\/www.europesays.com\/pl\/wp-json\/wp\/v2\/posts"}],"about":[{"href":"https:\/\/www.europesays.com\/pl\/wp-json\/wp\/v2\/types\/post"}],"author":[{"embeddable":true,"href":"https:\/\/www.europesays.com\/pl\/wp-json\/wp\/v2\/users\/2"}],"replies":[{"embeddable":true,"href":"https:\/\/www.europesays.com\/pl\/wp-json\/wp\/v2\/comments?post=527383"}],"version-history":[{"count":0,"href":"https:\/\/www.europesays.com\/pl\/wp-json\/wp\/v2\/posts\/527383\/revisions"}],"wp:featuredmedia":[{"embeddable":true,"href":"https:\/\/www.europesays.com\/pl\/wp-json\/wp\/v2\/media\/527384"}],"wp:attachment":[{"href":"https:\/\/www.europesays.com\/pl\/wp-json\/wp\/v2\/media?parent=527383"}],"wp:term":[{"taxonomy":"category","embeddable":true,"href":"https:\/\/www.europesays.com\/pl\/wp-json\/wp\/v2\/categories?post=527383"},{"taxonomy":"post_tag","embeddable":true,"href":"https:\/\/www.europesays.com\/pl\/wp-json\/wp\/v2\/tags?post=527383"}],"curies":[{"name":"wp","href":"https:\/\/api.w.org\/{rel}","templated":true}]}}